{"id":15042,"date":"2022-09-09T08:15:42","date_gmt":"2022-09-09T11:15:42","guid":{"rendered":"http:\/\/www.sinprofaz.org.br\/?p=15042"},"modified":"2022-09-12T09:20:24","modified_gmt":"2022-09-12T12:20:24","slug":"eleicoes-2022-conheca-os-candidatos-que-se-comprometeram-com-os-servidores-publicos","status":"publish","type":"post","link":"https:\/\/sinprofaz.org.br\/2024\/noticias\/eleicoes-2022-conheca-os-candidatos-que-se-comprometeram-com-os-servidores-publicos\/","title":{"rendered":"ELEI\u00c7\u00d5ES 2022: CONHE\u00c7A OS CANDIDATOS QUE SE COMPROMETERAM COM OS SERVIDORES P\u00daBLICOS"},"content":{"rendered":"<p>Com o intuito de conhecer e promover as candidaturas alinhadas \u00e0s pautas dos servidores p\u00fablicos, o F\u00f3rum Nacional Permanente de Carreiras T\u00edpicas de Estado &#8211; Fonacate lan\u00e7ou uma Carta de Princ\u00edpios (<a href=\"https:\/\/fonacate.org.br\/wp-content\/uploads\/2022\/08\/Carta-de-Principios_220525_130525.pdf\">bit.ly\/3DpHZFV<\/a>). O documento &#8211; cujas propostas est\u00e3o centradas, entre outros, no fortalecimento do Estado democr\u00e1tico e na valoriza\u00e7\u00e3o dos servidores &#8211; foi subscrito por candidatos comprometidos com o funcionalismo.<\/p>\n<p>Entre os que assinaram a Carta, est\u00e3o tr\u00eas filiados ao SINPROFAZ, ambos candidatos a deputado federal. A eles, o SINPROFAZ agradece pelo comprometimento com a Carreira e com as demais categorias do funcionalismo p\u00fablico e deseja muito sucesso no pleito! Conhe\u00e7a os candidatos do seu Estado que subscreveram a Carta de Princ\u00edpios do Fonacate: <a href=\"https:\/\/fonacate.org.br\/wp-content\/uploads\/2022\/09\/Lista-candidatos_eleicoes2022_5.pdf\">bit.ly\/3KYBkUz<\/a><\/p>\n","protected":false},"excerpt":{"rendered":"<p>Com o intuito de conhecer as candidaturas alinhadas \u00e0s pautas dos servidores, o Fonacate lan\u00e7ou uma Carta de Princ\u00edpios. O documento foi subscrito por candidatos comprometidos com o funcionalismo.<\/p>\n","protected":false},"author":2,"featured_media":11173,"comment_status":"open","ping_status":"open","sticky":false,"template":"","format":"standard","meta":{"footnotes":""},"categories":[8],"tags":[93,122,146,25],"featured_image_url":"https:\/\/sinprofaz.org.br\/2024\/wp-content\/uploads\/2020\/02\/logo-fonacate.png","character_count":403,"formatted_date":"09\/09\/2022 - 08:15","contentNovo":"Com o intuito de conhecer e promover as candidaturas alinhadas \u00e0s pautas dos servidores p\u00fablicos, o F\u00f3rum Nacional Permanente de Carreiras T\u00edpicas de Estado - Fonacate lan\u00e7ou uma Carta de Princ\u00edpios (<a href=\"https:\/\/fonacate.org.br\/wp-content\/uploads\/2022\/08\/Carta-de-Principios_220525_130525.pdf\">bit.ly\/3DpHZFV<\/a>). O documento - cujas propostas est\u00e3o centradas, entre outros, no fortalecimento do Estado democr\u00e1tico e na valoriza\u00e7\u00e3o dos servidores - foi subscrito por candidatos comprometidos com o funcionalismo.\r\n\r\nEntre os que assinaram a Carta, est\u00e3o tr\u00eas filiados ao SINPROFAZ, ambos candidatos a deputado federal. A eles, o SINPROFAZ agradece pelo comprometimento com a Carreira e com as demais categorias do funcionalismo p\u00fablico e deseja muito sucesso no pleito! Conhe\u00e7a os candidatos do seu Estado que subscreveram a Carta de Princ\u00edpios do Fonacate: <a href=\"https:\/\/fonacate.org.br\/wp-content\/uploads\/2022\/09\/Lista-candidatos_eleicoes2022_5.pdf\">bit.ly\/3KYBkUz<\/a>","_links":{"self":[{"href":"https:\/\/sinprofaz.org.br\/2024\/wp-json\/wp\/v2\/posts\/15042"}],"collection":[{"href":"https:\/\/sinprofaz.org.br\/2024\/wp-json\/wp\/v2\/posts"}],"about":[{"href":"https:\/\/sinprofaz.org.br\/2024\/wp-json\/wp\/v2\/types\/post"}],"author":[{"embeddable":true,"href":"https:\/\/sinprofaz.org.br\/2024\/wp-json\/wp\/v2\/users\/2"}],"replies":[{"embeddable":true,"href":"https:\/\/sinprofaz.org.br\/2024\/wp-json\/wp\/v2\/comments?post=15042"}],"version-history":[{"count":4,"href":"https:\/\/sinprofaz.org.br\/2024\/wp-json\/wp\/v2\/posts\/15042\/revisions"}],"predecessor-version":[{"id":15055,"href":"https:\/\/sinprofaz.org.br\/2024\/wp-json\/wp\/v2\/posts\/15042\/revisions\/15055"}],"wp:featuredmedia":[{"embeddable":true,"href":"https:\/\/sinprofaz.org.br\/2024\/wp-json\/wp\/v2\/media\/11173"}],"wp:attachment":[{"href":"https:\/\/sinprofaz.org.br\/2024\/wp-json\/wp\/v2\/media?parent=15042"}],"wp:term":[{"taxonomy":"category","embeddable":true,"href":"https:\/\/sinprofaz.org.br\/2024\/wp-json\/wp\/v2\/categories?post=15042"},{"taxonomy":"post_tag","embeddable":true,"href":"https:\/\/sinprofaz.org.br\/2024\/wp-json\/wp\/v2\/tags?post=15042"}],"curies":[{"name":"wp","href":"https:\/\/api.w.org\/{rel}","templated":true}]}}