{"id":1504,"date":"2013-10-18T20:03:07","date_gmt":"2013-10-18T20:03:07","guid":{"rendered":""},"modified":"-0001-11-30T00:00:00","modified_gmt":"-0001-11-30T03:00:00","slug":"sinprofaz-sorteia-vagas-para-o-xxvii-congresso-brasileiro-de-direito-tributario","status":"publish","type":"post","link":"https:\/\/sinprofaz.org.br\/2024\/noticias\/sinprofaz-sorteia-vagas-para-o-xxvii-congresso-brasileiro-de-direito-tributario\/","title":{"rendered":"SINPROFAZ sorteia vagas para o XXVII Congresso Brasileiro de Direito Tribut\u00e1rio"},"content":{"rendered":"<p>Os PFNs agraciados com as vagas ofertadas pelo SINPROFAZ foram: Luciana Muggiati dos Santos (Curitiba\/PR), Matheus Carneiro Assun\u00e7\u00e3o (S\u00e3o Paulo\/SP), Hye Jin Kim (S\u00e3o Paulo\/SP) e Leonardo Henrique Borges Ortega (S\u00e3o Paulo\/SP).<\/p>\n<p>O sorteio aconteceu no gabinete da Procuradora Regional da PRFN da 3\u00aa Regi\u00e3o, Simone Aparecida Vencigueri Azeredo, e foi acompanhado pelas Colegas Maria Carolina de Medeiros Redi e S\u00edlvia Regina Ferreira Giordano, ambas lotadas na DIDE2\/PRFN da 3\u00aa Regi\u00e3o.<\/p>\n<p><a href=\"cejuris\/o-cejuris\">Confira aqui<\/a> a ata do sorteio.<\/p>\n","protected":false},"excerpt":{"rendered":"<p>Evento ocorrer\u00e1 entre os dias 23 e 25 de outubro em S\u00e3o Paulo. Quatro Procuradores da Fazenda foram contemplados em sorteio realizado ontem, 17\/10, na PRFN3.<\/p>\n","protected":false},"author":1,"featured_media":0,"comment_status":"closed","ping_status":"open","sticky":false,"template":"","format":"standard","meta":{"footnotes":""},"categories":[8],"tags":[],"featured_image_url":"https:\/\/dummyimage.com\/720x400","character_count":262,"formatted_date":"18\/10\/2013 - 20:03","contentNovo":"\r\n<p>Os PFNs agraciados com as vagas ofertadas pelo SINPROFAZ foram: Luciana Muggiati dos Santos (Curitiba\/PR), Matheus Carneiro Assun\u00e7\u00e3o (S\u00e3o Paulo\/SP), Hye Jin Kim (S\u00e3o Paulo\/SP) e Leonardo Henrique Borges Ortega (S\u00e3o Paulo\/SP).<\/p>\r\n<p>O sorteio aconteceu no gabinete da Procuradora Regional da PRFN da 3\u00aa Regi\u00e3o, Simone Aparecida Vencigueri Azeredo, e foi acompanhado pelas Colegas Maria Carolina de Medeiros Redi e S\u00edlvia Regina Ferreira Giordano, ambas lotadas na DIDE2\/PRFN da 3\u00aa Regi\u00e3o.<\/p>\r\n<p><a href=\"cejuris\/o-cejuris\">Confira aqui<\/a> a ata do sorteio.<\/p>","_links":{"self":[{"href":"https:\/\/sinprofaz.org.br\/2024\/wp-json\/wp\/v2\/posts\/1504"}],"collection":[{"href":"https:\/\/sinprofaz.org.br\/2024\/wp-json\/wp\/v2\/posts"}],"about":[{"href":"https:\/\/sinprofaz.org.br\/2024\/wp-json\/wp\/v2\/types\/post"}],"author":[{"embeddable":true,"href":"https:\/\/sinprofaz.org.br\/2024\/wp-json\/wp\/v2\/users\/1"}],"replies":[{"embeddable":true,"href":"https:\/\/sinprofaz.org.br\/2024\/wp-json\/wp\/v2\/comments?post=1504"}],"version-history":[{"count":0,"href":"https:\/\/sinprofaz.org.br\/2024\/wp-json\/wp\/v2\/posts\/1504\/revisions"}],"wp:attachment":[{"href":"https:\/\/sinprofaz.org.br\/2024\/wp-json\/wp\/v2\/media?parent=1504"}],"wp:term":[{"taxonomy":"category","embeddable":true,"href":"https:\/\/sinprofaz.org.br\/2024\/wp-json\/wp\/v2\/categories?post=1504"},{"taxonomy":"post_tag","embeddable":true,"href":"https:\/\/sinprofaz.org.br\/2024\/wp-json\/wp\/v2\/tags?post=1504"}],"curies":[{"name":"wp","href":"https:\/\/api.w.org\/{rel}","templated":true}]}}