{"id":15028,"date":"2022-09-05T09:14:57","date_gmt":"2022-09-05T12:14:57","guid":{"rendered":"http:\/\/www.sinprofaz.org.br\/?p=15028"},"modified":"2022-09-06T11:04:24","modified_gmt":"2022-09-06T14:04:24","slug":"filiado-ronaldo-campos-lanca-a-obra-financas-publicas-e-desenvolvimento","status":"publish","type":"post","link":"https:\/\/sinprofaz.org.br\/2024\/noticias\/filiado-ronaldo-campos-lanca-a-obra-financas-publicas-e-desenvolvimento\/","title":{"rendered":"FILIADO RONALDO CAMPOS LAN\u00c7A A OBRA &#8220;FINAN\u00c7AS P\u00daBLICAS E DESENVOLVIMENTO&#8221;"},"content":{"rendered":"<p>O SINPROFAZ apresenta, \u00e0s procuradoras e aos procuradores da Fazenda Nacional, a obra &#8220;Finan\u00e7as P\u00fablicas e Desenvolvimento &#8211; Caminhos para superar o modelo neoliberal de atraso e desigualdade&#8221;, de autoria do filiado Ronaldo Campos e Silva. Editado pela Lumen Juris, o livro ser\u00e1 lan\u00e7ado no dia 19 de setembro, \u00e0s 17h, em encontro na Livraria Cultura da Rua do Ouvidor, centro do Rio de Janeiro\/RJ. Toda a Carreira est\u00e1 convidada para prestigiar!<\/p>\n<p>A referida obra pretende desvendar o modo pelo qual a ideologia neoliberal vem orientando as finan\u00e7as p\u00fablicas brasileiras a partir do estabelecimento de consensos em torno de exig\u00eancias como teto de gastos, equil\u00edbrio or\u00e7ament\u00e1rio e metas de super\u00e1vit prim\u00e1rio &#8211; os quais v\u00eam produzindo baixos n\u00edveis de crescimento econ\u00f4mico, al\u00e9m de d\u00e9ficits p\u00fablicos e desigualdade. As ideias presentes no livro pretendem oferecer a perspectiva de que as finan\u00e7as p\u00fablicas devem ser instrumentais, de modo a viabilizar pol\u00edticas fiscais que produzam desenvolvimento, igualdade e justi\u00e7a.<\/p>\n<p>Ao longo da obra, questiona-se o suposto princ\u00edpio do equil\u00edbrio or\u00e7ament\u00e1rio, que, segundo o autor, n\u00e3o deve ser perseguido em todos os momentos dos ciclos econ\u00f4micos. O livro tamb\u00e9m investiga como a Teoria Monet\u00e1ria Moderna pode oferecer ferramentas \u00fateis para a compreens\u00e3o e administra\u00e7\u00e3o das finan\u00e7as p\u00fablicas brasileiras. Nesse sentido, Ronaldo Campos prop\u00f5e, como forma de conter o aprofundamento da desigualdade, que sejam retomados os compromissos pol\u00edticos com a progressividade tribut\u00e1ria, o est\u00edmulo da demanda pelo gasto p\u00fablico e os investimentos em infraestrutura social.<\/p>\n<p>Para saber mais sobre a obra, acesse: <a href=\"https:\/\/lumenjuris.com.br\/direito-financeiro-e-tributario\/financas-publicas-e-desenvolvimento-2022-3488\/p\">https:\/\/lumenjuris.com.br\/direito-financeiro-e-tributario\/financas-publicas-e-desenvolvimento-2022-3488\/p<\/a><\/p>\n<p><strong>LAN\u00c7AMENTO<\/strong><br \/>\n<em><strong>Finan\u00e7as P\u00fablicas e Desenvolvimento &#8211; Caminhos para superar o modelo neoliberal de atraso e desigualdade<\/strong><\/em><br \/>\n<strong>De autoria do PFN Ronaldo Campos e Silva<\/strong><br \/>\n<strong>Dia 19 de setembro, \u00e0s 17h, na Livraria Cultura<\/strong><br \/>\n<strong>Rua do Ouvidor, Centro, Rio de Janeiro\/RJ<\/strong><br \/>\n<strong>Participe!<\/strong><\/p>\n","protected":false},"excerpt":{"rendered":"<p>O SINPROFAZ apresenta \u00e0 Carreira a obra &#8220;Finan\u00e7as P\u00fablicas e Desenvolvimento &#8211; Caminhos para superar o modelo neoliberal de atraso e desigualdade&#8221;, de autoria do filiado Ronaldo Campos e Silva. Editado pela Lumen Juris, o livro ser\u00e1 lan\u00e7ado no dia 19 de setembro.<\/p>\n","protected":false},"author":2,"featured_media":15029,"comment_status":"open","ping_status":"open","sticky":false,"template":"","format":"standard","meta":{"footnotes":""},"categories":[8],"tags":[32,121,146,25],"featured_image_url":"https:\/\/sinprofaz.org.br\/2024\/wp-content\/uploads\/2022\/09\/nota-sinprofaz.jpg","character_count":1044,"formatted_date":"05\/09\/2022 - 09:14","contentNovo":"O SINPROFAZ apresenta, \u00e0s procuradoras e aos procuradores da Fazenda Nacional, a obra \"Finan\u00e7as P\u00fablicas e Desenvolvimento - Caminhos para superar o modelo neoliberal de atraso e desigualdade\", de autoria do filiado Ronaldo Campos e Silva. Editado pela Lumen Juris, o livro ser\u00e1 lan\u00e7ado no dia 19 de setembro, \u00e0s 17h, em encontro na Livraria Cultura da Rua do Ouvidor, centro do Rio de Janeiro\/RJ. Toda a Carreira est\u00e1 convidada para prestigiar!\r\n\r\nA referida obra pretende desvendar o modo pelo qual a ideologia neoliberal vem orientando as finan\u00e7as p\u00fablicas brasileiras a partir do estabelecimento de consensos em torno de exig\u00eancias como teto de gastos, equil\u00edbrio or\u00e7ament\u00e1rio e metas de super\u00e1vit prim\u00e1rio - os quais v\u00eam produzindo baixos n\u00edveis de crescimento econ\u00f4mico, al\u00e9m de d\u00e9ficits p\u00fablicos e desigualdade. As ideias presentes no livro pretendem oferecer a perspectiva de que as finan\u00e7as p\u00fablicas devem ser instrumentais, de modo a viabilizar pol\u00edticas fiscais que produzam desenvolvimento, igualdade e justi\u00e7a.\r\n\r\nAo longo da obra, questiona-se o suposto princ\u00edpio do equil\u00edbrio or\u00e7ament\u00e1rio, que, segundo o autor, n\u00e3o deve ser perseguido em todos os momentos dos ciclos econ\u00f4micos. O livro tamb\u00e9m investiga como a Teoria Monet\u00e1ria Moderna pode oferecer ferramentas \u00fateis para a compreens\u00e3o e administra\u00e7\u00e3o das finan\u00e7as p\u00fablicas brasileiras. Nesse sentido, Ronaldo Campos prop\u00f5e, como forma de conter o aprofundamento da desigualdade, que sejam retomados os compromissos pol\u00edticos com a progressividade tribut\u00e1ria, o est\u00edmulo da demanda pelo gasto p\u00fablico e os investimentos em infraestrutura social.\r\n\r\nPara saber mais sobre a obra, acesse: <a href=\"https:\/\/lumenjuris.com.br\/direito-financeiro-e-tributario\/financas-publicas-e-desenvolvimento-2022-3488\/p\">https:\/\/lumenjuris.com.br\/direito-financeiro-e-tributario\/financas-publicas-e-desenvolvimento-2022-3488\/p<\/a>\r\n\r\n<strong>LAN\u00c7AMENTO<\/strong>\r\n<em><strong>Finan\u00e7as P\u00fablicas e Desenvolvimento - Caminhos para superar o modelo neoliberal de atraso e desigualdade<\/strong><\/em>\r\n<strong>De autoria do PFN Ronaldo Campos e Silva<\/strong>\r\n<strong>Dia 19 de setembro, \u00e0s 17h, na Livraria Cultura<\/strong>\r\n<strong>Rua do Ouvidor, Centro, Rio de Janeiro\/RJ<\/strong>\r\n<strong>Participe!<\/strong>","_links":{"self":[{"href":"https:\/\/sinprofaz.org.br\/2024\/wp-json\/wp\/v2\/posts\/15028"}],"collection":[{"href":"https:\/\/sinprofaz.org.br\/2024\/wp-json\/wp\/v2\/posts"}],"about":[{"href":"https:\/\/sinprofaz.org.br\/2024\/wp-json\/wp\/v2\/types\/post"}],"author":[{"embeddable":true,"href":"https:\/\/sinprofaz.org.br\/2024\/wp-json\/wp\/v2\/users\/2"}],"replies":[{"embeddable":true,"href":"https:\/\/sinprofaz.org.br\/2024\/wp-json\/wp\/v2\/comments?post=15028"}],"version-history":[{"count":2,"href":"https:\/\/sinprofaz.org.br\/2024\/wp-json\/wp\/v2\/posts\/15028\/revisions"}],"predecessor-version":[{"id":15035,"href":"https:\/\/sinprofaz.org.br\/2024\/wp-json\/wp\/v2\/posts\/15028\/revisions\/15035"}],"wp:featuredmedia":[{"embeddable":true,"href":"https:\/\/sinprofaz.org.br\/2024\/wp-json\/wp\/v2\/media\/15029"}],"wp:attachment":[{"href":"https:\/\/sinprofaz.org.br\/2024\/wp-json\/wp\/v2\/media?parent=15028"}],"wp:term":[{"taxonomy":"category","embeddable":true,"href":"https:\/\/sinprofaz.org.br\/2024\/wp-json\/wp\/v2\/categories?post=15028"},{"taxonomy":"post_tag","embeddable":true,"href":"https:\/\/sinprofaz.org.br\/2024\/wp-json\/wp\/v2\/tags?post=15028"}],"curies":[{"name":"wp","href":"https:\/\/api.w.org\/{rel}","templated":true}]}}