{"id":1499,"date":"2013-10-16T14:49:14","date_gmt":"2013-10-16T14:49:14","guid":{"rendered":""},"modified":"-0001-11-30T00:00:00","modified_gmt":"-0001-11-30T03:00:00","slug":"sinprofaz-presente-no-xiii-congresso-internacional-de-direito-tributario-de-pernambuco","status":"publish","type":"post","link":"https:\/\/sinprofaz.org.br\/2024\/noticias\/sinprofaz-presente-no-xiii-congresso-internacional-de-direito-tributario-de-pernambuco\/","title":{"rendered":"SINPROFAZ presente no XIII Congresso Internacional de Direito Tribut\u00e1rio de Pernambuco"},"content":{"rendered":"<p><img loading=\"lazy\" decoding=\"async\" style=\"margin-right: 10px; margin-bottom: 5px; border: 1px solid #000000; float: left;\" alt=\"\" src=\"images\/noticias\/sinprofaz-presente-no-xii\/_mg_0112.jpg\" height=\"154\" width=\"218\" \/>Evento foi promovido pelo IPET- Instituto Pernambucano de Estudos Tribut\u00e1rios entre os dias 2 a 4 de outubro.<\/p>\n<p>O evento, que ocorreu na Cidade de Recife, foi um grande sucesso, capitaneado pela Dra. Mary Elbe Queiroz, presidente do Instituto. Contou com a participa\u00e7\u00e3o de in\u00fameros \u00edcones do Direito Tribut\u00e1rio como Paulo de Barros Carvalho, Everardo Maciel, Hugo de Brito Machado, Jos\u00e9 Souto Maior Borges, dentre outros.<\/p>\n<p>Durante o Congresso, o SINPROFAZ desenvolveu esfor\u00e7os junto \u00e0 organiza\u00e7\u00e3o do evento, atrav\u00e9s da atua\u00e7\u00e3o da Diretora do CEJURIS e tamb\u00e9m Diretora de Assuntos Profissionais, Dra. Regina Tamami Hirose, o que resultou na obten\u00e7\u00e3o de cinco inscri\u00e7\u00f5es gratuitas, que foram objeto de sorteio entre os filiados interessados, nos termos do edital publicado, de modo a proporcionar a participa\u00e7\u00e3o dos colegas que prestigiaram o evento.<\/p>\n<p>O presidente do SINPROFAZ foi representado pela Diretora Jur\u00eddica, Dra. Maria Regina Dantas de Alcantara. Em sua avalia\u00e7\u00e3o, \u201co evento foi extremamente proveitoso, propiciando um contato mais pr\u00f3ximo com as teses e temas da atualidade no campo do Direito Tribut\u00e1rio, bem como com os palestrantes e debatedores, c\u00e9lebres representantes do mundo acad\u00eamico.\u201d<\/p>\n<p><img loading=\"lazy\" decoding=\"async\" style=\"margin-right: 10px;\" alt=\"\" src=\"images\/noticias\/sinprofaz-presente-no-xii\/maria-regina-alcantara.jpg\" height=\"100\" width=\"150\" \/><img loading=\"lazy\" decoding=\"async\" style=\"margin-right: 10px;\" alt=\"\" src=\"images\/noticias\/sinprofaz-presente-no-xii\/_mg_1186.jpg\" height=\"100\" width=\"150\" \/><img loading=\"lazy\" decoding=\"async\" style=\"margin-right: 10px;\" alt=\"\" src=\"images\/noticias\/sinprofaz-presente-no-xii\/_mg_1191.jpg\" height=\"100\" width=\"150\" \/><\/p>\n","protected":false},"excerpt":{"rendered":"<p>Evento foi promovido pelo IPET- Instituto Pernambucano de Estudos Tribut\u00e1rios entre os dias 2 a 4 de outubro.<\/p>\n","protected":false},"author":1,"featured_media":0,"comment_status":"closed","ping_status":"open","sticky":false,"template":"","format":"standard","meta":{"footnotes":""},"categories":[8],"tags":[],"featured_image_url":"https:\/\/dummyimage.com\/720x400","character_count":617,"formatted_date":"16\/10\/2013 - 14:49","contentNovo":"\r\n<p>Evento foi promovido pelo IPET- Instituto Pernambucano de Estudos Tribut\u00e1rios entre os dias 2 a 4 de outubro.<\/p>\r\n<p>O evento, que ocorreu na Cidade de Recife, foi um grande sucesso, capitaneado pela Dra. Mary Elbe Queiroz, presidente do Instituto. Contou com a participa\u00e7\u00e3o de in\u00fameros \u00edcones do Direito Tribut\u00e1rio como Paulo de Barros Carvalho, Everardo Maciel, Hugo de Brito Machado, Jos\u00e9 Souto Maior Borges, dentre outros.<\/p>\r\n<p>Durante o Congresso, o SINPROFAZ desenvolveu esfor\u00e7os junto \u00e0 organiza\u00e7\u00e3o do evento, atrav\u00e9s da atua\u00e7\u00e3o da Diretora do CEJURIS e tamb\u00e9m Diretora de Assuntos Profissionais, Dra. Regina Tamami Hirose, o que resultou na obten\u00e7\u00e3o de cinco inscri\u00e7\u00f5es gratuitas, que foram objeto de sorteio entre os filiados interessados, nos termos do edital publicado, de modo a proporcionar a participa\u00e7\u00e3o dos colegas que prestigiaram o evento.<\/p>\r\n<p>O presidente do SINPROFAZ foi representado pela Diretora Jur\u00eddica, Dra. Maria Regina Dantas de Alcantara. Em sua avalia\u00e7\u00e3o, \u201co evento foi extremamente proveitoso, propiciando um contato mais pr\u00f3ximo com as teses e temas da atualidade no campo do Direito Tribut\u00e1rio, bem como com os palestrantes e debatedores, c\u00e9lebres representantes do mundo acad\u00eamico.\u201d<\/p>\r\n<p><\/p>","_links":{"self":[{"href":"https:\/\/sinprofaz.org.br\/2024\/wp-json\/wp\/v2\/posts\/1499"}],"collection":[{"href":"https:\/\/sinprofaz.org.br\/2024\/wp-json\/wp\/v2\/posts"}],"about":[{"href":"https:\/\/sinprofaz.org.br\/2024\/wp-json\/wp\/v2\/types\/post"}],"author":[{"embeddable":true,"href":"https:\/\/sinprofaz.org.br\/2024\/wp-json\/wp\/v2\/users\/1"}],"replies":[{"embeddable":true,"href":"https:\/\/sinprofaz.org.br\/2024\/wp-json\/wp\/v2\/comments?post=1499"}],"version-history":[{"count":0,"href":"https:\/\/sinprofaz.org.br\/2024\/wp-json\/wp\/v2\/posts\/1499\/revisions"}],"wp:attachment":[{"href":"https:\/\/sinprofaz.org.br\/2024\/wp-json\/wp\/v2\/media?parent=1499"}],"wp:term":[{"taxonomy":"category","embeddable":true,"href":"https:\/\/sinprofaz.org.br\/2024\/wp-json\/wp\/v2\/categories?post=1499"},{"taxonomy":"post_tag","embeddable":true,"href":"https:\/\/sinprofaz.org.br\/2024\/wp-json\/wp\/v2\/tags?post=1499"}],"curies":[{"name":"wp","href":"https:\/\/api.w.org\/{rel}","templated":true}]}}