{"id":14970,"date":"2022-08-25T10:26:54","date_gmt":"2022-08-25T13:26:54","guid":{"rendered":"http:\/\/www.sinprofaz.org.br\/?p=14970"},"modified":"2022-08-26T09:23:09","modified_gmt":"2022-08-26T12:23:09","slug":"diretoria-20222023-assume-gestao-do-forum-nacional-da-advocacia-publica-federal","status":"publish","type":"post","link":"https:\/\/sinprofaz.org.br\/2024\/noticias\/diretoria-20222023-assume-gestao-do-forum-nacional-da-advocacia-publica-federal\/","title":{"rendered":"DIRETORIA 2022\/2023 ASSUME GEST\u00c3O DO F\u00d3RUM NACIONAL DA ADVOCACIA P\u00daBLICA FEDERAL"},"content":{"rendered":"<p>O SINPROFAZ, representado pelo presidente Achilles Frias, esteve reunido ontem (24), em Bras\u00edlia\/DF, com as demais entidades integrantes do F\u00f3rum Nacional da Advocacia P\u00fablica Federal. Na ocasi\u00e3o, foram realizadas a elei\u00e7\u00e3o e a posse da Diretoria 2022\/2023 do FORVM, cuja presid\u00eancia cabe, agora, ao Sindicato: assim como o SINPROFAZ, o FORVM ser\u00e1 presidido por Achilles Frias.<\/p>\n<p>Os novos dirigentes assumem com a miss\u00e3o de dar continuidade \u00e0 luta em defesa das prerrogativas de procuradores da Fazenda Nacional e advogados da Uni\u00e3o. Juntas, as entidades seguir\u00e3o atuando em prol do fortalecimento da entidade, das carreiras representadas e da Advocacia-Geral da Uni\u00e3o como um todo.<\/p>\n<p>Os cargos da nova Diretoria, que, conforme o Estatuto, devem ser ocupados por representantes de ANAJUR, ANAUNI e SINPROFAZ, foram assim preenchidos:<br \/>\n<strong>Presidente: Achilles Linhares de Campos Frias, Presidente do SINPROFAZ<\/strong><br \/>\n<strong>Vice-Presidente: Ruth Jeh\u00e1 Miller, Presidente da ANAJUR<\/strong><br \/>\n<strong>Diretor Tesoureiro: Cl\u00f3vis dos Santos Andrade, Presidente da ANAUNI<\/strong><br \/>\n<strong>Secret\u00e1rio-Geral: Tobias Morato Teixeira, Diretor de Atividades Legislativas da ANAUNI<\/strong><\/p>\n\n\t\t<style type=\"text\/css\">\n\t\t\t#gallery-1 {\n\t\t\t\tmargin: auto;\n\t\t\t}\n\t\t\t#gallery-1 .gallery-item {\n\t\t\t\tfloat: left;\n\t\t\t\tmargin-top: 10px;\n\t\t\t\ttext-align: center;\n\t\t\t\twidth: 33%;\n\t\t\t}\n\t\t\t#gallery-1 img {\n\t\t\t\tborder: 2px solid #cfcfcf;\n\t\t\t}\n\t\t\t#gallery-1 .gallery-caption {\n\t\t\t\tmargin-left: 0;\n\t\t\t}\n\t\t\t\/* see gallery_shortcode() in wp-includes\/media.php *\/\n\t\t<\/style>\n\t\t<div id='gallery-1' class='gallery galleryid-14970 gallery-columns-3 gallery-size-thumbnail'><dl class='gallery-item'>\n\t\t\t<dt class='gallery-icon landscape'>\n\t\t\t\t<a href='https:\/\/sinprofaz.org.br\/2024\/wp-content\/uploads\/2022\/08\/foto-2.jpg'><img loading=\"lazy\" decoding=\"async\" width=\"150\" height=\"150\" src=\"https:\/\/sinprofaz.org.br\/2024\/wp-content\/uploads\/2022\/08\/foto-2-150x150.jpg\" class=\"attachment-thumbnail size-thumbnail\" alt=\"\" \/><\/a>\n\t\t\t<\/dt><\/dl><dl class='gallery-item'>\n\t\t\t<dt class='gallery-icon landscape'>\n\t\t\t\t<a href='https:\/\/sinprofaz.org.br\/2024\/wp-content\/uploads\/2022\/08\/foto-3.jpg'><img loading=\"lazy\" decoding=\"async\" width=\"150\" height=\"150\" src=\"https:\/\/sinprofaz.org.br\/2024\/wp-content\/uploads\/2022\/08\/foto-3-150x150.jpg\" class=\"attachment-thumbnail size-thumbnail\" alt=\"\" \/><\/a>\n\t\t\t<\/dt><\/dl><dl class='gallery-item'>\n\t\t\t<dt class='gallery-icon landscape'>\n\t\t\t\t<a href='https:\/\/sinprofaz.org.br\/2024\/wp-content\/uploads\/2022\/08\/foto-4.jpg'><img loading=\"lazy\" decoding=\"async\" width=\"150\" height=\"150\" src=\"https:\/\/sinprofaz.org.br\/2024\/wp-content\/uploads\/2022\/08\/foto-4-150x150.jpg\" class=\"attachment-thumbnail size-thumbnail\" alt=\"\" \/><\/a>\n\t\t\t<\/dt><\/dl><br style=\"clear: both\" \/>\n\t\t<\/div>\n\n","protected":false},"excerpt":{"rendered":"<p>O SINPROFAZ, representado pelo presidente Achilles Frias, esteve reunido com os demais integrantes do FORVM. Na ocasi\u00e3o, foram realizadas a elei\u00e7\u00e3o e a posse da Diretoria 2022\/2023, cuja presid\u00eancia cabe, agora, ao Sindicato. <\/p>\n","protected":false},"author":2,"featured_media":14981,"comment_status":"open","ping_status":"open","sticky":false,"template":"","format":"standard","meta":{"footnotes":""},"categories":[8],"tags":[34,137,25],"featured_image_url":"https:\/\/sinprofaz.org.br\/2024\/wp-content\/uploads\/2022\/08\/foto-1.jpg","character_count":753,"formatted_date":"25\/08\/2022 - 10:26","contentNovo":"O SINPROFAZ, representado pelo presidente Achilles Frias, esteve reunido ontem (24), em Bras\u00edlia\/DF, com as demais entidades integrantes do F\u00f3rum Nacional da Advocacia P\u00fablica Federal. Na ocasi\u00e3o, foram realizadas a elei\u00e7\u00e3o e a posse da Diretoria 2022\/2023 do FORVM, cuja presid\u00eancia cabe, agora, ao Sindicato: assim como o SINPROFAZ, o FORVM ser\u00e1 presidido por Achilles Frias.\r\n\r\nOs novos dirigentes assumem com a miss\u00e3o de dar continuidade \u00e0 luta em defesa das prerrogativas de procuradores da Fazenda Nacional e advogados da Uni\u00e3o. Juntas, as entidades seguir\u00e3o atuando em prol do fortalecimento da entidade, das carreiras representadas e da Advocacia-Geral da Uni\u00e3o como um todo.\r\n\r\nOs cargos da nova Diretoria, que, conforme o Estatuto, devem ser ocupados por representantes de ANAJUR, ANAUNI e SINPROFAZ, foram assim preenchidos:\r\n<strong>Presidente: Achilles Linhares de Campos Frias, Presidente do SINPROFAZ<\/strong>\r\n<strong>Vice-Presidente: Ruth Jeh\u00e1 Miller, Presidente da ANAJUR<\/strong>\r\n<strong>Diretor Tesoureiro: Cl\u00f3vis dos Santos Andrade, Presidente da ANAUNI<\/strong>\r\n<strong>Secret\u00e1rio-Geral: Tobias Morato Teixeira, Diretor de Atividades Legislativas da ANAUNI<\/strong>\r\n\r\n[gallery link=\"file\" ids=\"14982,14983,14984\"]","_links":{"self":[{"href":"https:\/\/sinprofaz.org.br\/2024\/wp-json\/wp\/v2\/posts\/14970"}],"collection":[{"href":"https:\/\/sinprofaz.org.br\/2024\/wp-json\/wp\/v2\/posts"}],"about":[{"href":"https:\/\/sinprofaz.org.br\/2024\/wp-json\/wp\/v2\/types\/post"}],"author":[{"embeddable":true,"href":"https:\/\/sinprofaz.org.br\/2024\/wp-json\/wp\/v2\/users\/2"}],"replies":[{"embeddable":true,"href":"https:\/\/sinprofaz.org.br\/2024\/wp-json\/wp\/v2\/comments?post=14970"}],"version-history":[{"count":3,"href":"https:\/\/sinprofaz.org.br\/2024\/wp-json\/wp\/v2\/posts\/14970\/revisions"}],"predecessor-version":[{"id":14995,"href":"https:\/\/sinprofaz.org.br\/2024\/wp-json\/wp\/v2\/posts\/14970\/revisions\/14995"}],"wp:featuredmedia":[{"embeddable":true,"href":"https:\/\/sinprofaz.org.br\/2024\/wp-json\/wp\/v2\/media\/14981"}],"wp:attachment":[{"href":"https:\/\/sinprofaz.org.br\/2024\/wp-json\/wp\/v2\/media?parent=14970"}],"wp:term":[{"taxonomy":"category","embeddable":true,"href":"https:\/\/sinprofaz.org.br\/2024\/wp-json\/wp\/v2\/categories?post=14970"},{"taxonomy":"post_tag","embeddable":true,"href":"https:\/\/sinprofaz.org.br\/2024\/wp-json\/wp\/v2\/tags?post=14970"}],"curies":[{"name":"wp","href":"https:\/\/api.w.org\/{rel}","templated":true}]}}