{"id":14959,"date":"2022-08-23T08:17:17","date_gmt":"2022-08-23T11:17:17","guid":{"rendered":"http:\/\/www.sinprofaz.org.br\/?p=14959"},"modified":"2022-08-24T11:47:11","modified_gmt":"2022-08-24T14:47:11","slug":"delegado-sindical-palestra-em-seminario-sobre-as-inovacoes-na-advocacia-publica","status":"publish","type":"post","link":"https:\/\/sinprofaz.org.br\/2024\/noticias\/delegado-sindical-palestra-em-seminario-sobre-as-inovacoes-na-advocacia-publica\/","title":{"rendered":"DELEGADO SINDICAL PALESTRA EM SEMIN\u00c1RIO SOBRE AS INOVA\u00c7\u00d5ES NA ADVOCACIA P\u00daBLICA"},"content":{"rendered":"<p>&#8220;Os desafios da defesa do er\u00e1rio nos processos de insolv\u00eancia&#8221; foi o tema da palestra ministrada no dia 12 de agosto por Jos\u00e9 Leite dos Santos Neto. Combativo delegado sindical, ele representou o SINPROFAZ no <em>Semin\u00e1rio Advocacia P\u00fablica<\/em> promovido em Aracaju\/SE pela Seccional da OAB no Estado. O evento contou com o apoio do Sindicato e reuniu v\u00e1rios filiados, entre os quais os Colegas Matheus Rocha, Omar Ramos e Jos\u00e9 Alberto Varj\u00e3o.<\/p>\n<p>Na palestra, Jos\u00e9 Leite lan\u00e7ou m\u00e3o de estudos jur\u00eddicos e de outras ci\u00eancias sociais para tratar dos entendimentos que, desconsiderando o interesse das fazendas p\u00fablicas, dispensam as certid\u00f5es de regularidade fiscal para a homologa\u00e7\u00e3o dos planos de recupera\u00e7\u00e3o judicial. As modifica\u00e7\u00f5es que ocorreram na Lei de Fal\u00eancia e que deslocaram o interesse do er\u00e1rio em detrimento do interesse de institui\u00e7\u00f5es financeiras tamb\u00e9m foram abordadas pelo PFN.<\/p>\n<p>Tendo em vista que, conforme decis\u00e3o do Supremo Tribunal Federal, o tratamento dispensado pelas fazendas federal, estadual e municipal nos processos de fal\u00eancia deve ser o mesmo, o filiado encerrou a palestra com um pedido aos advogados p\u00fablicos: &#8220;Conclamo os colegas das esferas estaduais e municipais para, juntos, trabalharmos em defesa do er\u00e1rio&#8221;. O SINPROFAZ parabeniza o delegado sindical Jos\u00e9 Leite dos Santos Neto pela excel\u00eancia da exposi\u00e7\u00e3o!<\/p>\n\n\t\t<style type=\"text\/css\">\n\t\t\t#gallery-1 {\n\t\t\t\tmargin: auto;\n\t\t\t}\n\t\t\t#gallery-1 .gallery-item {\n\t\t\t\tfloat: left;\n\t\t\t\tmargin-top: 10px;\n\t\t\t\ttext-align: center;\n\t\t\t\twidth: 33%;\n\t\t\t}\n\t\t\t#gallery-1 img {\n\t\t\t\tborder: 2px solid #cfcfcf;\n\t\t\t}\n\t\t\t#gallery-1 .gallery-caption {\n\t\t\t\tmargin-left: 0;\n\t\t\t}\n\t\t\t\/* see gallery_shortcode() in wp-includes\/media.php *\/\n\t\t<\/style>\n\t\t<div id='gallery-1' class='gallery galleryid-14959 gallery-columns-3 gallery-size-thumbnail'><dl class='gallery-item'>\n\t\t\t<dt class='gallery-icon landscape'>\n\t\t\t\t<a href='https:\/\/sinprofaz.org.br\/2024\/wp-content\/uploads\/2022\/08\/2-2.jpg'><img loading=\"lazy\" decoding=\"async\" width=\"150\" height=\"150\" src=\"https:\/\/sinprofaz.org.br\/2024\/wp-content\/uploads\/2022\/08\/2-2-150x150.jpg\" class=\"attachment-thumbnail size-thumbnail\" alt=\"\" \/><\/a>\n\t\t\t<\/dt><\/dl><dl class='gallery-item'>\n\t\t\t<dt class='gallery-icon landscape'>\n\t\t\t\t<a href='https:\/\/sinprofaz.org.br\/2024\/wp-content\/uploads\/2022\/08\/3-2.jpg'><img loading=\"lazy\" decoding=\"async\" width=\"150\" height=\"150\" src=\"https:\/\/sinprofaz.org.br\/2024\/wp-content\/uploads\/2022\/08\/3-2-150x150.jpg\" class=\"attachment-thumbnail size-thumbnail\" alt=\"\" \/><\/a>\n\t\t\t<\/dt><\/dl><dl class='gallery-item'>\n\t\t\t<dt class='gallery-icon landscape'>\n\t\t\t\t<a href='https:\/\/sinprofaz.org.br\/2024\/wp-content\/uploads\/2022\/08\/4-2.jpg'><img loading=\"lazy\" decoding=\"async\" width=\"150\" height=\"150\" src=\"https:\/\/sinprofaz.org.br\/2024\/wp-content\/uploads\/2022\/08\/4-2-150x150.jpg\" class=\"attachment-thumbnail size-thumbnail\" alt=\"\" \/><\/a>\n\t\t\t<\/dt><\/dl><br style=\"clear: both\" \/>\n\t\t<\/div>\n\n","protected":false},"excerpt":{"rendered":"<p>&#8220;Os desafios da defesa do er\u00e1rio nos processos de insolv\u00eancia&#8221; foi o tema da palestra ministrada no dia 12 de agosto por Jos\u00e9 Leite dos Santos Neto. Combativo delegado sindical, ele representou o SINPROFAZ no &#8220;Semin\u00e1rio Advocacia P\u00fablica&#8221; em Aracaju\/SE.<\/p>\n","protected":false},"author":2,"featured_media":14960,"comment_status":"open","ping_status":"open","sticky":false,"template":"","format":"standard","meta":{"footnotes":""},"categories":[8],"tags":[32,29,25],"featured_image_url":"https:\/\/sinprofaz.org.br\/2024\/wp-content\/uploads\/2022\/08\/1-2.jpg","character_count":886,"formatted_date":"23\/08\/2022 - 08:17","contentNovo":"\"Os desafios da defesa do er\u00e1rio nos processos de insolv\u00eancia\" foi o tema da palestra ministrada no dia 12 de agosto por Jos\u00e9 Leite dos Santos Neto. Combativo delegado sindical, ele representou o SINPROFAZ no <em>Semin\u00e1rio Advocacia P\u00fablica<\/em> promovido em Aracaju\/SE pela Seccional da OAB no Estado. O evento contou com o apoio do Sindicato e reuniu v\u00e1rios filiados, entre os quais os Colegas Matheus Rocha, Omar Ramos e Jos\u00e9 Alberto Varj\u00e3o.\r\n\r\nNa palestra, Jos\u00e9 Leite lan\u00e7ou m\u00e3o de estudos jur\u00eddicos e de outras ci\u00eancias sociais para tratar dos entendimentos que, desconsiderando o interesse das fazendas p\u00fablicas, dispensam as certid\u00f5es de regularidade fiscal para a homologa\u00e7\u00e3o dos planos de recupera\u00e7\u00e3o judicial. As modifica\u00e7\u00f5es que ocorreram na Lei de Fal\u00eancia e que deslocaram o interesse do er\u00e1rio em detrimento do interesse de institui\u00e7\u00f5es financeiras tamb\u00e9m foram abordadas pelo PFN.\r\n\r\nTendo em vista que, conforme decis\u00e3o do Supremo Tribunal Federal, o tratamento dispensado pelas fazendas federal, estadual e municipal nos processos de fal\u00eancia deve ser o mesmo, o filiado encerrou a palestra com um pedido aos advogados p\u00fablicos: \"Conclamo os colegas das esferas estaduais e municipais para, juntos, trabalharmos em defesa do er\u00e1rio\". O SINPROFAZ parabeniza o delegado sindical Jos\u00e9 Leite dos Santos Neto pela excel\u00eancia da exposi\u00e7\u00e3o!\r\n\r\n[gallery link=\"file\" ids=\"14961,14962,14963\"]","_links":{"self":[{"href":"https:\/\/sinprofaz.org.br\/2024\/wp-json\/wp\/v2\/posts\/14959"}],"collection":[{"href":"https:\/\/sinprofaz.org.br\/2024\/wp-json\/wp\/v2\/posts"}],"about":[{"href":"https:\/\/sinprofaz.org.br\/2024\/wp-json\/wp\/v2\/types\/post"}],"author":[{"embeddable":true,"href":"https:\/\/sinprofaz.org.br\/2024\/wp-json\/wp\/v2\/users\/2"}],"replies":[{"embeddable":true,"href":"https:\/\/sinprofaz.org.br\/2024\/wp-json\/wp\/v2\/comments?post=14959"}],"version-history":[{"count":2,"href":"https:\/\/sinprofaz.org.br\/2024\/wp-json\/wp\/v2\/posts\/14959\/revisions"}],"predecessor-version":[{"id":14969,"href":"https:\/\/sinprofaz.org.br\/2024\/wp-json\/wp\/v2\/posts\/14959\/revisions\/14969"}],"wp:featuredmedia":[{"embeddable":true,"href":"https:\/\/sinprofaz.org.br\/2024\/wp-json\/wp\/v2\/media\/14960"}],"wp:attachment":[{"href":"https:\/\/sinprofaz.org.br\/2024\/wp-json\/wp\/v2\/media?parent=14959"}],"wp:term":[{"taxonomy":"category","embeddable":true,"href":"https:\/\/sinprofaz.org.br\/2024\/wp-json\/wp\/v2\/categories?post=14959"},{"taxonomy":"post_tag","embeddable":true,"href":"https:\/\/sinprofaz.org.br\/2024\/wp-json\/wp\/v2\/tags?post=14959"}],"curies":[{"name":"wp","href":"https:\/\/api.w.org\/{rel}","templated":true}]}}