{"id":14933,"date":"2022-08-19T13:31:24","date_gmt":"2022-08-19T16:31:24","guid":{"rendered":"http:\/\/www.sinprofaz.org.br\/?p=14933"},"modified":"2022-08-22T11:27:40","modified_gmt":"2022-08-22T14:27:40","slug":"filiadas-tomam-posse-no-conselho-superior-da-advocacia-geral-da-uniao","status":"publish","type":"post","link":"https:\/\/sinprofaz.org.br\/2024\/noticias\/filiadas-tomam-posse-no-conselho-superior-da-advocacia-geral-da-uniao\/","title":{"rendered":"FILIADAS TOMAM POSSE NO CONSELHO SUPERIOR DA ADVOCACIA-GERAL DA UNI\u00c3O"},"content":{"rendered":"<p>Procuradoras e procuradores da Fazenda Nacional t\u00eam novas representantes no Conselho Superior da AGU: as filiadas Fernanda Santiago e Herta Rani tomaram posse na quarta-feira (17), em cerim\u00f4nia na sede da Advocacia-Geral da Uni\u00e3o, em Bras\u00edlia\/DF. Juntamente com os representantes das carreiras de advogado da Uni\u00e3o, procurador federal e procurador do Banco Central, as PFNs foram eleitas para a gest\u00e3o 2022-2024 do \u00f3rg\u00e3o. A solenidade de posse foi conduzida pelo advogado-geral da Uni\u00e3o, Bruno Bianco.<\/p>\n<p>Titular da chapa, Fernanda Santiago ressaltou o ineditismo da elei\u00e7\u00e3o: at\u00e9 ent\u00e3o, nenhuma procuradora da Fazenda Nacional havia integrado o Conselho Superior da AGU. &#8220;Pela primeira vez, teremos mulheres na representa\u00e7\u00e3o da PGFN. A expectativa \u00e9 que, cada vez mais, ocupemos espa\u00e7os decis\u00f3rios na Carreira, posto que \u00e9 da minha trajet\u00f3ria a defesa da diversidade como um crit\u00e9rio que agrega qualidade \u00e0s decis\u00f5es e contribui para a consolida\u00e7\u00e3o de um Estado efetivamente democr\u00e1tico&#8221;, discursou.<\/p>\n<p>No mesmo sentido, Herta Rani destacou que &#8220;ter duas mulheres representando a PGFN \u00e9 um sonho. Um sonho compartilhado por v\u00e1rias Colegas da Carreira. Se estamos aqui hoje, n\u00e3o estamos s\u00f3s: trazemos conosco as quase mil PFNs que comp\u00f5em os quadros da PGFN. Muito mais que um sonho, ali\u00e1s, essa representa\u00e7\u00e3o \u00e9 um projeto que come\u00e7ou com o Tributos a Elas &#8211; movimento que tive a honra de idealizar junto com uma querida Colega e de formar com tantas outras procuradoras da Fazenda Nacional&#8221;.<\/p>\n<p>O SINPROFAZ, na pessoa do presidente Achilles Frias, refor\u00e7a a import\u00e2ncia da representa\u00e7\u00e3o feminina no \u00e2mbito da Carreira: &#8220;A exemplo do que acontece na atual gest\u00e3o do Sindicato, em que seis dos onze cargos da Diretoria s\u00e3o ocupados por procuradoras da Fazenda Nacional, \u00e9 fundamental que as mulheres desempenhem fun\u00e7\u00f5es de dire\u00e7\u00e3o. Fernanda Santiago e Herta Rani s\u00e3o Colegas muito dedicadas e combativas, al\u00e9m de apaixonadas pela Carreira. Estamos muito bem representados no Conselho Superior da AGU&#8221;.<\/p>\n<p>&nbsp;<\/p>\n\n\t\t<style type=\"text\/css\">\n\t\t\t#gallery-1 {\n\t\t\t\tmargin: auto;\n\t\t\t}\n\t\t\t#gallery-1 .gallery-item {\n\t\t\t\tfloat: left;\n\t\t\t\tmargin-top: 10px;\n\t\t\t\ttext-align: center;\n\t\t\t\twidth: 33%;\n\t\t\t}\n\t\t\t#gallery-1 img {\n\t\t\t\tborder: 2px solid #cfcfcf;\n\t\t\t}\n\t\t\t#gallery-1 .gallery-caption {\n\t\t\t\tmargin-left: 0;\n\t\t\t}\n\t\t\t\/* see gallery_shortcode() in wp-includes\/media.php *\/\n\t\t<\/style>\n\t\t<div id='gallery-1' class='gallery galleryid-14933 gallery-columns-3 gallery-size-thumbnail'><dl class='gallery-item'>\n\t\t\t<dt class='gallery-icon landscape'>\n\t\t\t\t<a href='https:\/\/sinprofaz.org.br\/2024\/wp-content\/uploads\/2022\/08\/2-1.jpg'><img loading=\"lazy\" decoding=\"async\" width=\"150\" height=\"150\" src=\"https:\/\/sinprofaz.org.br\/2024\/wp-content\/uploads\/2022\/08\/2-1-150x150.jpg\" class=\"attachment-thumbnail size-thumbnail\" alt=\"\" \/><\/a>\n\t\t\t<\/dt><\/dl><dl class='gallery-item'>\n\t\t\t<dt class='gallery-icon landscape'>\n\t\t\t\t<a href='https:\/\/sinprofaz.org.br\/2024\/wp-content\/uploads\/2022\/08\/3-1.jpg'><img loading=\"lazy\" decoding=\"async\" width=\"150\" height=\"150\" src=\"https:\/\/sinprofaz.org.br\/2024\/wp-content\/uploads\/2022\/08\/3-1-150x150.jpg\" class=\"attachment-thumbnail size-thumbnail\" alt=\"\" \/><\/a>\n\t\t\t<\/dt><\/dl><dl class='gallery-item'>\n\t\t\t<dt class='gallery-icon landscape'>\n\t\t\t\t<a href='https:\/\/sinprofaz.org.br\/2024\/wp-content\/uploads\/2022\/08\/4-1.jpg'><img loading=\"lazy\" decoding=\"async\" width=\"150\" height=\"150\" src=\"https:\/\/sinprofaz.org.br\/2024\/wp-content\/uploads\/2022\/08\/4-1-150x150.jpg\" class=\"attachment-thumbnail size-thumbnail\" alt=\"\" \/><\/a>\n\t\t\t<\/dt><\/dl><br style=\"clear: both\" \/>\n\t\t<\/div>\n\n","protected":false},"excerpt":{"rendered":"<p>Procuradoras e procuradores da Fazenda Nacional t\u00eam novas representantes no Conselho Superior da AGU: as filiadas Fernanda Santiago e Herta Rani tomaram posse na quarta-feira (17), em cerim\u00f4nia na sede da Advocacia-Geral da Uni\u00e3o.<\/p>\n","protected":false},"author":2,"featured_media":14940,"comment_status":"open","ping_status":"open","sticky":false,"template":"","format":"standard","meta":{"footnotes":""},"categories":[8],"tags":[43,32],"featured_image_url":"https:\/\/sinprofaz.org.br\/2024\/wp-content\/uploads\/2022\/08\/capa-nota.png","character_count":1234,"formatted_date":"19\/08\/2022 - 13:31","contentNovo":"Procuradoras e procuradores da Fazenda Nacional t\u00eam novas representantes no Conselho Superior da AGU: as filiadas Fernanda Santiago e Herta Rani tomaram posse na quarta-feira (17), em cerim\u00f4nia na sede da Advocacia-Geral da Uni\u00e3o, em Bras\u00edlia\/DF. Juntamente com os representantes das carreiras de advogado da Uni\u00e3o, procurador federal e procurador do Banco Central, as PFNs foram eleitas para a gest\u00e3o 2022-2024 do \u00f3rg\u00e3o. A solenidade de posse foi conduzida pelo advogado-geral da Uni\u00e3o, Bruno Bianco.\r\n\r\nTitular da chapa, Fernanda Santiago ressaltou o ineditismo da elei\u00e7\u00e3o: at\u00e9 ent\u00e3o, nenhuma procuradora da Fazenda Nacional havia integrado o Conselho Superior da AGU. \"Pela primeira vez, teremos mulheres na representa\u00e7\u00e3o da PGFN. A expectativa \u00e9 que, cada vez mais, ocupemos espa\u00e7os decis\u00f3rios na Carreira, posto que \u00e9 da minha trajet\u00f3ria a defesa da diversidade como um crit\u00e9rio que agrega qualidade \u00e0s decis\u00f5es e contribui para a consolida\u00e7\u00e3o de um Estado efetivamente democr\u00e1tico\", discursou.\r\n\r\nNo mesmo sentido, Herta Rani destacou que \"ter duas mulheres representando a PGFN \u00e9 um sonho. Um sonho compartilhado por v\u00e1rias Colegas da Carreira. Se estamos aqui hoje, n\u00e3o estamos s\u00f3s: trazemos conosco as quase mil PFNs que comp\u00f5em os quadros da PGFN. Muito mais que um sonho, ali\u00e1s, essa representa\u00e7\u00e3o \u00e9 um projeto que come\u00e7ou com o Tributos a Elas - movimento que tive a honra de idealizar junto com uma querida Colega e de formar com tantas outras procuradoras da Fazenda Nacional\".\r\n\r\nO SINPROFAZ, na pessoa do presidente Achilles Frias, refor\u00e7a a import\u00e2ncia da representa\u00e7\u00e3o feminina no \u00e2mbito da Carreira: \"A exemplo do que acontece na atual gest\u00e3o do Sindicato, em que seis dos onze cargos da Diretoria s\u00e3o ocupados por procuradoras da Fazenda Nacional, \u00e9 fundamental que as mulheres desempenhem fun\u00e7\u00f5es de dire\u00e7\u00e3o. Fernanda Santiago e Herta Rani s\u00e3o Colegas muito dedicadas e combativas, al\u00e9m de apaixonadas pela Carreira. Estamos muito bem representados no Conselho Superior da AGU\".\r\n\r\n&nbsp;\r\n\r\n[gallery link=\"file\" ids=\"14936,14937,14934\"]","_links":{"self":[{"href":"https:\/\/sinprofaz.org.br\/2024\/wp-json\/wp\/v2\/posts\/14933"}],"collection":[{"href":"https:\/\/sinprofaz.org.br\/2024\/wp-json\/wp\/v2\/posts"}],"about":[{"href":"https:\/\/sinprofaz.org.br\/2024\/wp-json\/wp\/v2\/types\/post"}],"author":[{"embeddable":true,"href":"https:\/\/sinprofaz.org.br\/2024\/wp-json\/wp\/v2\/users\/2"}],"replies":[{"embeddable":true,"href":"https:\/\/sinprofaz.org.br\/2024\/wp-json\/wp\/v2\/comments?post=14933"}],"version-history":[{"count":4,"href":"https:\/\/sinprofaz.org.br\/2024\/wp-json\/wp\/v2\/posts\/14933\/revisions"}],"predecessor-version":[{"id":14953,"href":"https:\/\/sinprofaz.org.br\/2024\/wp-json\/wp\/v2\/posts\/14933\/revisions\/14953"}],"wp:featuredmedia":[{"embeddable":true,"href":"https:\/\/sinprofaz.org.br\/2024\/wp-json\/wp\/v2\/media\/14940"}],"wp:attachment":[{"href":"https:\/\/sinprofaz.org.br\/2024\/wp-json\/wp\/v2\/media?parent=14933"}],"wp:term":[{"taxonomy":"category","embeddable":true,"href":"https:\/\/sinprofaz.org.br\/2024\/wp-json\/wp\/v2\/categories?post=14933"},{"taxonomy":"post_tag","embeddable":true,"href":"https:\/\/sinprofaz.org.br\/2024\/wp-json\/wp\/v2\/tags?post=14933"}],"curies":[{"name":"wp","href":"https:\/\/api.w.org\/{rel}","templated":true}]}}