{"id":14915,"date":"2022-08-17T08:22:46","date_gmt":"2022-08-17T11:22:46","guid":{"rendered":"http:\/\/www.sinprofaz.org.br\/?p=14915"},"modified":"2022-08-19T14:44:49","modified_gmt":"2022-08-19T17:44:49","slug":"sinprofaz-comparece-a-solenidade-de-posse-de-alexandre-de-moraes-como-presidente-do-tse","status":"publish","type":"post","link":"https:\/\/sinprofaz.org.br\/2024\/noticias\/sinprofaz-comparece-a-solenidade-de-posse-de-alexandre-de-moraes-como-presidente-do-tse\/","title":{"rendered":"SINPROFAZ COMPARECE \u00c0 SOLENIDADE DE POSSE DE ALEXANDRE DE MORAES COMO PRESIDENTE DO TSE"},"content":{"rendered":"<p>O SINPROFAZ, representado pelo presidente Achilles Frias e pelo ex-presidente e atual desembargador do TRE\/RJ, Allan Titonelli, compareceu na noite de ontem (16) \u00e0 solenidade de posse do novo presidente do Tribunal Superior Eleitoral, o ministro Alexandre de Moraes. A cerim\u00f4nia, que tamb\u00e9m marcou a posse do ministro Ricardo Lewandowski como vice-presidente da Corte Eleitoral, ocorreu no plen\u00e1rio do TSE, em Bras\u00edlia\/DF. Presidente e vice ser\u00e3o os respons\u00e1veis por conduzir as elei\u00e7\u00f5es gerais do m\u00eas de outubro.<\/p>\n<p><strong>Presen\u00e7as<\/strong><br \/>\nAutoridades como o presidente da Rep\u00fablica, Jair Bolsonaro; os ex-presidentes Luiz In\u00e1cio Lula da Silva, Dilma Rousseff, Michel Temer e Jos\u00e9 Sarney, al\u00e9m de todos os ministros do STF, compareceram \u00e0 sess\u00e3o solene. Os presidentes do Senado Federal, Rodrigo Pacheco, e da C\u00e2mara dos Deputados, Arthur Lira, tamb\u00e9m marcaram presen\u00e7a, assim como governadores de 22 estados, representantes de 50 embaixadas e prefeitos de grandes capitais, como S\u00e3o Paulo, Rio de Janeiro e Belo Horizonte.<\/p>\n<p>Entre os v\u00e1rios ministros presentes, estiveram o da Economia, Paulo Guedes, e o da Advocacia-Geral da Uni\u00e3o, Bruno Bianco. O procurador-geral da Fazenda Nacional, Ricardo Soriano, e o presidente do Conselho Federal da OAB, Beto Simonetti, tamb\u00e9m prestigiaram o evento. Outra presen\u00e7a de destaque &#8211; e que muito orgulha a Carreira &#8211; foi a do filiado Jos\u00e9 Levi Mello, ex-advogado-geral da Uni\u00e3o que, com a posse de Alexandre de Moraes, assume o cargo de secret\u00e1rio-geral da presid\u00eancia do TSE.<\/p>\n<p><strong>Discurso de posse<\/strong><br \/>\nAp\u00f3s manifesta\u00e7\u00f5es elogiosas \u00e0 trajet\u00f3ria profissional e pol\u00edtica de Alexandre de Moraes, foi a vez de o ministro empossado discursar, oportunidade em que fez a defesa do Estado Democr\u00e1tico de Direito e se comprometeu a conduzir o TSE com firmeza e transpar\u00eancia. &#8220;Hoje tomo posse no honroso cargo de presidente do Tribunal Superior Eleitoral com os mesmos ideais com os quais iniciei minha forma\u00e7\u00e3o acad\u00eamica: respeito \u00e0 Constitui\u00e7\u00e3o Federal, devo\u00e7\u00e3o aos direitos e garantias fundamentais, realiza\u00e7\u00e3o de uma justi\u00e7a r\u00e1pida, efetiva e eficiente, fortalecimento das institui\u00e7\u00f5es e concretiza\u00e7\u00e3o e aperfei\u00e7oamento da democracia &#8211; pressupostos essenciais para o desenvolvimento do Brasil.&#8221;<\/p>\n\n\t\t<style type=\"text\/css\">\n\t\t\t#gallery-1 {\n\t\t\t\tmargin: auto;\n\t\t\t}\n\t\t\t#gallery-1 .gallery-item {\n\t\t\t\tfloat: left;\n\t\t\t\tmargin-top: 10px;\n\t\t\t\ttext-align: center;\n\t\t\t\twidth: 33%;\n\t\t\t}\n\t\t\t#gallery-1 img {\n\t\t\t\tborder: 2px solid #cfcfcf;\n\t\t\t}\n\t\t\t#gallery-1 .gallery-caption {\n\t\t\t\tmargin-left: 0;\n\t\t\t}\n\t\t\t\/* see gallery_shortcode() in wp-includes\/media.php *\/\n\t\t<\/style>\n\t\t<div id='gallery-1' class='gallery galleryid-14915 gallery-columns-3 gallery-size-thumbnail'><dl class='gallery-item'>\n\t\t\t<dt class='gallery-icon landscape'>\n\t\t\t\t<a href='https:\/\/sinprofaz.org.br\/2024\/wp-content\/uploads\/2022\/08\/TSF-2.jpg'><img loading=\"lazy\" decoding=\"async\" width=\"150\" height=\"150\" src=\"https:\/\/sinprofaz.org.br\/2024\/wp-content\/uploads\/2022\/08\/TSF-2-150x150.jpg\" class=\"attachment-thumbnail size-thumbnail\" alt=\"\" \/><\/a>\n\t\t\t<\/dt><\/dl>\n\t\t\t<br style='clear: both' \/>\n\t\t<\/div>\n\n","protected":false},"excerpt":{"rendered":"<p>O presidente Achilles Frias e o ex-presidente e atual desembargador do TRE\/RJ, Allan Titonelli, compareceram na noite de ontem (16) \u00e0 solenidade de posse do novo presidente do Tribunal Superior Eleitoral, o ministro Alexandre de Moraes.<\/p>\n","protected":false},"author":2,"featured_media":14944,"comment_status":"open","ping_status":"open","sticky":false,"template":"","format":"standard","meta":{"footnotes":""},"categories":[8],"tags":[32,29,25],"featured_image_url":"https:\/\/sinprofaz.org.br\/2024\/wp-content\/uploads\/2022\/08\/capa-nbota.jpg","character_count":1322,"formatted_date":"17\/08\/2022 - 08:22","contentNovo":"O SINPROFAZ, representado pelo presidente Achilles Frias e pelo ex-presidente e atual desembargador do TRE\/RJ, Allan Titonelli, compareceu na noite de ontem (16) \u00e0 solenidade de posse do novo presidente do Tribunal Superior Eleitoral, o ministro Alexandre de Moraes. A cerim\u00f4nia, que tamb\u00e9m marcou a posse do ministro Ricardo Lewandowski como vice-presidente da Corte Eleitoral, ocorreu no plen\u00e1rio do TSE, em Bras\u00edlia\/DF. Presidente e vice ser\u00e3o os respons\u00e1veis por conduzir as elei\u00e7\u00f5es gerais do m\u00eas de outubro.\r\n\r\n<strong>Presen\u00e7as<\/strong>\r\nAutoridades como o presidente da Rep\u00fablica, Jair Bolsonaro; os ex-presidentes Luiz In\u00e1cio Lula da Silva, Dilma Rousseff, Michel Temer e Jos\u00e9 Sarney, al\u00e9m de todos os ministros do STF, compareceram \u00e0 sess\u00e3o solene. Os presidentes do Senado Federal, Rodrigo Pacheco, e da C\u00e2mara dos Deputados, Arthur Lira, tamb\u00e9m marcaram presen\u00e7a, assim como governadores de 22 estados, representantes de 50 embaixadas e prefeitos de grandes capitais, como S\u00e3o Paulo, Rio de Janeiro e Belo Horizonte.\r\n\r\nEntre os v\u00e1rios ministros presentes, estiveram o da Economia, Paulo Guedes, e o da Advocacia-Geral da Uni\u00e3o, Bruno Bianco. O procurador-geral da Fazenda Nacional, Ricardo Soriano, e o presidente do Conselho Federal da OAB, Beto Simonetti, tamb\u00e9m prestigiaram o evento. Outra presen\u00e7a de destaque - e que muito orgulha a Carreira - foi a do filiado Jos\u00e9 Levi Mello, ex-advogado-geral da Uni\u00e3o que, com a posse de Alexandre de Moraes, assume o cargo de secret\u00e1rio-geral da presid\u00eancia do TSE.\r\n\r\n<strong>Discurso de posse<\/strong>\r\nAp\u00f3s manifesta\u00e7\u00f5es elogiosas \u00e0 trajet\u00f3ria profissional e pol\u00edtica de Alexandre de Moraes, foi a vez de o ministro empossado discursar, oportunidade em que fez a defesa do Estado Democr\u00e1tico de Direito e se comprometeu a conduzir o TSE com firmeza e transpar\u00eancia. \"Hoje tomo posse no honroso cargo de presidente do Tribunal Superior Eleitoral com os mesmos ideais com os quais iniciei minha forma\u00e7\u00e3o acad\u00eamica: respeito \u00e0 Constitui\u00e7\u00e3o Federal, devo\u00e7\u00e3o aos direitos e garantias fundamentais, realiza\u00e7\u00e3o de uma justi\u00e7a r\u00e1pida, efetiva e eficiente, fortalecimento das institui\u00e7\u00f5es e concretiza\u00e7\u00e3o e aperfei\u00e7oamento da democracia - pressupostos essenciais para o desenvolvimento do Brasil.\"\r\n\r\n[gallery link=\"file\" ids=\"14917\"]","_links":{"self":[{"href":"https:\/\/sinprofaz.org.br\/2024\/wp-json\/wp\/v2\/posts\/14915"}],"collection":[{"href":"https:\/\/sinprofaz.org.br\/2024\/wp-json\/wp\/v2\/posts"}],"about":[{"href":"https:\/\/sinprofaz.org.br\/2024\/wp-json\/wp\/v2\/types\/post"}],"author":[{"embeddable":true,"href":"https:\/\/sinprofaz.org.br\/2024\/wp-json\/wp\/v2\/users\/2"}],"replies":[{"embeddable":true,"href":"https:\/\/sinprofaz.org.br\/2024\/wp-json\/wp\/v2\/comments?post=14915"}],"version-history":[{"count":1,"href":"https:\/\/sinprofaz.org.br\/2024\/wp-json\/wp\/v2\/posts\/14915\/revisions"}],"predecessor-version":[{"id":14918,"href":"https:\/\/sinprofaz.org.br\/2024\/wp-json\/wp\/v2\/posts\/14915\/revisions\/14918"}],"wp:featuredmedia":[{"embeddable":true,"href":"https:\/\/sinprofaz.org.br\/2024\/wp-json\/wp\/v2\/media\/14944"}],"wp:attachment":[{"href":"https:\/\/sinprofaz.org.br\/2024\/wp-json\/wp\/v2\/media?parent=14915"}],"wp:term":[{"taxonomy":"category","embeddable":true,"href":"https:\/\/sinprofaz.org.br\/2024\/wp-json\/wp\/v2\/categories?post=14915"},{"taxonomy":"post_tag","embeddable":true,"href":"https:\/\/sinprofaz.org.br\/2024\/wp-json\/wp\/v2\/tags?post=14915"}],"curies":[{"name":"wp","href":"https:\/\/api.w.org\/{rel}","templated":true}]}}