{"id":14905,"date":"2022-08-16T08:35:15","date_gmt":"2022-08-16T11:35:15","guid":{"rendered":"http:\/\/www.sinprofaz.org.br\/?p=14905"},"modified":"2022-08-17T11:16:41","modified_gmt":"2022-08-17T14:16:41","slug":"sinprofaz-compoe-mesa-de-abertura-em-seminario-da-comissao-da-advocacia-publica-da-oabdf","status":"publish","type":"post","link":"https:\/\/sinprofaz.org.br\/2024\/noticias\/sinprofaz-compoe-mesa-de-abertura-em-seminario-da-comissao-da-advocacia-publica-da-oabdf\/","title":{"rendered":"SINPROFAZ COMP\u00d5E MESA DE ABERTURA EM SEMIN\u00c1RIO DA COMISS\u00c3O DA ADVOCACIA P\u00daBLICA DA OAB\/DF"},"content":{"rendered":"<p>O SINPROFAZ, representado pelo presidente Achilles Frias, participou ontem (15) da Mesa de Abertura do II Semin\u00e1rio da Comiss\u00e3o da Advocacia P\u00fablica da OAB\/DF. O evento tem o apoio do Sindicato e integra as comemora\u00e7\u00f5es pelo M\u00eas das Advogadas e dos Advogados. Juntamente com o presidente do SINPROFAZ, compuseram a Mesa autoridades como o ministro da Advocacia-Geral da Uni\u00e3o, Bruno Bianco; o presidente do Conselho Federal da Ordem dos Advogados do Brasil, Beto Simonetti; o filiado e procurador-geral da Fazenda Nacional, Ricardo Soriano; e a filiada e vice-presidente da Comiss\u00e3o da Advocacia P\u00fablica da OAB\/DF, Jersilene Moura.<\/p>\n<p>Ao fazer uso da palavra, Achilles Frias ressaltou a lideran\u00e7a do presidente da OAB\/DF, em cuja gest\u00e3o a Carreira vem marcando presen\u00e7a. &#8220;Hoje temos uma filiada no posto de conselheira federal titular &#8211; reflexo do prest\u00edgio que os advogados p\u00fablicos possuem na gest\u00e3o de D\u00e9lio Lins e Silva. A advocacia p\u00fablica e a advocacia privada s\u00e3o uma s\u00f3. Que, neste semin\u00e1rio, possamos refor\u00e7ar essa importante unidade&#8221;, pleiteou o dirigente sindical. A fala foi seguida pelos cumprimentos da PFN Jersilene Moura: &#8220;Os temas que aqui ser\u00e3o discutidos s\u00e3o transversais, de relev\u00e2ncia tanto para a advocacia privada, quanto para a advocacia p\u00fablica. \u00c9 uma grande satisfa\u00e7\u00e3o contar com a presen\u00e7a de todos&#8221;.<\/p>\n<p>As exposi\u00e7\u00f5es foram encerradas com a fala de Bruno Bianco. Segundo o AGU, &#8220;temos a certeza de que a Ordem dos Advogados do Brasil estar\u00e1 sempre com a advocacia p\u00fablica e que a advocacia p\u00fablica sempre estar\u00e1 ao lado da OAB. N\u00f3s somos a Ordem dos Advogados do Brasil. Esta \u00e9 a nossa casa&#8221;. No mesmo sentido, Beto Simonetti refor\u00e7ou a irmandade entre as advocacias p\u00fablica e privada e a parceria entre a AGU e a OAB. &#8220;Nos recentes registros da Ordem, talvez n\u00e3o tenhamos uma gest\u00e3o t\u00e3o alinhada com as pautas da Advocacia-Geral da Uni\u00e3o quanto esta \u00e9. Agrade\u00e7o publicamente ao ministro Bruno Bianco por toda a aten\u00e7\u00e3o. Juntos, construiremos o melhor para a advocacia brasileira.&#8221;<\/p>\n\n\t\t<style type=\"text\/css\">\n\t\t\t#gallery-1 {\n\t\t\t\tmargin: auto;\n\t\t\t}\n\t\t\t#gallery-1 .gallery-item {\n\t\t\t\tfloat: left;\n\t\t\t\tmargin-top: 10px;\n\t\t\t\ttext-align: center;\n\t\t\t\twidth: 33%;\n\t\t\t}\n\t\t\t#gallery-1 img {\n\t\t\t\tborder: 2px solid #cfcfcf;\n\t\t\t}\n\t\t\t#gallery-1 .gallery-caption {\n\t\t\t\tmargin-left: 0;\n\t\t\t}\n\t\t\t\/* see gallery_shortcode() in wp-includes\/media.php *\/\n\t\t<\/style>\n\t\t<div id='gallery-1' class='gallery galleryid-14905 gallery-columns-3 gallery-size-thumbnail'><dl class='gallery-item'>\n\t\t\t<dt class='gallery-icon landscape'>\n\t\t\t\t<a href='https:\/\/sinprofaz.org.br\/2024\/wp-content\/uploads\/2022\/08\/2.jpg'><img loading=\"lazy\" decoding=\"async\" width=\"150\" height=\"150\" src=\"https:\/\/sinprofaz.org.br\/2024\/wp-content\/uploads\/2022\/08\/2-150x150.jpg\" class=\"attachment-thumbnail size-thumbnail\" alt=\"\" \/><\/a>\n\t\t\t<\/dt><\/dl><dl class='gallery-item'>\n\t\t\t<dt class='gallery-icon landscape'>\n\t\t\t\t<a href='https:\/\/sinprofaz.org.br\/2024\/wp-content\/uploads\/2022\/08\/3.jpg'><img loading=\"lazy\" decoding=\"async\" width=\"150\" height=\"150\" src=\"https:\/\/sinprofaz.org.br\/2024\/wp-content\/uploads\/2022\/08\/3-150x150.jpg\" class=\"attachment-thumbnail size-thumbnail\" alt=\"\" \/><\/a>\n\t\t\t<\/dt><\/dl><dl class='gallery-item'>\n\t\t\t<dt class='gallery-icon landscape'>\n\t\t\t\t<a href='https:\/\/sinprofaz.org.br\/2024\/wp-content\/uploads\/2022\/08\/4.jpg'><img loading=\"lazy\" decoding=\"async\" width=\"150\" height=\"150\" src=\"https:\/\/sinprofaz.org.br\/2024\/wp-content\/uploads\/2022\/08\/4-150x150.jpg\" class=\"attachment-thumbnail size-thumbnail\" alt=\"\" \/><\/a>\n\t\t\t<\/dt><\/dl><br style=\"clear: both\" \/><dl class='gallery-item'>\n\t\t\t<dt class='gallery-icon landscape'>\n\t\t\t\t<a href='https:\/\/sinprofaz.org.br\/2024\/wp-content\/uploads\/2022\/08\/5.jpg'><img loading=\"lazy\" decoding=\"async\" width=\"150\" height=\"150\" src=\"https:\/\/sinprofaz.org.br\/2024\/wp-content\/uploads\/2022\/08\/5-150x150.jpg\" class=\"attachment-thumbnail size-thumbnail\" alt=\"\" \/><\/a>\n\t\t\t<\/dt><\/dl><dl class='gallery-item'>\n\t\t\t<dt class='gallery-icon landscape'>\n\t\t\t\t<a href='https:\/\/sinprofaz.org.br\/2024\/wp-content\/uploads\/2022\/08\/6.jpg'><img loading=\"lazy\" decoding=\"async\" width=\"150\" height=\"150\" src=\"https:\/\/sinprofaz.org.br\/2024\/wp-content\/uploads\/2022\/08\/6-150x150.jpg\" class=\"attachment-thumbnail size-thumbnail\" alt=\"\" \/><\/a>\n\t\t\t<\/dt><\/dl><dl class='gallery-item'>\n\t\t\t<dt class='gallery-icon landscape'>\n\t\t\t\t<a href='https:\/\/sinprofaz.org.br\/2024\/wp-content\/uploads\/2022\/08\/7.jpg'><img loading=\"lazy\" decoding=\"async\" width=\"150\" height=\"150\" src=\"https:\/\/sinprofaz.org.br\/2024\/wp-content\/uploads\/2022\/08\/7-150x150.jpg\" class=\"attachment-thumbnail size-thumbnail\" alt=\"\" \/><\/a>\n\t\t\t<\/dt><\/dl><br style=\"clear: both\" \/>\n\t\t<\/div>\n\n","protected":false},"excerpt":{"rendered":"<p>O SINPROFAZ, representado pelo presidente Achilles Frias, participou ontem (15) da Mesa de Abertura do II Semin\u00e1rio da Comiss\u00e3o da Advocacia P\u00fablica da OAB\/DF. O evento tem o apoio do Sindicato.<\/p>\n","protected":false},"author":2,"featured_media":14906,"comment_status":"open","ping_status":"open","sticky":false,"template":"","format":"standard","meta":{"footnotes":""},"categories":[8],"tags":[43,146,22,44],"featured_image_url":"https:\/\/sinprofaz.org.br\/2024\/wp-content\/uploads\/2022\/08\/1.jpg","character_count":1261,"formatted_date":"16\/08\/2022 - 08:35","contentNovo":"O SINPROFAZ, representado pelo presidente Achilles Frias, participou ontem (15) da Mesa de Abertura do II Semin\u00e1rio da Comiss\u00e3o da Advocacia P\u00fablica da OAB\/DF. O evento tem o apoio do Sindicato e integra as comemora\u00e7\u00f5es pelo M\u00eas das Advogadas e dos Advogados. Juntamente com o presidente do SINPROFAZ, compuseram a Mesa autoridades como o ministro da Advocacia-Geral da Uni\u00e3o, Bruno Bianco; o presidente do Conselho Federal da Ordem dos Advogados do Brasil, Beto Simonetti; o filiado e procurador-geral da Fazenda Nacional, Ricardo Soriano; e a filiada e vice-presidente da Comiss\u00e3o da Advocacia P\u00fablica da OAB\/DF, Jersilene Moura.\r\n\r\nAo fazer uso da palavra, Achilles Frias ressaltou a lideran\u00e7a do presidente da OAB\/DF, em cuja gest\u00e3o a Carreira vem marcando presen\u00e7a. \"Hoje temos uma filiada no posto de conselheira federal titular - reflexo do prest\u00edgio que os advogados p\u00fablicos possuem na gest\u00e3o de D\u00e9lio Lins e Silva. A advocacia p\u00fablica e a advocacia privada s\u00e3o uma s\u00f3. Que, neste semin\u00e1rio, possamos refor\u00e7ar essa importante unidade\", pleiteou o dirigente sindical. A fala foi seguida pelos cumprimentos da PFN Jersilene Moura: \"Os temas que aqui ser\u00e3o discutidos s\u00e3o transversais, de relev\u00e2ncia tanto para a advocacia privada, quanto para a advocacia p\u00fablica. \u00c9 uma grande satisfa\u00e7\u00e3o contar com a presen\u00e7a de todos\".\r\n\r\nAs exposi\u00e7\u00f5es foram encerradas com a fala de Bruno Bianco. Segundo o AGU, \"temos a certeza de que a Ordem dos Advogados do Brasil estar\u00e1 sempre com a advocacia p\u00fablica e que a advocacia p\u00fablica sempre estar\u00e1 ao lado da OAB. N\u00f3s somos a Ordem dos Advogados do Brasil. Esta \u00e9 a nossa casa\". No mesmo sentido, Beto Simonetti refor\u00e7ou a irmandade entre as advocacias p\u00fablica e privada e a parceria entre a AGU e a OAB. \"Nos recentes registros da Ordem, talvez n\u00e3o tenhamos uma gest\u00e3o t\u00e3o alinhada com as pautas da Advocacia-Geral da Uni\u00e3o quanto esta \u00e9. Agrade\u00e7o publicamente ao ministro Bruno Bianco por toda a aten\u00e7\u00e3o. Juntos, construiremos o melhor para a advocacia brasileira.\"\r\n\r\n[gallery link=\"file\" ids=\"14907,14908,14909,14910,14911,14912\"]","_links":{"self":[{"href":"https:\/\/sinprofaz.org.br\/2024\/wp-json\/wp\/v2\/posts\/14905"}],"collection":[{"href":"https:\/\/sinprofaz.org.br\/2024\/wp-json\/wp\/v2\/posts"}],"about":[{"href":"https:\/\/sinprofaz.org.br\/2024\/wp-json\/wp\/v2\/types\/post"}],"author":[{"embeddable":true,"href":"https:\/\/sinprofaz.org.br\/2024\/wp-json\/wp\/v2\/users\/2"}],"replies":[{"embeddable":true,"href":"https:\/\/sinprofaz.org.br\/2024\/wp-json\/wp\/v2\/comments?post=14905"}],"version-history":[{"count":2,"href":"https:\/\/sinprofaz.org.br\/2024\/wp-json\/wp\/v2\/posts\/14905\/revisions"}],"predecessor-version":[{"id":14920,"href":"https:\/\/sinprofaz.org.br\/2024\/wp-json\/wp\/v2\/posts\/14905\/revisions\/14920"}],"wp:featuredmedia":[{"embeddable":true,"href":"https:\/\/sinprofaz.org.br\/2024\/wp-json\/wp\/v2\/media\/14906"}],"wp:attachment":[{"href":"https:\/\/sinprofaz.org.br\/2024\/wp-json\/wp\/v2\/media?parent=14905"}],"wp:term":[{"taxonomy":"category","embeddable":true,"href":"https:\/\/sinprofaz.org.br\/2024\/wp-json\/wp\/v2\/categories?post=14905"},{"taxonomy":"post_tag","embeddable":true,"href":"https:\/\/sinprofaz.org.br\/2024\/wp-json\/wp\/v2\/tags?post=14905"}],"curies":[{"name":"wp","href":"https:\/\/api.w.org\/{rel}","templated":true}]}}