{"id":14876,"date":"2022-08-08T08:17:52","date_gmt":"2022-08-08T11:17:52","guid":{"rendered":"http:\/\/www.sinprofaz.org.br\/?p=14876"},"modified":"2022-08-08T08:44:55","modified_gmt":"2022-08-08T11:44:55","slug":"sinprofaz-se-reune-com-procurador-geral-adjunto-de-gestao-da-divida-ativa-da-uniao","status":"publish","type":"post","link":"https:\/\/sinprofaz.org.br\/2024\/noticias\/sinprofaz-se-reune-com-procurador-geral-adjunto-de-gestao-da-divida-ativa-da-uniao\/","title":{"rendered":"SINPROFAZ SE RE\u00daNE COM PROCURADOR-GERAL ADJUNTO DE GEST\u00c3O DA D\u00cdVIDA ATIVA DA UNI\u00c3O"},"content":{"rendered":"<p>O SINPROFAZ, representado pelo presidente Achilles Frias, esteve reunido na quinta-feira (4) com filiados integrantes da c\u00fapula da PGFN. Da reuni\u00e3o, realizada na sede da Institui\u00e7\u00e3o, em Bras\u00edlia\/DF, participaram Jo\u00e3o Henrique Grognet, procurador-geral adjunto de Gest\u00e3o da D\u00edvida Ativa da Uni\u00e3o e do FGTS; Cristiano Neuenschwander, ex-procurador-geral adjunto e atual chefe da Assessoria Especial para Assuntos Parlamentares do Minist\u00e9rio da Economia; Darlon Costa Duarte, coordenador-geral de Estrat\u00e9gia de Recupera\u00e7\u00e3o de Cr\u00e9ditos; e Daniel de Saboia Xavier, assessor na Adjuntoria da Gest\u00e3o da D\u00edvida Ativa da Uni\u00e3o e do FGTS. Durante o encontro, foram abordados temas relativos especialmente \u00e0 atua\u00e7\u00e3o da Carreira na recupera\u00e7\u00e3o dos cr\u00e9ditos p\u00fablicos.<\/p>\n<p>Ao abrir a reuni\u00e3o, Achilles Frias teceu elogios aos Colegas pelo incans\u00e1vel trabalho que, empreendido durante anos, resultou na evidente evolu\u00e7\u00e3o da PGFN. De acordo com o dirigente sindical, a Institui\u00e7\u00e3o passou por uma importante transforma\u00e7\u00e3o, principalmente no que se refere ao modelo de cobran\u00e7a da d\u00edvida ativa da Uni\u00e3o e ao implemento de instrumentos inovadores como a transa\u00e7\u00e3o tribut\u00e1ria. Segundo o presidente do SINPROFAZ, no entanto, ainda h\u00e1 graves problemas a serem superados. A sobrecarga de trabalho e a aus\u00eancia da carreira de apoio, por exemplo, impedem que os PFNs exer\u00e7am plenamente a atividade jur\u00eddica para a qual s\u00e3o t\u00e3o preparados.<\/p>\n<p>Ao fazer uso da palavra, Jo\u00e3o Henrique Grognet ressaltou o interesse em manter um di\u00e1logo permanente com a Diretoria do Sindicato, de modo que o SINPROFAZ possa levar \u00e0 Administra\u00e7\u00e3o as demandas e sugest\u00f5es que prov\u00eam dos Colegas da base. Quanto aos desafios da Institui\u00e7\u00e3o, Grognet reconheceu que os atuais recursos humanos n\u00e3o s\u00e3o suficientes para a realiza\u00e7\u00e3o de todas as pol\u00edticas p\u00fablicas que a PGFN poderia executar. Por isso, a equipe segue estudando as possibilidades para a cria\u00e7\u00e3o da carreira de apoio e, de forma paralela, para a equaliza\u00e7\u00e3o da carga de trabalho.<\/p>\n\n\t\t<style type=\"text\/css\">\n\t\t\t#gallery-1 {\n\t\t\t\tmargin: auto;\n\t\t\t}\n\t\t\t#gallery-1 .gallery-item {\n\t\t\t\tfloat: left;\n\t\t\t\tmargin-top: 10px;\n\t\t\t\ttext-align: center;\n\t\t\t\twidth: 33%;\n\t\t\t}\n\t\t\t#gallery-1 img {\n\t\t\t\tborder: 2px solid #cfcfcf;\n\t\t\t}\n\t\t\t#gallery-1 .gallery-caption {\n\t\t\t\tmargin-left: 0;\n\t\t\t}\n\t\t\t\/* see gallery_shortcode() in wp-includes\/media.php *\/\n\t\t<\/style>\n\t\t<div id='gallery-1' class='gallery galleryid-14876 gallery-columns-3 gallery-size-thumbnail'><dl class='gallery-item'>\n\t\t\t<dt class='gallery-icon landscape'>\n\t\t\t\t<a href='https:\/\/sinprofaz.org.br\/2024\/wp-content\/uploads\/2022\/08\/PGFN-2.jpg'><img loading=\"lazy\" decoding=\"async\" width=\"150\" height=\"150\" src=\"https:\/\/sinprofaz.org.br\/2024\/wp-content\/uploads\/2022\/08\/PGFN-2-150x150.jpg\" class=\"attachment-thumbnail size-thumbnail\" alt=\"\" \/><\/a>\n\t\t\t<\/dt><\/dl><dl class='gallery-item'>\n\t\t\t<dt class='gallery-icon landscape'>\n\t\t\t\t<a href='https:\/\/sinprofaz.org.br\/2024\/wp-content\/uploads\/2022\/08\/PGFN-3.jpg'><img loading=\"lazy\" decoding=\"async\" width=\"150\" height=\"150\" src=\"https:\/\/sinprofaz.org.br\/2024\/wp-content\/uploads\/2022\/08\/PGFN-3-150x150.jpg\" class=\"attachment-thumbnail size-thumbnail\" alt=\"\" \/><\/a>\n\t\t\t<\/dt><\/dl>\n\t\t\t<br style='clear: both' \/>\n\t\t<\/div>\n\n","protected":false},"excerpt":{"rendered":"<p>O SINPROFAZ, representado pelo presidente Achilles Frias, esteve reunido com filiados integrantes da Administra\u00e7\u00e3o da PGFN. Da reuni\u00e3o em Bras\u00edlia\/DF, participaram Jo\u00e3o Grognet, Cristiano Neuenschwander, Darlon Duarte e Daniel de Saboia. <\/p>\n","protected":false},"author":2,"featured_media":14877,"comment_status":"open","ping_status":"open","sticky":false,"template":"","format":"standard","meta":{"footnotes":""},"categories":[8],"tags":[32,44,25],"featured_image_url":"https:\/\/sinprofaz.org.br\/2024\/wp-content\/uploads\/2022\/08\/PGFN-1.jpg","character_count":1209,"formatted_date":"08\/08\/2022 - 08:17","contentNovo":"O SINPROFAZ, representado pelo presidente Achilles Frias, esteve reunido na quinta-feira (4) com filiados integrantes da c\u00fapula da PGFN. Da reuni\u00e3o, realizada na sede da Institui\u00e7\u00e3o, em Bras\u00edlia\/DF, participaram Jo\u00e3o Henrique Grognet, procurador-geral adjunto de Gest\u00e3o da D\u00edvida Ativa da Uni\u00e3o e do FGTS; Cristiano Neuenschwander, ex-procurador-geral adjunto e atual chefe da Assessoria Especial para Assuntos Parlamentares do Minist\u00e9rio da Economia; Darlon Costa Duarte, coordenador-geral de Estrat\u00e9gia de Recupera\u00e7\u00e3o de Cr\u00e9ditos; e Daniel de Saboia Xavier, assessor na Adjuntoria da Gest\u00e3o da D\u00edvida Ativa da Uni\u00e3o e do FGTS. Durante o encontro, foram abordados temas relativos especialmente \u00e0 atua\u00e7\u00e3o da Carreira na recupera\u00e7\u00e3o dos cr\u00e9ditos p\u00fablicos.\r\n\r\nAo abrir a reuni\u00e3o, Achilles Frias teceu elogios aos Colegas pelo incans\u00e1vel trabalho que, empreendido durante anos, resultou na evidente evolu\u00e7\u00e3o da PGFN. De acordo com o dirigente sindical, a Institui\u00e7\u00e3o passou por uma importante transforma\u00e7\u00e3o, principalmente no que se refere ao modelo de cobran\u00e7a da d\u00edvida ativa da Uni\u00e3o e ao implemento de instrumentos inovadores como a transa\u00e7\u00e3o tribut\u00e1ria. Segundo o presidente do SINPROFAZ, no entanto, ainda h\u00e1 graves problemas a serem superados. A sobrecarga de trabalho e a aus\u00eancia da carreira de apoio, por exemplo, impedem que os PFNs exer\u00e7am plenamente a atividade jur\u00eddica para a qual s\u00e3o t\u00e3o preparados.\r\n\r\nAo fazer uso da palavra, Jo\u00e3o Henrique Grognet ressaltou o interesse em manter um di\u00e1logo permanente com a Diretoria do Sindicato, de modo que o SINPROFAZ possa levar \u00e0 Administra\u00e7\u00e3o as demandas e sugest\u00f5es que prov\u00eam dos Colegas da base. Quanto aos desafios da Institui\u00e7\u00e3o, Grognet reconheceu que os atuais recursos humanos n\u00e3o s\u00e3o suficientes para a realiza\u00e7\u00e3o de todas as pol\u00edticas p\u00fablicas que a PGFN poderia executar. Por isso, a equipe segue estudando as possibilidades para a cria\u00e7\u00e3o da carreira de apoio e, de forma paralela, para a equaliza\u00e7\u00e3o da carga de trabalho.\r\n\r\n[gallery link=\"file\" ids=\"14878,14879\"]","_links":{"self":[{"href":"https:\/\/sinprofaz.org.br\/2024\/wp-json\/wp\/v2\/posts\/14876"}],"collection":[{"href":"https:\/\/sinprofaz.org.br\/2024\/wp-json\/wp\/v2\/posts"}],"about":[{"href":"https:\/\/sinprofaz.org.br\/2024\/wp-json\/wp\/v2\/types\/post"}],"author":[{"embeddable":true,"href":"https:\/\/sinprofaz.org.br\/2024\/wp-json\/wp\/v2\/users\/2"}],"replies":[{"embeddable":true,"href":"https:\/\/sinprofaz.org.br\/2024\/wp-json\/wp\/v2\/comments?post=14876"}],"version-history":[{"count":2,"href":"https:\/\/sinprofaz.org.br\/2024\/wp-json\/wp\/v2\/posts\/14876\/revisions"}],"predecessor-version":[{"id":14881,"href":"https:\/\/sinprofaz.org.br\/2024\/wp-json\/wp\/v2\/posts\/14876\/revisions\/14881"}],"wp:featuredmedia":[{"embeddable":true,"href":"https:\/\/sinprofaz.org.br\/2024\/wp-json\/wp\/v2\/media\/14877"}],"wp:attachment":[{"href":"https:\/\/sinprofaz.org.br\/2024\/wp-json\/wp\/v2\/media?parent=14876"}],"wp:term":[{"taxonomy":"category","embeddable":true,"href":"https:\/\/sinprofaz.org.br\/2024\/wp-json\/wp\/v2\/categories?post=14876"},{"taxonomy":"post_tag","embeddable":true,"href":"https:\/\/sinprofaz.org.br\/2024\/wp-json\/wp\/v2\/tags?post=14876"}],"curies":[{"name":"wp","href":"https:\/\/api.w.org\/{rel}","templated":true}]}}