{"id":14850,"date":"2022-07-29T08:17:49","date_gmt":"2022-07-29T11:17:49","guid":{"rendered":"http:\/\/www.sinprofaz.org.br\/?p=14850"},"modified":"2022-08-01T10:05:41","modified_gmt":"2022-08-01T13:05:41","slug":"ocorrem-hoje-as-eleicoes-para-os-novos-membros-do-ccha-participe-da-votacao","status":"publish","type":"post","link":"https:\/\/sinprofaz.org.br\/2024\/noticias\/ocorrem-hoje-as-eleicoes-para-os-novos-membros-do-ccha-participe-da-votacao\/","title":{"rendered":"OCORREM HOJE AS ELEI\u00c7\u00d5ES PARA OS NOVOS MEMBROS DO CCHA. PARTICIPE DA VOTA\u00c7\u00c3O!"},"content":{"rendered":"<p>O SINPROFAZ convoca procuradoras e procuradores da Fazenda Nacional ativos para participarem HOJE (29) da elei\u00e7\u00e3o dos novos membros do CCHA. Ser\u00e3o eleitos os representantes titulares e suplentes de cada carreira da AGU, assim como os novos integrantes do Conselho Fiscal.<\/p>\n<p>Para a representa\u00e7\u00e3o dos PFNs, concorre uma chapa \u00fanica, formada pelos filiados Rog\u00e9rio Campos (titular) e Daniel de Saboia Xavier (suplente). O tamb\u00e9m filiado Rafael Pedroso Colembergue concorre para a representa\u00e7\u00e3o da Carreira no Conselho Fiscal.<\/p>\n<p>Os interessados poder\u00e3o votar at\u00e9 as 22h, exclusivamente por meio do sistema dispon\u00edvel em <a href=\"https:\/\/www.conselhocurador.com.br\/\">www.conselhocurador.com.br<\/a>. O eleitor ser\u00e1 identificado a partir do <em>login<\/em> no site do CCHA (com a utiliza\u00e7\u00e3o do <em>token<\/em>). O exerc\u00edcio do voto ser\u00e1 poss\u00edvel apenas aos advogados p\u00fablicos federais em atividade.<\/p>\n<p>O resultado ser\u00e1 proclamado pela Comiss\u00e3o Eleitoral e Apuradora no dia 1\u00ba de agosto de 2022. Pela organiza\u00e7\u00e3o do pleito, o SINPROFAZ parabeniza a referida Comiss\u00e3o na pessoa do filiado Cristiano Neuenschwander Lins de Morais, representante da Carreira.<\/p>\n","protected":false},"excerpt":{"rendered":"<p>O SINPROFAZ convoca procuradoras e procuradores da Fazenda Nacional ativos para participarem da elei\u00e7\u00e3o dos novos membros do CCHA. Ser\u00e3o eleitos os representantes de cada carreira e os novos integrantes do Conselho Fiscal.<\/p>\n","protected":false},"author":2,"featured_media":11737,"comment_status":"open","ping_status":"open","sticky":false,"template":"","format":"standard","meta":{"footnotes":""},"categories":[8],"tags":[43,32,71,146],"featured_image_url":"https:\/\/sinprofaz.org.br\/2024\/wp-content\/uploads\/2020\/07\/logo-sinprofaz-1.png","character_count":549,"formatted_date":"29\/07\/2022 - 08:17","contentNovo":"O SINPROFAZ convoca procuradoras e procuradores da Fazenda Nacional ativos para participarem HOJE (29) da elei\u00e7\u00e3o dos novos membros do CCHA. Ser\u00e3o eleitos os representantes titulares e suplentes de cada carreira da AGU, assim como os novos integrantes do Conselho Fiscal.\r\n\r\nPara a representa\u00e7\u00e3o dos PFNs, concorre uma chapa \u00fanica, formada pelos filiados Rog\u00e9rio Campos (titular) e Daniel de Saboia Xavier (suplente). O tamb\u00e9m filiado Rafael Pedroso Colembergue concorre para a representa\u00e7\u00e3o da Carreira no Conselho Fiscal.\r\n\r\nOs interessados poder\u00e3o votar at\u00e9 as 22h, exclusivamente por meio do sistema dispon\u00edvel em <a href=\"https:\/\/www.conselhocurador.com.br\/\">www.conselhocurador.com.br<\/a>. O eleitor ser\u00e1 identificado a partir do <em>login<\/em> no site do CCHA (com a utiliza\u00e7\u00e3o do <em>token<\/em>). O exerc\u00edcio do voto ser\u00e1 poss\u00edvel apenas aos advogados p\u00fablicos federais em atividade.\r\n\r\nO resultado ser\u00e1 proclamado pela Comiss\u00e3o Eleitoral e Apuradora no dia 1\u00ba de agosto de 2022. Pela organiza\u00e7\u00e3o do pleito, o SINPROFAZ parabeniza a referida Comiss\u00e3o na pessoa do filiado Cristiano Neuenschwander Lins de Morais, representante da Carreira.","_links":{"self":[{"href":"https:\/\/sinprofaz.org.br\/2024\/wp-json\/wp\/v2\/posts\/14850"}],"collection":[{"href":"https:\/\/sinprofaz.org.br\/2024\/wp-json\/wp\/v2\/posts"}],"about":[{"href":"https:\/\/sinprofaz.org.br\/2024\/wp-json\/wp\/v2\/types\/post"}],"author":[{"embeddable":true,"href":"https:\/\/sinprofaz.org.br\/2024\/wp-json\/wp\/v2\/users\/2"}],"replies":[{"embeddable":true,"href":"https:\/\/sinprofaz.org.br\/2024\/wp-json\/wp\/v2\/comments?post=14850"}],"version-history":[{"count":2,"href":"https:\/\/sinprofaz.org.br\/2024\/wp-json\/wp\/v2\/posts\/14850\/revisions"}],"predecessor-version":[{"id":14855,"href":"https:\/\/sinprofaz.org.br\/2024\/wp-json\/wp\/v2\/posts\/14850\/revisions\/14855"}],"wp:featuredmedia":[{"embeddable":true,"href":"https:\/\/sinprofaz.org.br\/2024\/wp-json\/wp\/v2\/media\/11737"}],"wp:attachment":[{"href":"https:\/\/sinprofaz.org.br\/2024\/wp-json\/wp\/v2\/media?parent=14850"}],"wp:term":[{"taxonomy":"category","embeddable":true,"href":"https:\/\/sinprofaz.org.br\/2024\/wp-json\/wp\/v2\/categories?post=14850"},{"taxonomy":"post_tag","embeddable":true,"href":"https:\/\/sinprofaz.org.br\/2024\/wp-json\/wp\/v2\/tags?post=14850"}],"curies":[{"name":"wp","href":"https:\/\/api.w.org\/{rel}","templated":true}]}}