{"id":14785,"date":"2022-07-05T08:23:02","date_gmt":"2022-07-05T11:23:02","guid":{"rendered":"http:\/\/www.sinprofaz.org.br\/?p=14785"},"modified":"2022-07-06T17:10:07","modified_gmt":"2022-07-06T20:10:07","slug":"sinprofaz-preside-mesa-em-xx-congresso-de-direito-tributario-em-questao","status":"publish","type":"post","link":"https:\/\/sinprofaz.org.br\/2024\/noticias\/sinprofaz-preside-mesa-em-xx-congresso-de-direito-tributario-em-questao\/","title":{"rendered":"SINPROFAZ PRESIDE MESA EM XX CONGRESSO DE DIREITO TRIBUT\u00c1RIO EM QUEST\u00c3O"},"content":{"rendered":"<p>A vice-presidente do SINPROFAZ, Iolanda Guindani, mediou os debates em mesa sobre o tema &#8220;Simples Nacional &#8211; Perspectivas de atualiza\u00e7\u00e3o e aspectos cont\u00e1beis do regime de tributa\u00e7\u00e3o simplificada&#8221;. A mesa presidida pela dirigente sindical fez parte da programa\u00e7\u00e3o do XX Congresso de Direito Tribut\u00e1rio em Quest\u00e3o.<\/p>\n<p>Realizado de 1\u00ba a 3 de julho em Gramado\/RS, o Congresso contou com a presen\u00e7a de cerca de tr\u00eas dezenas de procuradoras e procuradores da Fazenda Nacional, dentre os quais o procurador-regional da 4\u00aa Regi\u00e3o, Rafael Dias Degani, e o procurador-chefe da Defesa na PRFN4, Carlos Eduardo Wandscheer. Muitos dos PFNs presentes participaram como painelistas.<\/p>\n<p>Quanto \u00e0 mesa presidida por Iolanda Guindani, participaram como expositores os especialistas Leandro Paulsen, desembargador federal do TRF\/4\u00aa Regi\u00e3o; Lina Santin, coordenadora executiva do N\u00facleo de Estudos Fiscais da Funda\u00e7\u00e3o Get\u00falio Vargas (NEF\/FGV); e Silas Santiago, doutorando em Direito Constitucional.<\/p>\n<p>Realizado pela Funda\u00e7\u00e3o Escola Superior de Direito Tribut\u00e1rio (FESDT), o XX Congresso de Direito Tribut\u00e1rio em Quest\u00e3o teve como presidente de honra o professor Paulo de Barros Carvalho. Al\u00e9m dos valiosos debates, o evento proporcionou o contato com Colegas do Rio Grande do Sul e a an\u00e1lise de quest\u00f5es particulares da PRFN4.<\/p>\n","protected":false},"excerpt":{"rendered":"<p>A vice-presidente Iolanda Guindani mediou os debates em mesa sobre o tema &#8220;Simples Nacional &#8211; Perspectivas de atualiza\u00e7\u00e3o e aspectos cont\u00e1beis do regime de tributa\u00e7\u00e3o simplificada&#8221;. A mesa fez parte da programa\u00e7\u00e3o do XX Congresso de Direito Tribut\u00e1rio em Quest\u00e3o.<\/p>\n","protected":false},"author":2,"featured_media":14786,"comment_status":"open","ping_status":"open","sticky":false,"template":"","format":"standard","meta":{"footnotes":""},"categories":[8],"tags":[32,29,25],"featured_image_url":"https:\/\/sinprofaz.org.br\/2024\/wp-content\/uploads\/2022\/07\/Nota-Sinprofaz-1.jpg","character_count":674,"formatted_date":"05\/07\/2022 - 08:23","contentNovo":"A vice-presidente do SINPROFAZ, Iolanda Guindani, mediou os debates em mesa sobre o tema \"Simples Nacional - Perspectivas de atualiza\u00e7\u00e3o e aspectos cont\u00e1beis do regime de tributa\u00e7\u00e3o simplificada\". A mesa presidida pela dirigente sindical fez parte da programa\u00e7\u00e3o do XX Congresso de Direito Tribut\u00e1rio em Quest\u00e3o.\r\n\r\nRealizado de 1\u00ba a 3 de julho em Gramado\/RS, o Congresso contou com a presen\u00e7a de cerca de tr\u00eas dezenas de procuradoras e procuradores da Fazenda Nacional, dentre os quais o procurador-regional da 4\u00aa Regi\u00e3o, Rafael Dias Degani, e o procurador-chefe da Defesa na PRFN4, Carlos Eduardo Wandscheer. Muitos dos PFNs presentes participaram como painelistas.\r\n\r\nQuanto \u00e0 mesa presidida por Iolanda Guindani, participaram como expositores os especialistas Leandro Paulsen, desembargador federal do TRF\/4\u00aa Regi\u00e3o; Lina Santin, coordenadora executiva do N\u00facleo de Estudos Fiscais da Funda\u00e7\u00e3o Get\u00falio Vargas (NEF\/FGV); e Silas Santiago, doutorando em Direito Constitucional.\r\n\r\nRealizado pela Funda\u00e7\u00e3o Escola Superior de Direito Tribut\u00e1rio (FESDT), o XX Congresso de Direito Tribut\u00e1rio em Quest\u00e3o teve como presidente de honra o professor Paulo de Barros Carvalho. Al\u00e9m dos valiosos debates, o evento proporcionou o contato com Colegas do Rio Grande do Sul e a an\u00e1lise de quest\u00f5es particulares da PRFN4.","_links":{"self":[{"href":"https:\/\/sinprofaz.org.br\/2024\/wp-json\/wp\/v2\/posts\/14785"}],"collection":[{"href":"https:\/\/sinprofaz.org.br\/2024\/wp-json\/wp\/v2\/posts"}],"about":[{"href":"https:\/\/sinprofaz.org.br\/2024\/wp-json\/wp\/v2\/types\/post"}],"author":[{"embeddable":true,"href":"https:\/\/sinprofaz.org.br\/2024\/wp-json\/wp\/v2\/users\/2"}],"replies":[{"embeddable":true,"href":"https:\/\/sinprofaz.org.br\/2024\/wp-json\/wp\/v2\/comments?post=14785"}],"version-history":[{"count":2,"href":"https:\/\/sinprofaz.org.br\/2024\/wp-json\/wp\/v2\/posts\/14785\/revisions"}],"predecessor-version":[{"id":14796,"href":"https:\/\/sinprofaz.org.br\/2024\/wp-json\/wp\/v2\/posts\/14785\/revisions\/14796"}],"wp:featuredmedia":[{"embeddable":true,"href":"https:\/\/sinprofaz.org.br\/2024\/wp-json\/wp\/v2\/media\/14786"}],"wp:attachment":[{"href":"https:\/\/sinprofaz.org.br\/2024\/wp-json\/wp\/v2\/media?parent=14785"}],"wp:term":[{"taxonomy":"category","embeddable":true,"href":"https:\/\/sinprofaz.org.br\/2024\/wp-json\/wp\/v2\/categories?post=14785"},{"taxonomy":"post_tag","embeddable":true,"href":"https:\/\/sinprofaz.org.br\/2024\/wp-json\/wp\/v2\/tags?post=14785"}],"curies":[{"name":"wp","href":"https:\/\/api.w.org\/{rel}","templated":true}]}}