{"id":14783,"date":"2022-07-04T08:44:41","date_gmt":"2022-07-04T11:44:41","guid":{"rendered":"http:\/\/www.sinprofaz.org.br\/?p=14783"},"modified":"2022-07-05T09:16:09","modified_gmt":"2022-07-05T12:16:09","slug":"procurador-geral-da-fazenda-nacional-recebe-sinprofaz-2","status":"publish","type":"post","link":"https:\/\/sinprofaz.org.br\/2024\/noticias\/procurador-geral-da-fazenda-nacional-recebe-sinprofaz-2\/","title":{"rendered":"PROCURADOR-GERAL DA FAZENDA NACIONAL RECEBE SINPROFAZ"},"content":{"rendered":"<p>O procurador-geral da Fazenda Nacional, Ricardo Soriano, recebeu o presidente do SINPROFAZ, Achilles Frias. A reuni\u00e3o ocorreu na sede da PGFN, localizada na Esplanada dos Minist\u00e9rios, em Bras\u00edlia\/DF.<\/p>\n<p>Na ocasi\u00e3o, foram discutidas quest\u00f5es concernentes \u00e0 posi\u00e7\u00e3o institucional da PGFN. Nesse particular, tanto o procurador-geral quanto o dirigente sindical anu\u00edram que a posi\u00e7\u00e3o singular da Institui\u00e7\u00e3o imp\u00f5e cautelas que devem ser cuidadosamente consideradas, de modo a permitir a manuten\u00e7\u00e3o da excel\u00eancia do \u00f3rg\u00e3o, bem como seu crescente \u00eaxito em todos os aspectos.<\/p>\n<p>Preocupa\u00e7\u00f5es da Carreira relativas, entre outros, \u00e0 manuten\u00e7\u00e3o de prerrogativas e ao aprimoramento da estrutura da Institui\u00e7\u00e3o tamb\u00e9m foram tratadas.<\/p>\n<p>&#8220;A PGFN evoluiu muito ao longo dos anos. Entregamos mais \u00e0 sociedade, gra\u00e7as ao esfor\u00e7o de todos. N\u00e3o trabalhamos com a ideia de retrocessos, e aguardamos o novo concurso para que todo progresso possa continuar com equil\u00edbrio. Sabemos que n\u00e3o \u00e9 o \u00fanico aspecto importante para nossa Institui\u00e7\u00e3o, mas \u00e9 algo caro a todos n\u00f3s, e estamos acompanhando&#8221;, refletiu o procurador-geral.<\/p>\n","protected":false},"excerpt":{"rendered":"<p>Na ocasi\u00e3o, foram discutidas quest\u00f5es concernentes \u00e0 posi\u00e7\u00e3o institucional da PGFN. Nesse particular, tanto o procurador-geral quanto o dirigente sindical anu\u00edram que a posi\u00e7\u00e3o singular da Institui\u00e7\u00e3o imp\u00f5e cautelas que devem ser cuidadosamente consideradas, de modo a permitir a manuten\u00e7\u00e3o da excel\u00eancia do \u00f3rg\u00e3o.<\/p>\n","protected":false},"author":2,"featured_media":14781,"comment_status":"open","ping_status":"open","sticky":false,"template":"","format":"standard","meta":{"footnotes":""},"categories":[8],"tags":[32,44,25],"featured_image_url":"https:\/\/sinprofaz.org.br\/2024\/wp-content\/uploads\/2022\/07\/Nota-Sinprofaz.jpg","character_count":574,"formatted_date":"04\/07\/2022 - 08:44","contentNovo":"O procurador-geral da Fazenda Nacional, Ricardo Soriano, recebeu o presidente do SINPROFAZ, Achilles Frias. A reuni\u00e3o ocorreu na sede da PGFN, localizada na Esplanada dos Minist\u00e9rios, em Bras\u00edlia\/DF.\r\n\r\nNa ocasi\u00e3o, foram discutidas quest\u00f5es concernentes \u00e0 posi\u00e7\u00e3o institucional da PGFN. Nesse particular, tanto o procurador-geral quanto o dirigente sindical anu\u00edram que a posi\u00e7\u00e3o singular da Institui\u00e7\u00e3o imp\u00f5e cautelas que devem ser cuidadosamente consideradas, de modo a permitir a manuten\u00e7\u00e3o da excel\u00eancia do \u00f3rg\u00e3o, bem como seu crescente \u00eaxito em todos os aspectos.\r\n\r\nPreocupa\u00e7\u00f5es da Carreira relativas, entre outros, \u00e0 manuten\u00e7\u00e3o de prerrogativas e ao aprimoramento da estrutura da Institui\u00e7\u00e3o tamb\u00e9m foram tratadas.\r\n\r\n\"A PGFN evoluiu muito ao longo dos anos. Entregamos mais \u00e0 sociedade, gra\u00e7as ao esfor\u00e7o de todos. N\u00e3o trabalhamos com a ideia de retrocessos, e aguardamos o novo concurso para que todo progresso possa continuar com equil\u00edbrio. Sabemos que n\u00e3o \u00e9 o \u00fanico aspecto importante para nossa Institui\u00e7\u00e3o, mas \u00e9 algo caro a todos n\u00f3s, e estamos acompanhando\", refletiu o procurador-geral.","_links":{"self":[{"href":"https:\/\/sinprofaz.org.br\/2024\/wp-json\/wp\/v2\/posts\/14783"}],"collection":[{"href":"https:\/\/sinprofaz.org.br\/2024\/wp-json\/wp\/v2\/posts"}],"about":[{"href":"https:\/\/sinprofaz.org.br\/2024\/wp-json\/wp\/v2\/types\/post"}],"author":[{"embeddable":true,"href":"https:\/\/sinprofaz.org.br\/2024\/wp-json\/wp\/v2\/users\/2"}],"replies":[{"embeddable":true,"href":"https:\/\/sinprofaz.org.br\/2024\/wp-json\/wp\/v2\/comments?post=14783"}],"version-history":[{"count":2,"href":"https:\/\/sinprofaz.org.br\/2024\/wp-json\/wp\/v2\/posts\/14783\/revisions"}],"predecessor-version":[{"id":14789,"href":"https:\/\/sinprofaz.org.br\/2024\/wp-json\/wp\/v2\/posts\/14783\/revisions\/14789"}],"wp:featuredmedia":[{"embeddable":true,"href":"https:\/\/sinprofaz.org.br\/2024\/wp-json\/wp\/v2\/media\/14781"}],"wp:attachment":[{"href":"https:\/\/sinprofaz.org.br\/2024\/wp-json\/wp\/v2\/media?parent=14783"}],"wp:term":[{"taxonomy":"category","embeddable":true,"href":"https:\/\/sinprofaz.org.br\/2024\/wp-json\/wp\/v2\/categories?post=14783"},{"taxonomy":"post_tag","embeddable":true,"href":"https:\/\/sinprofaz.org.br\/2024\/wp-json\/wp\/v2\/tags?post=14783"}],"curies":[{"name":"wp","href":"https:\/\/api.w.org\/{rel}","templated":true}]}}