{"id":14754,"date":"2022-06-29T08:32:49","date_gmt":"2022-06-29T11:32:49","guid":{"rendered":"http:\/\/www.sinprofaz.org.br\/?p=14754"},"modified":"2022-07-01T10:30:09","modified_gmt":"2022-07-01T13:30:09","slug":"sinprofaz-ajuiza-cumprimento-de-sentenca-para-devolucao-da-cota-parte-do-auxilio-pre-escolar-e-do-imposto-de-renda-descontado-dos-filiados","status":"publish","type":"post","link":"https:\/\/sinprofaz.org.br\/2024\/noticias\/sinprofaz-ajuiza-cumprimento-de-sentenca-para-devolucao-da-cota-parte-do-auxilio-pre-escolar-e-do-imposto-de-renda-descontado-dos-filiados\/","title":{"rendered":"SINPROFAZ AJU\u00cdZA CUMPRIMENTO DE SENTEN\u00c7A PARA DEVOLU\u00c7\u00c3O DA COTA-PARTE DO AUX\u00cdLIO-PR\u00c9-ESCOLAR E DO IMPOSTO DE RENDA DESCONTADO DOS FILIADOS"},"content":{"rendered":"<p>O SINPROFAZ ingressou com o cumprimento de senten\u00e7a para a repeti\u00e7\u00e3o dos valores indevidamente descontados a t\u00edtulo de cota-parte e de imposto de renda sobre a rubrica de aux\u00edlio pr\u00e9-escolar, nos termos do t\u00edtulo executivo judicial formado nos autos do processo n\u00ba 0034832-25.2013.4.01.3400.<\/p>\n<p>O cumprimento de senten\u00e7a foi promovido nos pr\u00f3prios autos do processo, que tramita na 22\u00aa Vara Federal da Se\u00e7\u00e3o Judici\u00e1ria do Distrito Federal, pelo escrit\u00f3rio Mendes Plutarco Advocacia e Consultoria para todos os filiados do SINPROFAZ que gozam ou gozaram de aux\u00edlio pr\u00e9-escola, desde os cinco anos que antecederam o ajuizamento da a\u00e7\u00e3o.<\/p>\n<p>Os c\u00e1lculos iniciais do cumprimento de senten\u00e7a foram elaborados de acordo com as informa\u00e7\u00f5es financeiras encaminhadas ao SINPROFAZ pelo Minist\u00e9rio da Economia.<\/p>\n<p>Na eventualidade de algum dos filiados listados j\u00e1 ter ingressado com execu\u00e7\u00e3o individual sobre as mesmas verbas ou entender que teria direito \u00e0 verba e n\u00e3o constar da lista da execu\u00e7\u00e3o, solicitamos que seja encaminhado e-mail, com urg\u00eancia, para o canal <a href=\"mailto:falecomjuridico@sinprofaz.org.br\">falecomjuridico@sinprofaz.org.br<\/a>, a fim de que possamos requerer a sua inclus\u00e3o ou exclus\u00e3o. Informa\u00e7\u00f5es individualizadas poder\u00e3o ser obtida pelo mesmo canal.<\/p>\n<p>Atualmente, o cumprimento de senten\u00e7a aguarda despacho do Ju\u00edzo que determine a intima\u00e7\u00e3o da Uni\u00e3o para, querendo, oferecer impugna\u00e7\u00e3o. Seguiremos acompanhando a tramita\u00e7\u00e3o do processo, para garantir que os filiados recebam os valores devidos com m\u00e1xima celeridade.<\/p>\n","protected":false},"excerpt":{"rendered":"<p>O cumprimento de senten\u00e7a foi promovido nos pr\u00f3prios autos do processo, que tramita na 22\u00aa Vara Federal da Se\u00e7\u00e3o Judici\u00e1ria do Distrito Federal.<\/p>\n","protected":false},"author":2,"featured_media":11737,"comment_status":"open","ping_status":"open","sticky":false,"template":"","format":"standard","meta":{"footnotes":""},"categories":[8],"tags":[32,191,190,146,25],"featured_image_url":"https:\/\/sinprofaz.org.br\/2024\/wp-content\/uploads\/2020\/07\/logo-sinprofaz-1.png","character_count":760,"formatted_date":"29\/06\/2022 - 08:32","contentNovo":"O SINPROFAZ ingressou com o cumprimento de senten\u00e7a para a repeti\u00e7\u00e3o dos valores indevidamente descontados a t\u00edtulo de cota-parte e de imposto de renda sobre a rubrica de aux\u00edlio pr\u00e9-escolar, nos termos do t\u00edtulo executivo judicial formado nos autos do processo n\u00ba 0034832-25.2013.4.01.3400.\r\n\r\nO cumprimento de senten\u00e7a foi promovido nos pr\u00f3prios autos do processo, que tramita na 22\u00aa Vara Federal da Se\u00e7\u00e3o Judici\u00e1ria do Distrito Federal, pelo escrit\u00f3rio Mendes Plutarco Advocacia e Consultoria para todos os filiados do SINPROFAZ que gozam ou gozaram de aux\u00edlio pr\u00e9-escola, desde os cinco anos que antecederam o ajuizamento da a\u00e7\u00e3o.\r\n\r\nOs c\u00e1lculos iniciais do cumprimento de senten\u00e7a foram elaborados de acordo com as informa\u00e7\u00f5es financeiras encaminhadas ao SINPROFAZ pelo Minist\u00e9rio da Economia.\r\n\r\nNa eventualidade de algum dos filiados listados j\u00e1 ter ingressado com execu\u00e7\u00e3o individual sobre as mesmas verbas ou entender que teria direito \u00e0 verba e n\u00e3o constar da lista da execu\u00e7\u00e3o, solicitamos que seja encaminhado e-mail, com urg\u00eancia, para o canal <a href=\"mailto:falecomjuridico@sinprofaz.org.br\">falecomjuridico@sinprofaz.org.br<\/a>, a fim de que possamos requerer a sua inclus\u00e3o ou exclus\u00e3o. Informa\u00e7\u00f5es individualizadas poder\u00e3o ser obtida pelo mesmo canal.\r\n\r\nAtualmente, o cumprimento de senten\u00e7a aguarda despacho do Ju\u00edzo que determine a intima\u00e7\u00e3o da Uni\u00e3o para, querendo, oferecer impugna\u00e7\u00e3o. Seguiremos acompanhando a tramita\u00e7\u00e3o do processo, para garantir que os filiados recebam os valores devidos com m\u00e1xima celeridade.","_links":{"self":[{"href":"https:\/\/sinprofaz.org.br\/2024\/wp-json\/wp\/v2\/posts\/14754"}],"collection":[{"href":"https:\/\/sinprofaz.org.br\/2024\/wp-json\/wp\/v2\/posts"}],"about":[{"href":"https:\/\/sinprofaz.org.br\/2024\/wp-json\/wp\/v2\/types\/post"}],"author":[{"embeddable":true,"href":"https:\/\/sinprofaz.org.br\/2024\/wp-json\/wp\/v2\/users\/2"}],"replies":[{"embeddable":true,"href":"https:\/\/sinprofaz.org.br\/2024\/wp-json\/wp\/v2\/comments?post=14754"}],"version-history":[{"count":2,"href":"https:\/\/sinprofaz.org.br\/2024\/wp-json\/wp\/v2\/posts\/14754\/revisions"}],"predecessor-version":[{"id":14777,"href":"https:\/\/sinprofaz.org.br\/2024\/wp-json\/wp\/v2\/posts\/14754\/revisions\/14777"}],"wp:featuredmedia":[{"embeddable":true,"href":"https:\/\/sinprofaz.org.br\/2024\/wp-json\/wp\/v2\/media\/11737"}],"wp:attachment":[{"href":"https:\/\/sinprofaz.org.br\/2024\/wp-json\/wp\/v2\/media?parent=14754"}],"wp:term":[{"taxonomy":"category","embeddable":true,"href":"https:\/\/sinprofaz.org.br\/2024\/wp-json\/wp\/v2\/categories?post=14754"},{"taxonomy":"post_tag","embeddable":true,"href":"https:\/\/sinprofaz.org.br\/2024\/wp-json\/wp\/v2\/tags?post=14754"}],"curies":[{"name":"wp","href":"https:\/\/api.w.org\/{rel}","templated":true}]}}