{"id":14714,"date":"2022-06-15T09:12:18","date_gmt":"2022-06-15T12:12:18","guid":{"rendered":"http:\/\/www.sinprofaz.org.br\/?p=14714"},"modified":"2022-06-15T09:27:37","modified_gmt":"2022-06-15T12:27:37","slug":"sinprofaz-acompanha-audiencia-sobre-aperfeicoamento-da-advocacia-publica-federal","status":"publish","type":"post","link":"https:\/\/sinprofaz.org.br\/2024\/noticias\/sinprofaz-acompanha-audiencia-sobre-aperfeicoamento-da-advocacia-publica-federal\/","title":{"rendered":"SINPROFAZ ACOMPANHA AUDI\u00caNCIA SOBRE APERFEI\u00c7OAMENTO DA ADVOCACIA P\u00daBLICA FEDERAL"},"content":{"rendered":"<p>O SINPROFAZ, representado pelo presidente Achilles Frias, compareceu ontem (14) \u00e0 C\u00e2mara dos Deputados. Na data, foi realizada a primeira audi\u00eancia p\u00fablica do grupo de trabalho que debate o aperfei\u00e7oamento da Advocacia P\u00fablica Federal. Em exposi\u00e7\u00e3o aos presentes, Adler Anaximandro de Cruz e Alves, advogado-geral da Uni\u00e3o substituto, tratou da &#8220;Perspectiva da AGU sobre a Advocacia P\u00fablica Federal&#8221;, abordando temas de relev\u00e2ncia, como a cria\u00e7\u00e3o da carreira de apoio, o sucesso da transa\u00e7\u00e3o tribut\u00e1ria e a necessidade de paridade de armas com os \u00f3rg\u00e3os que litigam contra a Uni\u00e3o.<\/p>\n<p>A audi\u00eancia contou com a participa\u00e7\u00e3o do deputado federal e filiado, Tadeu Alencar (PSB\/PE). Advogado p\u00fablico desde 1993, o PFN destacou a import\u00e2ncia do amplo conhecimento com rela\u00e7\u00e3o ao trabalho desenvolvido pelos Membros da AGU. Segundo Tadeu Alencar, &#8220;o Parlamento conhece pouco a Advocacia-Geral da Uni\u00e3o. Por isso, tenho a expectativa de que possamos nos valer deste debate para construirmos um arcabou\u00e7o normativo que fa\u00e7a jus \u00e0 institui\u00e7\u00e3o republicana. Participarei de todos os debates e sugiro focarmos no que \u00e9 consenso. Essa ser\u00e1 a melhor maneira de demonstrarmos a import\u00e2ncia estrat\u00e9gica da AGU&#8221;.<\/p>\n<p>\u00c0 reuni\u00e3o, tamb\u00e9m compareceram o relator do GT, Andr\u00e9 Figueiredo (PDT\/CE); o coordenador dos trabalhos, Paulo Magalh\u00e3es (PSD\/BA); e os deputados Fausto Pinato (PP\/SP) e Paulo Ganime (Novo-RJ), integrantes do grupo. Ao encerrar a audi\u00eancia, o coordenador agradeceu os presentes pelas ricas exposi\u00e7\u00f5es e afirmou que &#8220;sa\u00edmos desta reuni\u00e3o com uma vis\u00e3o totalmente diferente da AGU. Tenho certeza de que, em breve, apresentaremos um bom trabalho visando mostrar ao povo o desempenho da Advocacia-Geral da Uni\u00e3o&#8221;. Para assistir \u00e0 \u00edntegra da audi\u00eancia, acesse: <a href=\"https:\/\/www2.camara.leg.br\/atividade-legislativa\/comissoes\/grupos-de-trabalho\/56a-legislatura\/gt-aperfeicoamento-advocacia-publica-federal\">bit.ly\/398fiAv<\/a>.<\/p>\n\n\t\t<style type=\"text\/css\">\n\t\t\t#gallery-1 {\n\t\t\t\tmargin: auto;\n\t\t\t}\n\t\t\t#gallery-1 .gallery-item {\n\t\t\t\tfloat: left;\n\t\t\t\tmargin-top: 10px;\n\t\t\t\ttext-align: center;\n\t\t\t\twidth: 33%;\n\t\t\t}\n\t\t\t#gallery-1 img {\n\t\t\t\tborder: 2px solid #cfcfcf;\n\t\t\t}\n\t\t\t#gallery-1 .gallery-caption {\n\t\t\t\tmargin-left: 0;\n\t\t\t}\n\t\t\t\/* see gallery_shortcode() in wp-includes\/media.php *\/\n\t\t<\/style>\n\t\t<div id='gallery-1' class='gallery galleryid-14714 gallery-columns-3 gallery-size-thumbnail'><dl class='gallery-item'>\n\t\t\t<dt class='gallery-icon landscape'>\n\t\t\t\t<a href='https:\/\/sinprofaz.org.br\/2024\/wp-content\/uploads\/2022\/06\/2.jpg'><img loading=\"lazy\" decoding=\"async\" width=\"150\" height=\"150\" src=\"https:\/\/sinprofaz.org.br\/2024\/wp-content\/uploads\/2022\/06\/2-150x150.jpg\" class=\"attachment-thumbnail size-thumbnail\" alt=\"\" \/><\/a>\n\t\t\t<\/dt><\/dl><dl class='gallery-item'>\n\t\t\t<dt class='gallery-icon landscape'>\n\t\t\t\t<a href='https:\/\/sinprofaz.org.br\/2024\/wp-content\/uploads\/2022\/06\/3.jpg'><img loading=\"lazy\" decoding=\"async\" width=\"150\" height=\"150\" src=\"https:\/\/sinprofaz.org.br\/2024\/wp-content\/uploads\/2022\/06\/3-150x150.jpg\" class=\"attachment-thumbnail size-thumbnail\" alt=\"\" \/><\/a>\n\t\t\t<\/dt><\/dl><dl class='gallery-item'>\n\t\t\t<dt class='gallery-icon landscape'>\n\t\t\t\t<a href='https:\/\/sinprofaz.org.br\/2024\/wp-content\/uploads\/2022\/06\/4.jpg'><img loading=\"lazy\" decoding=\"async\" width=\"150\" height=\"150\" src=\"https:\/\/sinprofaz.org.br\/2024\/wp-content\/uploads\/2022\/06\/4-150x150.jpg\" class=\"attachment-thumbnail size-thumbnail\" alt=\"\" \/><\/a>\n\t\t\t<\/dt><\/dl><br style=\"clear: both\" \/><dl class='gallery-item'>\n\t\t\t<dt class='gallery-icon landscape'>\n\t\t\t\t<a href='https:\/\/sinprofaz.org.br\/2024\/wp-content\/uploads\/2022\/06\/5.jpg'><img loading=\"lazy\" decoding=\"async\" width=\"150\" height=\"150\" src=\"https:\/\/sinprofaz.org.br\/2024\/wp-content\/uploads\/2022\/06\/5-150x150.jpg\" class=\"attachment-thumbnail size-thumbnail\" alt=\"\" \/><\/a>\n\t\t\t<\/dt><\/dl>\n\t\t\t<br style='clear: both' \/>\n\t\t<\/div>\n\n","protected":false},"excerpt":{"rendered":"<p>O SINPROFAZ, representado pelo presidente Achilles Frias, compareceu ontem (14) \u00e0 C\u00e2mara dos Deputados. Na data, foi realizada a primeira audi\u00eancia p\u00fablica do grupo de trabalho que debate o aperfei\u00e7oamento da Advocacia P\u00fablica Federal. Confira!<\/p>\n","protected":false},"author":2,"featured_media":14715,"comment_status":"open","ping_status":"open","sticky":false,"template":"","format":"standard","meta":{"footnotes":""},"categories":[8],"tags":[43,48,146,25],"featured_image_url":"https:\/\/sinprofaz.org.br\/2024\/wp-content\/uploads\/2022\/06\/1.jpg","character_count":1123,"formatted_date":"15\/06\/2022 - 09:12","contentNovo":"O SINPROFAZ, representado pelo presidente Achilles Frias, compareceu ontem (14) \u00e0 C\u00e2mara dos Deputados. Na data, foi realizada a primeira audi\u00eancia p\u00fablica do grupo de trabalho que debate o aperfei\u00e7oamento da Advocacia P\u00fablica Federal. Em exposi\u00e7\u00e3o aos presentes, Adler Anaximandro de Cruz e Alves, advogado-geral da Uni\u00e3o substituto, tratou da \"Perspectiva da AGU sobre a Advocacia P\u00fablica Federal\", abordando temas de relev\u00e2ncia, como a cria\u00e7\u00e3o da carreira de apoio, o sucesso da transa\u00e7\u00e3o tribut\u00e1ria e a necessidade de paridade de armas com os \u00f3rg\u00e3os que litigam contra a Uni\u00e3o.\r\n\r\nA audi\u00eancia contou com a participa\u00e7\u00e3o do deputado federal e filiado, Tadeu Alencar (PSB\/PE). Advogado p\u00fablico desde 1993, o PFN destacou a import\u00e2ncia do amplo conhecimento com rela\u00e7\u00e3o ao trabalho desenvolvido pelos Membros da AGU. Segundo Tadeu Alencar, \"o Parlamento conhece pouco a Advocacia-Geral da Uni\u00e3o. Por isso, tenho a expectativa de que possamos nos valer deste debate para construirmos um arcabou\u00e7o normativo que fa\u00e7a jus \u00e0 institui\u00e7\u00e3o republicana. Participarei de todos os debates e sugiro focarmos no que \u00e9 consenso. Essa ser\u00e1 a melhor maneira de demonstrarmos a import\u00e2ncia estrat\u00e9gica da AGU\".\r\n\r\n\u00c0 reuni\u00e3o, tamb\u00e9m compareceram o relator do GT, Andr\u00e9 Figueiredo (PDT\/CE); o coordenador dos trabalhos, Paulo Magalh\u00e3es (PSD\/BA); e os deputados Fausto Pinato (PP\/SP) e Paulo Ganime (Novo-RJ), integrantes do grupo. Ao encerrar a audi\u00eancia, o coordenador agradeceu os presentes pelas ricas exposi\u00e7\u00f5es e afirmou que \"sa\u00edmos desta reuni\u00e3o com uma vis\u00e3o totalmente diferente da AGU. Tenho certeza de que, em breve, apresentaremos um bom trabalho visando mostrar ao povo o desempenho da Advocacia-Geral da Uni\u00e3o\". Para assistir \u00e0 \u00edntegra da audi\u00eancia, acesse: <a href=\"https:\/\/www2.camara.leg.br\/atividade-legislativa\/comissoes\/grupos-de-trabalho\/56a-legislatura\/gt-aperfeicoamento-advocacia-publica-federal\">bit.ly\/398fiAv<\/a>.\r\n\r\n[gallery link=\"file\" ids=\"14716,14717,14718,14719\"]","_links":{"self":[{"href":"https:\/\/sinprofaz.org.br\/2024\/wp-json\/wp\/v2\/posts\/14714"}],"collection":[{"href":"https:\/\/sinprofaz.org.br\/2024\/wp-json\/wp\/v2\/posts"}],"about":[{"href":"https:\/\/sinprofaz.org.br\/2024\/wp-json\/wp\/v2\/types\/post"}],"author":[{"embeddable":true,"href":"https:\/\/sinprofaz.org.br\/2024\/wp-json\/wp\/v2\/users\/2"}],"replies":[{"embeddable":true,"href":"https:\/\/sinprofaz.org.br\/2024\/wp-json\/wp\/v2\/comments?post=14714"}],"version-history":[{"count":3,"href":"https:\/\/sinprofaz.org.br\/2024\/wp-json\/wp\/v2\/posts\/14714\/revisions"}],"predecessor-version":[{"id":14725,"href":"https:\/\/sinprofaz.org.br\/2024\/wp-json\/wp\/v2\/posts\/14714\/revisions\/14725"}],"wp:featuredmedia":[{"embeddable":true,"href":"https:\/\/sinprofaz.org.br\/2024\/wp-json\/wp\/v2\/media\/14715"}],"wp:attachment":[{"href":"https:\/\/sinprofaz.org.br\/2024\/wp-json\/wp\/v2\/media?parent=14714"}],"wp:term":[{"taxonomy":"category","embeddable":true,"href":"https:\/\/sinprofaz.org.br\/2024\/wp-json\/wp\/v2\/categories?post=14714"},{"taxonomy":"post_tag","embeddable":true,"href":"https:\/\/sinprofaz.org.br\/2024\/wp-json\/wp\/v2\/tags?post=14714"}],"curies":[{"name":"wp","href":"https:\/\/api.w.org\/{rel}","templated":true}]}}