{"id":14707,"date":"2022-06-13T08:17:29","date_gmt":"2022-06-13T11:17:29","guid":{"rendered":"http:\/\/www.sinprofaz.org.br\/?p=14707"},"modified":"2022-06-14T09:42:39","modified_gmt":"2022-06-14T12:42:39","slug":"sinprofaz-apresenta-candidatas-ao-conselho-superior-da-agu","status":"publish","type":"post","link":"https:\/\/sinprofaz.org.br\/2024\/noticias\/sinprofaz-apresenta-candidatas-ao-conselho-superior-da-agu\/","title":{"rendered":"SINPROFAZ APRESENTA CANDIDATAS AO CONSELHO SUPERIOR DA AGU"},"content":{"rendered":"<p>O SINPROFAZ convoca filiadas e filiados para participarem das elei\u00e7\u00f5es do Conselho Superior da Advocacia-Geral da Uni\u00e3o. As chapas eleitas para o colegiado, composto por dois representantes (titular e suplente) de cada carreira, atuar\u00e3o durante o bi\u00eanio 2022\/2024. \u00c9 com orgulho que o SINPROFAZ apresenta a dupla de candidatas \u00e0 representa\u00e7\u00e3o das Procuradoras e dos Procuradores da Fazenda Nacional: as filiadas Fernanda Santiago e Herta Rani.<\/p>\n<p><strong>Sobre a elei\u00e7\u00e3o<\/strong><br \/>\nAs elei\u00e7\u00f5es ser\u00e3o realizadas das 8h do dia 6 de julho \u00e0s 20h do dia 7 de julho, exclusivamente por meio do sistema informatizado de vota\u00e7\u00e3o. O voto ser\u00e1 secreto e facultativo, mas \u00e9 essencial que toda a Carreira participe. A Comiss\u00e3o Eleitoral e Apuradora se reunir\u00e1 em sess\u00e3o p\u00fablica, no dia 8 de julho, para homologar ou retificar a apura\u00e7\u00e3o dos votos realizada pelo sistema informatizado e, por fim, proclamar o resultado da elei\u00e7\u00e3o.<\/p>\n<p><strong>Sobre as candidatas<\/strong><br \/>\nFernanda Cimbra Santiago \u00e9 Servidora P\u00fablica Federal h\u00e1 19 anos. Procuradora da Fazenda Nacional desde 2016, ingressou na Carreira pela Procuradoria-Seccional de Osasco. Atualmente, \u00e9 lotada na Divis\u00e3o de Acompanhamento Especial (DIAES) da PRFN\/3. \u00c9 Especialista em Direito P\u00fablico (pela Universidade C\u00e2ndido Mendes &#8211; UCAM) e em Direito do Estado (pelo Centro de Estudos da Procuradoria-Geral do Estado de S\u00e3o Paulo &#8211; CEPGE\/SP). Mestranda em Direitos Humanos pela Universidade de S\u00e3o Paulo &#8211; USP e Graduada em Direito pela Universidade Federal Fluminense &#8211; UFF. Integra a Comiss\u00e3o de Igualdade Racial da OAB\/SP e \u00e9 Professora na Escola Superior da Advocacia (ESA\/SP). Colaborou como Gestora de Projeto no Comit\u00ea Igualdade Racial do Grupo Mulheres do Brasil, al\u00e9m de Conselheira no Instituto Brasileiro de Pesquisas e Estudos para o Desenvolvimento das Rela\u00e7\u00f5es Trabalhistas (ITRAB), que analisa as condi\u00e7\u00f5es de trabalho no Brasil. \u00c9 cofundadora do grupo \u201cPFNs de todas as cores\u201d, integrante do movimento Tributos a Elas e palestrante em temas de Diversidade e Inclus\u00e3o. Autora de diversos artigos.<\/p>\n<p>Herta Rani Teles Santos \u00e9 Servidora P\u00fablica Federal h\u00e1 17 anos. Procuradora da Fazenda Nacional desde 2009, ingressou na Carreira pela Procuradoria-Seccional de Caxias do Sul. Atuou na Divis\u00e3o de Assuntos Fiscais (DIAFI) da PRFN\/1, na Divis\u00e3o de Defesa em primeira inst\u00e2ncia (DIDE 1) da PRFN\/1, no N\u00facleo de A\u00e7\u00f5es Aduaneiras (PRFN\/1), no N\u00facleo de Juizados Especiais (JEF &#8211; PRFN\/1). Integrou o N\u00facleo de Acompanhamento Especial (NAE) da CASTJ, a Consultoria Jur\u00eddica da Secretaria Especial de Com\u00e9rcio Exterior e Assuntos Internacionais &#8211; SECINT, do Minist\u00e9rio da Economia. Foi Coordenadora de Assuntos Tribut\u00e1rios do N\u00facleo de Assuntos Econ\u00f4micos da Casa Civil (SAJ\/Presid\u00eancia da Rep\u00fablica), Consultora Jur\u00eddica do Minist\u00e9rio dos Direitos Humanos e Coordenadora-Geral de Assuntos Final\u00edsticos da Consultoria Jur\u00eddica do Minist\u00e9rio da Educa\u00e7\u00e3o. Integrou a equipe da CAEJ e, atualmente, a COJUD, ambas Coordena\u00e7\u00f5es na Coordena\u00e7\u00e3o-Geral da Representa\u00e7\u00e3o Judicial (CRJ). \u00c9 Especialista em Administra\u00e7\u00e3o P\u00fablica pela Funda\u00e7\u00e3o Get\u00falio Vargas (FGV), Mestra em Filosofia e Teoria do Estado pela Universidade de Lisboa (com t\u00edtulo reconhecido, no Brasil, pela Universidade Federal de Minas Gerais &#8211; UFMG), Doutoranda em Direitos Humanos pela Universidade de Coimbra. Coidealizadora e Cofundadora do movimento Tributos a Elas, integrante do N\u00facleo de Estudos em Tributa\u00e7\u00e3o e G\u00eanero do Mestrado Profissional da FGV. Palestrante em diversos temas de Direito Tribut\u00e1rio, Constitucional, Lideran\u00e7a, Igualdade e Direitos Humanos. Autora de livros e artigos, al\u00e9m de colaboradora de obras coletivas.<\/p>\n","protected":false},"excerpt":{"rendered":"<p>\u00c9 com orgulho que o SINPROFAZ apresenta a dupla de candidatas \u00e0 representa\u00e7\u00e3o das Procuradoras e dos Procuradores da Fazenda Nacional: as filiadas Fernanda Santiago e Herta Rani. Todas as eleitas e todos os eleitos atuar\u00e3o durante o bi\u00eanio 2022\/2024. Saiba mais sobre as elei\u00e7\u00f5es!<\/p>\n","protected":false},"author":2,"featured_media":11737,"comment_status":"open","ping_status":"open","sticky":false,"template":"","format":"standard","meta":{"footnotes":""},"categories":[8],"tags":[43,32,93,146],"featured_image_url":"https:\/\/sinprofaz.org.br\/2024\/wp-content\/uploads\/2020\/07\/logo-sinprofaz-1.png","character_count":1871,"formatted_date":"13\/06\/2022 - 08:17","contentNovo":"O SINPROFAZ convoca filiadas e filiados para participarem das elei\u00e7\u00f5es do Conselho Superior da Advocacia-Geral da Uni\u00e3o. As chapas eleitas para o colegiado, composto por dois representantes (titular e suplente) de cada carreira, atuar\u00e3o durante o bi\u00eanio 2022\/2024. \u00c9 com orgulho que o SINPROFAZ apresenta a dupla de candidatas \u00e0 representa\u00e7\u00e3o das Procuradoras e dos Procuradores da Fazenda Nacional: as filiadas Fernanda Santiago e Herta Rani.\r\n\r\n<strong>Sobre a elei\u00e7\u00e3o<\/strong>\r\nAs elei\u00e7\u00f5es ser\u00e3o realizadas das 8h do dia 6 de julho \u00e0s 20h do dia 7 de julho, exclusivamente por meio do sistema informatizado de vota\u00e7\u00e3o. O voto ser\u00e1 secreto e facultativo, mas \u00e9 essencial que toda a Carreira participe. A Comiss\u00e3o Eleitoral e Apuradora se reunir\u00e1 em sess\u00e3o p\u00fablica, no dia 8 de julho, para homologar ou retificar a apura\u00e7\u00e3o dos votos realizada pelo sistema informatizado e, por fim, proclamar o resultado da elei\u00e7\u00e3o.\r\n\r\n<strong>Sobre as candidatas<\/strong>\r\nFernanda Cimbra Santiago \u00e9 Servidora P\u00fablica Federal h\u00e1 19 anos. Procuradora da Fazenda Nacional desde 2016, ingressou na Carreira pela Procuradoria-Seccional de Osasco. Atualmente, \u00e9 lotada na Divis\u00e3o de Acompanhamento Especial (DIAES) da PRFN\/3. \u00c9 Especialista em Direito P\u00fablico (pela Universidade C\u00e2ndido Mendes - UCAM) e em Direito do Estado (pelo Centro de Estudos da Procuradoria-Geral do Estado de S\u00e3o Paulo - CEPGE\/SP). Mestranda em Direitos Humanos pela Universidade de S\u00e3o Paulo - USP e Graduada em Direito pela Universidade Federal Fluminense - UFF. Integra a Comiss\u00e3o de Igualdade Racial da OAB\/SP e \u00e9 Professora na Escola Superior da Advocacia (ESA\/SP). Colaborou como Gestora de Projeto no Comit\u00ea Igualdade Racial do Grupo Mulheres do Brasil, al\u00e9m de Conselheira no Instituto Brasileiro de Pesquisas e Estudos para o Desenvolvimento das Rela\u00e7\u00f5es Trabalhistas (ITRAB), que analisa as condi\u00e7\u00f5es de trabalho no Brasil. \u00c9 cofundadora do grupo \u201cPFNs de todas as cores\u201d, integrante do movimento Tributos a Elas e palestrante em temas de Diversidade e Inclus\u00e3o. Autora de diversos artigos.\r\n\r\nHerta Rani Teles Santos \u00e9 Servidora P\u00fablica Federal h\u00e1 17 anos. Procuradora da Fazenda Nacional desde 2009, ingressou na Carreira pela Procuradoria-Seccional de Caxias do Sul. Atuou na Divis\u00e3o de Assuntos Fiscais (DIAFI) da PRFN\/1, na Divis\u00e3o de Defesa em primeira inst\u00e2ncia (DIDE 1) da PRFN\/1, no N\u00facleo de A\u00e7\u00f5es Aduaneiras (PRFN\/1), no N\u00facleo de Juizados Especiais (JEF - PRFN\/1). Integrou o N\u00facleo de Acompanhamento Especial (NAE) da CASTJ, a Consultoria Jur\u00eddica da Secretaria Especial de Com\u00e9rcio Exterior e Assuntos Internacionais - SECINT, do Minist\u00e9rio da Economia. Foi Coordenadora de Assuntos Tribut\u00e1rios do N\u00facleo de Assuntos Econ\u00f4micos da Casa Civil (SAJ\/Presid\u00eancia da Rep\u00fablica), Consultora Jur\u00eddica do Minist\u00e9rio dos Direitos Humanos e Coordenadora-Geral de Assuntos Final\u00edsticos da Consultoria Jur\u00eddica do Minist\u00e9rio da Educa\u00e7\u00e3o. Integrou a equipe da CAEJ e, atualmente, a COJUD, ambas Coordena\u00e7\u00f5es na Coordena\u00e7\u00e3o-Geral da Representa\u00e7\u00e3o Judicial (CRJ). \u00c9 Especialista em Administra\u00e7\u00e3o P\u00fablica pela Funda\u00e7\u00e3o Get\u00falio Vargas (FGV), Mestra em Filosofia e Teoria do Estado pela Universidade de Lisboa (com t\u00edtulo reconhecido, no Brasil, pela Universidade Federal de Minas Gerais - UFMG), Doutoranda em Direitos Humanos pela Universidade de Coimbra. Coidealizadora e Cofundadora do movimento Tributos a Elas, integrante do N\u00facleo de Estudos em Tributa\u00e7\u00e3o e G\u00eanero do Mestrado Profissional da FGV. Palestrante em diversos temas de Direito Tribut\u00e1rio, Constitucional, Lideran\u00e7a, Igualdade e Direitos Humanos. Autora de livros e artigos, al\u00e9m de colaboradora de obras coletivas.","_links":{"self":[{"href":"https:\/\/sinprofaz.org.br\/2024\/wp-json\/wp\/v2\/posts\/14707"}],"collection":[{"href":"https:\/\/sinprofaz.org.br\/2024\/wp-json\/wp\/v2\/posts"}],"about":[{"href":"https:\/\/sinprofaz.org.br\/2024\/wp-json\/wp\/v2\/types\/post"}],"author":[{"embeddable":true,"href":"https:\/\/sinprofaz.org.br\/2024\/wp-json\/wp\/v2\/users\/2"}],"replies":[{"embeddable":true,"href":"https:\/\/sinprofaz.org.br\/2024\/wp-json\/wp\/v2\/comments?post=14707"}],"version-history":[{"count":2,"href":"https:\/\/sinprofaz.org.br\/2024\/wp-json\/wp\/v2\/posts\/14707\/revisions"}],"predecessor-version":[{"id":14712,"href":"https:\/\/sinprofaz.org.br\/2024\/wp-json\/wp\/v2\/posts\/14707\/revisions\/14712"}],"wp:featuredmedia":[{"embeddable":true,"href":"https:\/\/sinprofaz.org.br\/2024\/wp-json\/wp\/v2\/media\/11737"}],"wp:attachment":[{"href":"https:\/\/sinprofaz.org.br\/2024\/wp-json\/wp\/v2\/media?parent=14707"}],"wp:term":[{"taxonomy":"category","embeddable":true,"href":"https:\/\/sinprofaz.org.br\/2024\/wp-json\/wp\/v2\/categories?post=14707"},{"taxonomy":"post_tag","embeddable":true,"href":"https:\/\/sinprofaz.org.br\/2024\/wp-json\/wp\/v2\/tags?post=14707"}],"curies":[{"name":"wp","href":"https:\/\/api.w.org\/{rel}","templated":true}]}}