{"id":14674,"date":"2022-06-02T08:17:35","date_gmt":"2022-06-02T11:17:35","guid":{"rendered":"http:\/\/www.sinprofaz.org.br\/?p=14674"},"modified":"2022-06-03T10:21:13","modified_gmt":"2022-06-03T13:21:13","slug":"sinprofaz-comparece-a-reuniao-de-grupo-de-trabalho-na-camara-dos-deputados","status":"publish","type":"post","link":"https:\/\/sinprofaz.org.br\/2024\/noticias\/sinprofaz-comparece-a-reuniao-de-grupo-de-trabalho-na-camara-dos-deputados\/","title":{"rendered":"SINPROFAZ COMPARECE A REUNI\u00c3O DE GRUPO DE TRABALHO NA C\u00c2MARA DOS DEPUTADOS"},"content":{"rendered":"<p>O SINPROFAZ, representado pelo presidente Achilles Frias, compareceu na quarta-feira (1\u00ba) \u00e0 reuni\u00e3o do grupo de trabalho implementado na C\u00e2mara dos Deputados para discutir o aperfei\u00e7oamento da Advocacia P\u00fablica. Da reuni\u00e3o, participaram o relator Andr\u00e9 Figueiredo (PDT\/CE), Fl\u00e1vio Nogueira (PT\/PI), Paulo Teixeira (PT\/SP) e Paulo Magalh\u00e3es (PSD\/BA), o qual coordena os trabalhos do GT.<\/p>\n<p>Na ocasi\u00e3o, o presidente do SINPROFAZ pleiteou a manuten\u00e7\u00e3o das prerrogativas da Carreira e dos advogados p\u00fablicos como um todo. De cunho formal, a reuni\u00e3o foi encerrada ap\u00f3s delibera\u00e7\u00e3o a respeito da realiza\u00e7\u00e3o de audi\u00eancias p\u00fablicas sobre o tema do GT. O advogado-geral da Uni\u00e3o, Bruno Bianco, ser\u00e1 um dos convidados para a primeira audi\u00eancia, cuja data ser\u00e1 oportunamente definida e divulgada.<\/p>\n\n\t\t<style type=\"text\/css\">\n\t\t\t#gallery-1 {\n\t\t\t\tmargin: auto;\n\t\t\t}\n\t\t\t#gallery-1 .gallery-item {\n\t\t\t\tfloat: left;\n\t\t\t\tmargin-top: 10px;\n\t\t\t\ttext-align: center;\n\t\t\t\twidth: 33%;\n\t\t\t}\n\t\t\t#gallery-1 img {\n\t\t\t\tborder: 2px solid #cfcfcf;\n\t\t\t}\n\t\t\t#gallery-1 .gallery-caption {\n\t\t\t\tmargin-left: 0;\n\t\t\t}\n\t\t\t\/* see gallery_shortcode() in wp-includes\/media.php *\/\n\t\t<\/style>\n\t\t<div id='gallery-1' class='gallery galleryid-14674 gallery-columns-3 gallery-size-thumbnail'><dl class='gallery-item'>\n\t\t\t<dt class='gallery-icon landscape'>\n\t\t\t\t<a href='https:\/\/sinprofaz.org.br\/2024\/wp-content\/uploads\/2022\/06\/C\u00e2mara-dos-Deputados-2.jpg'><img loading=\"lazy\" decoding=\"async\" width=\"150\" height=\"150\" src=\"https:\/\/sinprofaz.org.br\/2024\/wp-content\/uploads\/2022\/06\/C\u00e2mara-dos-Deputados-2-150x150.jpg\" class=\"attachment-thumbnail size-thumbnail\" alt=\"\" \/><\/a>\n\t\t\t<\/dt><\/dl><dl class='gallery-item'>\n\t\t\t<dt class='gallery-icon landscape'>\n\t\t\t\t<a href='https:\/\/sinprofaz.org.br\/2024\/wp-content\/uploads\/2022\/06\/C\u00e2mara-dos-Deputados-3.jpg'><img loading=\"lazy\" decoding=\"async\" width=\"150\" height=\"150\" src=\"https:\/\/sinprofaz.org.br\/2024\/wp-content\/uploads\/2022\/06\/C\u00e2mara-dos-Deputados-3-150x150.jpg\" class=\"attachment-thumbnail size-thumbnail\" alt=\"\" \/><\/a>\n\t\t\t<\/dt><\/dl><dl class='gallery-item'>\n\t\t\t<dt class='gallery-icon landscape'>\n\t\t\t\t<a href='https:\/\/sinprofaz.org.br\/2024\/wp-content\/uploads\/2022\/06\/C\u00e2mara-dos-Deputados-4.jpg'><img loading=\"lazy\" decoding=\"async\" width=\"150\" height=\"150\" src=\"https:\/\/sinprofaz.org.br\/2024\/wp-content\/uploads\/2022\/06\/C\u00e2mara-dos-Deputados-4-150x150.jpg\" class=\"attachment-thumbnail size-thumbnail\" alt=\"\" \/><\/a>\n\t\t\t<\/dt><\/dl><br style=\"clear: both\" \/>\n\t\t<\/div>\n\n","protected":false},"excerpt":{"rendered":"<p>O presidente Achilles Frias compareceu \u00e0 reuni\u00e3o do GT que discute o aperfei\u00e7oamento da Advocacia P\u00fablica. Participaram da reuni\u00e3o Andr\u00e9 Figueiredo (PDT\/CE), Fl\u00e1vio Nogueira (PT\/PI), Paulo Teixeira (PT\/SP) e Paulo Magalh\u00e3es (PSD\/BA).<\/p>\n","protected":false},"author":2,"featured_media":14678,"comment_status":"open","ping_status":"open","sticky":false,"template":"","format":"standard","meta":{"footnotes":""},"categories":[8],"tags":[34,48,25],"featured_image_url":"https:\/\/sinprofaz.org.br\/2024\/wp-content\/uploads\/2022\/06\/C\u00e2mara-dos-Deputados-1.jpg","character_count":594,"formatted_date":"02\/06\/2022 - 08:17","contentNovo":"O SINPROFAZ, representado pelo presidente Achilles Frias, compareceu na quarta-feira (1\u00ba) \u00e0 reuni\u00e3o do grupo de trabalho implementado na C\u00e2mara dos Deputados para discutir o aperfei\u00e7oamento da Advocacia P\u00fablica. Da reuni\u00e3o, participaram o relator Andr\u00e9 Figueiredo (PDT\/CE), Fl\u00e1vio Nogueira (PT\/PI), Paulo Teixeira (PT\/SP) e Paulo Magalh\u00e3es (PSD\/BA), o qual coordena os trabalhos do GT.\r\n\r\nNa ocasi\u00e3o, o presidente do SINPROFAZ pleiteou a manuten\u00e7\u00e3o das prerrogativas da Carreira e dos advogados p\u00fablicos como um todo. De cunho formal, a reuni\u00e3o foi encerrada ap\u00f3s delibera\u00e7\u00e3o a respeito da realiza\u00e7\u00e3o de audi\u00eancias p\u00fablicas sobre o tema do GT. O advogado-geral da Uni\u00e3o, Bruno Bianco, ser\u00e1 um dos convidados para a primeira audi\u00eancia, cuja data ser\u00e1 oportunamente definida e divulgada.\r\n\r\n[gallery link=\"file\" ids=\"14675,14676,14677\"]","_links":{"self":[{"href":"https:\/\/sinprofaz.org.br\/2024\/wp-json\/wp\/v2\/posts\/14674"}],"collection":[{"href":"https:\/\/sinprofaz.org.br\/2024\/wp-json\/wp\/v2\/posts"}],"about":[{"href":"https:\/\/sinprofaz.org.br\/2024\/wp-json\/wp\/v2\/types\/post"}],"author":[{"embeddable":true,"href":"https:\/\/sinprofaz.org.br\/2024\/wp-json\/wp\/v2\/users\/2"}],"replies":[{"embeddable":true,"href":"https:\/\/sinprofaz.org.br\/2024\/wp-json\/wp\/v2\/comments?post=14674"}],"version-history":[{"count":3,"href":"https:\/\/sinprofaz.org.br\/2024\/wp-json\/wp\/v2\/posts\/14674\/revisions"}],"predecessor-version":[{"id":14687,"href":"https:\/\/sinprofaz.org.br\/2024\/wp-json\/wp\/v2\/posts\/14674\/revisions\/14687"}],"wp:featuredmedia":[{"embeddable":true,"href":"https:\/\/sinprofaz.org.br\/2024\/wp-json\/wp\/v2\/media\/14678"}],"wp:attachment":[{"href":"https:\/\/sinprofaz.org.br\/2024\/wp-json\/wp\/v2\/media?parent=14674"}],"wp:term":[{"taxonomy":"category","embeddable":true,"href":"https:\/\/sinprofaz.org.br\/2024\/wp-json\/wp\/v2\/categories?post=14674"},{"taxonomy":"post_tag","embeddable":true,"href":"https:\/\/sinprofaz.org.br\/2024\/wp-json\/wp\/v2\/tags?post=14674"}],"curies":[{"name":"wp","href":"https:\/\/api.w.org\/{rel}","templated":true}]}}