{"id":14637,"date":"2022-05-27T08:17:14","date_gmt":"2022-05-27T11:17:14","guid":{"rendered":"http:\/\/www.sinprofaz.org.br\/?p=14637"},"modified":"2022-05-30T09:12:09","modified_gmt":"2022-05-30T12:12:09","slug":"sinprofaz-prestigia-novos-membros-da-mesa-diretora-da-frente-servir-brasil","status":"publish","type":"post","link":"https:\/\/sinprofaz.org.br\/2024\/noticias\/sinprofaz-prestigia-novos-membros-da-mesa-diretora-da-frente-servir-brasil\/","title":{"rendered":"SINPROFAZ PRESTIGIA NOVOS MEMBROS DA MESA DIRETORA DA FRENTE SERVIR BRASIL"},"content":{"rendered":"<p>O SINPROFAZ, representado pelo presidente Achilles Frias, prestigiou a recep\u00e7\u00e3o dos novos membros da Mesa Diretora da Frente Parlamentar Mista em Defesa do Servi\u00e7o P\u00fablico \u2013 Servir Brasil: o senador Fabiano Contarato (PT-ES) e a deputada federal L\u00eddice da Mata (PSB-BA).<\/p>\n<p>O evento ocorreu na \u00faltima quarta-feira (25), em Bras\u00edlia, e teve a presen\u00e7a de diversos parlamentares apoiadores do servi\u00e7o p\u00fablico, tais como os deputados federais Paulo Teixeira (PT-SP), Herculano Passos (Republicanos-SP), Erika Kokay (PT-DF), Rodrigo Agostinho (PSB-SP), Bira da Pindar\u00e9 (PSB-MA), Jos\u00e9 Neto (PT-BA) e o presidente e idealizador da Frente, deputado Professor Israel (PV-DF).<\/p>\n<p>A Mesa Diretora e o Conselho Consultivo da Servir Brasil t\u00eam prestado importante apoio \u00e0s entidades do F\u00f3rum Nacional das Carreiras T\u00edpicas de Estado &#8211; Fonacate para o fortalecimento das carreiras p\u00fablicas no pa\u00eds. Os parlamentares que agora comp\u00f5em a Mesa tiveram atua\u00e7\u00e3o contundente no ano passado em favor da administra\u00e7\u00e3o p\u00fablica, sobretudo durante a tramita\u00e7\u00e3o da Reforma Administrativa. A Frente \u00e9 composta por 242 parlamentares, entre deputados federais e senadores, com representantes de todas as unidades da federa\u00e7\u00e3o.<\/p>\n","protected":false},"excerpt":{"rendered":"<p>A recep\u00e7\u00e3o da deputada federal L\u00eddice da Mata (PSB-BA) e do senador Fabiano Contarato (PT-ES) \u00e0 Mesa Diretora da Frente Servir Brasil ocorreu na \u00faltima quarta-feira (25), em Bras\u00edlia, e contou com a presen\u00e7a de diversos parlamentares apoiadores do servi\u00e7o p\u00fablico brasileiro.<\/p>\n","protected":false},"author":2,"featured_media":14638,"comment_status":"open","ping_status":"open","sticky":false,"template":"","format":"standard","meta":{"footnotes":""},"categories":[8],"tags":[32,25],"featured_image_url":"https:\/\/sinprofaz.org.br\/2024\/wp-content\/uploads\/2022\/05\/servidor-publico-2.jpg","character_count":615,"formatted_date":"27\/05\/2022 - 08:17","contentNovo":"O SINPROFAZ, representado pelo presidente Achilles Frias, prestigiou a recep\u00e7\u00e3o dos novos membros da Mesa Diretora da Frente Parlamentar Mista em Defesa do Servi\u00e7o P\u00fablico \u2013 Servir Brasil: o senador Fabiano Contarato (PT-ES) e a deputada federal L\u00eddice da Mata (PSB-BA).\r\n\r\nO evento ocorreu na \u00faltima quarta-feira (25), em Bras\u00edlia, e teve a presen\u00e7a de diversos parlamentares apoiadores do servi\u00e7o p\u00fablico, tais como os deputados federais Paulo Teixeira (PT-SP), Herculano Passos (Republicanos-SP), Erika Kokay (PT-DF), Rodrigo Agostinho (PSB-SP), Bira da Pindar\u00e9 (PSB-MA), Jos\u00e9 Neto (PT-BA) e o presidente e idealizador da Frente, deputado Professor Israel (PV-DF).\r\n\r\nA Mesa Diretora e o Conselho Consultivo da Servir Brasil t\u00eam prestado importante apoio \u00e0s entidades do F\u00f3rum Nacional das Carreiras T\u00edpicas de Estado - Fonacate para o fortalecimento das carreiras p\u00fablicas no pa\u00eds. Os parlamentares que agora comp\u00f5em a Mesa tiveram atua\u00e7\u00e3o contundente no ano passado em favor da administra\u00e7\u00e3o p\u00fablica, sobretudo durante a tramita\u00e7\u00e3o da Reforma Administrativa. A Frente \u00e9 composta por 242 parlamentares, entre deputados federais e senadores, com representantes de todas as unidades da federa\u00e7\u00e3o.","_links":{"self":[{"href":"https:\/\/sinprofaz.org.br\/2024\/wp-json\/wp\/v2\/posts\/14637"}],"collection":[{"href":"https:\/\/sinprofaz.org.br\/2024\/wp-json\/wp\/v2\/posts"}],"about":[{"href":"https:\/\/sinprofaz.org.br\/2024\/wp-json\/wp\/v2\/types\/post"}],"author":[{"embeddable":true,"href":"https:\/\/sinprofaz.org.br\/2024\/wp-json\/wp\/v2\/users\/2"}],"replies":[{"embeddable":true,"href":"https:\/\/sinprofaz.org.br\/2024\/wp-json\/wp\/v2\/comments?post=14637"}],"version-history":[{"count":2,"href":"https:\/\/sinprofaz.org.br\/2024\/wp-json\/wp\/v2\/posts\/14637\/revisions"}],"predecessor-version":[{"id":14645,"href":"https:\/\/sinprofaz.org.br\/2024\/wp-json\/wp\/v2\/posts\/14637\/revisions\/14645"}],"wp:featuredmedia":[{"embeddable":true,"href":"https:\/\/sinprofaz.org.br\/2024\/wp-json\/wp\/v2\/media\/14638"}],"wp:attachment":[{"href":"https:\/\/sinprofaz.org.br\/2024\/wp-json\/wp\/v2\/media?parent=14637"}],"wp:term":[{"taxonomy":"category","embeddable":true,"href":"https:\/\/sinprofaz.org.br\/2024\/wp-json\/wp\/v2\/categories?post=14637"},{"taxonomy":"post_tag","embeddable":true,"href":"https:\/\/sinprofaz.org.br\/2024\/wp-json\/wp\/v2\/tags?post=14637"}],"curies":[{"name":"wp","href":"https:\/\/api.w.org\/{rel}","templated":true}]}}