{"id":1463,"date":"2013-09-16T18:54:09","date_gmt":"2013-09-16T18:54:09","guid":{"rendered":""},"modified":"-0001-11-30T00:00:00","modified_gmt":"-0001-11-30T03:00:00","slug":"13d-encontro-subsidio-e-atendimento-exclusivo-para-filiados","status":"publish","type":"post","link":"https:\/\/sinprofaz.org.br\/2024\/noticias\/13d-encontro-subsidio-e-atendimento-exclusivo-para-filiados\/","title":{"rendered":"13\u00b0 Encontro:  subs\u00eddio e atendimento exclusivo para filiados"},"content":{"rendered":"<p>PFN, garanta j\u00e1 sua vaga no maior encontro da Carreira, aproveitando as condi\u00e7\u00f5es exclusivas da CVC do Shopping West Plaza, em S\u00e3o Paulo. Esta \u00e9 a \u00fanica loja autorizada a vender os pacotes com subs\u00eddios aos filiados do SINPROFAZ.<\/p>\n<p>Op\u00e7\u00f5es de hospedagem, condi\u00e7\u00f5es de pagamento e valores de subs\u00eddios encontram-se descritos no Edital do XIII Encontro Nacional dos Procuradores da Fazenda Nacional, dispon\u00edvel para na <a href=\"filiados\/meu-espaco\">\u00c1rea do Filiado<\/a>.<span style=\"text-decoration: underline;\"><\/span><\/p>\n<p><strong>Novos PFNs<\/strong><\/p>\n<p>De acordo com os termos do Edital, os PFNs que ingressaram na carreira no \u00faltimo m\u00eas de julho e tenham se filiado ao SINPROFAZ at\u00e9 31 de agosto tamb\u00e9m poder\u00e3o usufruir do benef\u00edcio.<\/p>\n<p><strong>O evento<\/strong><\/p>\n<p>O Encontro Nacional de Procuradores da Fazenda Nacional ser\u00e1 realizado no Enotel Resort &amp; Spa Porto de Galinhas\/PE, entre os dias 21 a 24 de novembro de 2013.<\/p>\n<p>O tema central do evento ser\u00e1 o seguinte: &#8220;Advocacia de Estado e a viabiliza\u00e7\u00e3o das Pol\u00edticas P\u00fablicas\u201d. A programa\u00e7\u00e3o completa com a composi\u00e7\u00e3o dos pain\u00e9is de palestras ser\u00e1 divulgada em breve.<\/p>\n<p>A Diretoria do SINPROFAZ convida os PFNs a participarem do Encontro, que \u00e9 uma oportunidade para intera\u00e7\u00e3o dos colegas, que atuam nas diversas regi\u00f5es do Pa\u00eds, e tamb\u00e9m das diferentes gera\u00e7\u00f5es de Procuradores da Fazenda que ingressaram na carreira ao longo do tempo.<\/p>\n<p><strong>Servi\u00e7o<\/strong><\/p>\n<p>O hor\u00e1rio de atendimento exclusivo aos PFNs \u00e9 de 10h \u00e0s 15h, de segunda a quinta-feira, com o atendente Thiago. Entretanto, \u00e9 poss\u00edvel ser atendido tamb\u00e9m no hor\u00e1rio integral de funcionamento da loja: segunda a s\u00e1bado, das 10h \u00e0s 22h, e domingo, das 14h \u00e0s 20h.<\/p>\n<p>O SINPROFAZ informa que somente com esta ag\u00eancia da CVC o pagamento poder\u00e1 ser feito em 10 vezes, sem juros, no cart\u00e3o de cr\u00e9dito, para os participantes do Encontro.<\/p>\n<p><span>Loja da CVC &#8211; Shopping West Plaza\/filial 8000<\/span><\/p>\n<p>Thiago (Atendente) &#8211; <a href=\"mailto:thiagobueno@cvc.com.br\" target=\"_blank\">thiagobueno@cvc.com.br<\/a><\/p>\n<p><span>Rose (Supervisora) &#8211; <a href=\"mailto:rosepereira@cvc.com.br\" target=\"_blank\">rosepereira@cvc.com.br<\/a><\/span><\/p>\n<p>Mauricio (Gerente) &#8211; <a href=\"mailto:mauriciocasaballe@cvc.com.br\" target=\"_blank\">mauriciocasaballe@cvc.com.br<\/a><\/p>\n<p>Contato telef\u00f4nico: (11) 3677-4242<\/p>\n","protected":false},"excerpt":{"rendered":"<p>PFN, garanta j\u00e1 sua vaga no maior encontro da Carreira, aproveitando as condi\u00e7\u00f5es exclusivas da CVC do Shopping West Plaza, em S\u00e3o Paulo.<\/p>\n","protected":false},"author":1,"featured_media":0,"comment_status":"closed","ping_status":"open","sticky":false,"template":"","format":"standard","meta":{"footnotes":""},"categories":[8],"tags":[],"featured_image_url":"https:\/\/dummyimage.com\/720x400","character_count":1001,"formatted_date":"16\/09\/2013 - 18:54","contentNovo":"\r\n<p>PFN, garanta j\u00e1 sua vaga no maior encontro da Carreira, aproveitando as condi\u00e7\u00f5es exclusivas da CVC do Shopping West Plaza, em S\u00e3o Paulo. Esta \u00e9 a \u00fanica loja autorizada a vender os pacotes com subs\u00eddios aos filiados do SINPROFAZ.<\/p>\r\n<p>Op\u00e7\u00f5es de hospedagem, condi\u00e7\u00f5es de pagamento e valores de subs\u00eddios encontram-se descritos no Edital do XIII Encontro Nacional dos Procuradores da Fazenda Nacional, dispon\u00edvel para na <a href=\"filiados\/meu-espaco\">\u00c1rea do Filiado<\/a>.<\/p>\r\n<p><strong>Novos PFNs<\/strong><\/p>\r\n<p>De acordo com os termos do Edital, os PFNs que ingressaram na carreira no \u00faltimo m\u00eas de julho e tenham se filiado ao SINPROFAZ at\u00e9 31 de agosto tamb\u00e9m poder\u00e3o usufruir do benef\u00edcio.<\/p>\r\n<p><strong>O evento<\/strong><\/p>\r\n<p>O Encontro Nacional de Procuradores da Fazenda Nacional ser\u00e1 realizado no Enotel Resort &amp; Spa Porto de Galinhas\/PE, entre os dias 21 a 24 de novembro de 2013.<\/p>\r\n<p>O tema central do evento ser\u00e1 o seguinte: \"Advocacia de Estado e a viabiliza\u00e7\u00e3o das Pol\u00edticas P\u00fablicas\u201d. A programa\u00e7\u00e3o completa com a composi\u00e7\u00e3o dos pain\u00e9is de palestras ser\u00e1 divulgada em breve.<\/p>\r\n<p>A Diretoria do SINPROFAZ convida os PFNs a participarem do Encontro, que \u00e9 uma oportunidade para intera\u00e7\u00e3o dos colegas, que atuam nas diversas regi\u00f5es do Pa\u00eds, e tamb\u00e9m das diferentes gera\u00e7\u00f5es de Procuradores da Fazenda que ingressaram na carreira ao longo do tempo.<\/p>\r\n<p><strong>Servi\u00e7o<\/strong><\/p>\r\n<p>O hor\u00e1rio de atendimento exclusivo aos PFNs \u00e9 de 10h \u00e0s 15h, de segunda a quinta-feira, com o atendente Thiago. Entretanto, \u00e9 poss\u00edvel ser atendido tamb\u00e9m no hor\u00e1rio integral de funcionamento da loja: segunda a s\u00e1bado, das 10h \u00e0s 22h, e domingo, das 14h \u00e0s 20h.<\/p>\r\n<p>O SINPROFAZ informa que somente com esta ag\u00eancia da CVC o pagamento poder\u00e1 ser feito em 10 vezes, sem juros, no cart\u00e3o de cr\u00e9dito, para os participantes do Encontro.<\/p>\r\n<p>Loja da CVC - Shopping West Plaza\/filial 8000<\/p>\r\n<p>Thiago (Atendente) - <a href=\"mailto:thiagobueno@cvc.com.br\" target=\"_blank\">thiagobueno@cvc.com.br<\/a><\/p>\r\n<p>Rose (Supervisora) - <a href=\"mailto:rosepereira@cvc.com.br\" target=\"_blank\">rosepereira@cvc.com.br<\/a><\/p>\r\n<p>Mauricio (Gerente) - <a href=\"mailto:mauriciocasaballe@cvc.com.br\" target=\"_blank\">mauriciocasaballe@cvc.com.br<\/a><\/p>\r\n<p>Contato telef\u00f4nico: (11) 3677-4242<\/p>","_links":{"self":[{"href":"https:\/\/sinprofaz.org.br\/2024\/wp-json\/wp\/v2\/posts\/1463"}],"collection":[{"href":"https:\/\/sinprofaz.org.br\/2024\/wp-json\/wp\/v2\/posts"}],"about":[{"href":"https:\/\/sinprofaz.org.br\/2024\/wp-json\/wp\/v2\/types\/post"}],"author":[{"embeddable":true,"href":"https:\/\/sinprofaz.org.br\/2024\/wp-json\/wp\/v2\/users\/1"}],"replies":[{"embeddable":true,"href":"https:\/\/sinprofaz.org.br\/2024\/wp-json\/wp\/v2\/comments?post=1463"}],"version-history":[{"count":0,"href":"https:\/\/sinprofaz.org.br\/2024\/wp-json\/wp\/v2\/posts\/1463\/revisions"}],"wp:attachment":[{"href":"https:\/\/sinprofaz.org.br\/2024\/wp-json\/wp\/v2\/media?parent=1463"}],"wp:term":[{"taxonomy":"category","embeddable":true,"href":"https:\/\/sinprofaz.org.br\/2024\/wp-json\/wp\/v2\/categories?post=1463"},{"taxonomy":"post_tag","embeddable":true,"href":"https:\/\/sinprofaz.org.br\/2024\/wp-json\/wp\/v2\/tags?post=1463"}],"curies":[{"name":"wp","href":"https:\/\/api.w.org\/{rel}","templated":true}]}}