{"id":14608,"date":"2022-05-18T08:17:12","date_gmt":"2022-05-18T11:17:12","guid":{"rendered":"http:\/\/www.sinprofaz.org.br\/?p=14608"},"modified":"2022-05-19T10:23:08","modified_gmt":"2022-05-19T13:23:08","slug":"obra-teori-na-pratica-uma-biografia-intelectual-e-lancada-com-a-participacao-de-pfns-e-autoridades-do-judiciario","status":"publish","type":"post","link":"https:\/\/sinprofaz.org.br\/2024\/noticias\/obra-teori-na-pratica-uma-biografia-intelectual-e-lancada-com-a-participacao-de-pfns-e-autoridades-do-judiciario\/","title":{"rendered":"OBRA &#8220;TEORI NA PR\u00c1TICA. UMA BIOGRAFIA INTELECTUAL&#8221; \u00c9 LAN\u00c7ADA COM A PARTICIPA\u00c7\u00c3O DE PFNS E AUTORIDADES DO JUDICI\u00c1RIO"},"content":{"rendered":"<p>A passagem do ministro Teori Albino Zavascki (1948-2017) pela magistratura constitui uma das mais belas p\u00e1ginas da jurisprud\u00eancia nacional. Sua atua\u00e7\u00e3o de destaque em tr\u00eas diferentes tribunais ao longo de quase 28 anos representa inestim\u00e1vel contribui\u00e7\u00e3o ao Direito brasileiro, por meio de precedentes que jogaram luzes sobre importantes institutos jur\u00eddicos.<\/p>\n<p>A obra &#8220;Teori na pr\u00e1tica. Uma biografia intelectual&#8221;, idealizada e coordenada pelo PFN filiado Claudio Xavier Seefelder Filho, em conjunto com Daniel Coussirat de Azevedo, se prop\u00f5e \u00e0 an\u00e1lise dos julgados que revelam os mais not\u00e1veis votos proferidos por Teori Zavascki no Tribunal Regional Federal da 4\u00aa Regi\u00e3o, no Superior Tribunal de Justi\u00e7a e no Supremo Tribunal Federal.<\/p>\n<p>O livro traz as ideias e o racioc\u00ednio jur\u00eddico do ministro comentados por ex-colegas de magistratura, ju\u00edzes, advogados p\u00fablicos e privados e antigos colaboradores que, por anos, acompanharam de perto sua memor\u00e1vel produ\u00e7\u00e3o. Para al\u00e9m de um tributo ao jurista, a obra busca resgatar seu legado, apresentando \u00e0s atuais e \u00e0s futuras gera\u00e7\u00f5es o sofisticado pensamento de um magistrado que entrou para a hist\u00f3ria do pa\u00eds.<\/p>\n<p>&#8220;Teori na pr\u00e1tica. Uma biografia intelectual&#8221; contou com a participa\u00e7\u00e3o de v\u00e1rios PFNs, como Adriano Chiari da Silva, Alexandra Maria Carvalho Carneiro, Amanda de Souza Geracy, Anselmo Henrique Cordeiro Lopes (ex-PFN), Fabr\u00edcio da Soller, Fl\u00e1via Palmeira de Moura Coelho, Jo\u00e3o Batista de Figueiredo, Jos\u00e9 P\u00e9ricles Pereira de Sousa, Lana Borges C\u00e2mara, Luana Vargas Macedo (ex-PFN), Marcus Vinicius Barbosa (ex-PFN), Mois\u00e9s de Sousa Carvalho Pereira, Paulo Mendes, Paulo Roberto Riscado Junior e Rog\u00e9rio Campos.<\/p>\n<p>Os ministros Luiz Fux, Lu\u00eds Roberto Barroso, Gilmar Ferreira Mendes, Gilson Dipp, Jos\u00e9 de Castro Meira e Nelson Azevedo Jobim e as ministras Eliana Calmon Alves, Ellen Gracie Northfleet e Grace Mendon\u00e7a tamb\u00e9m enriqueceram a obra com suas contribui\u00e7\u00f5es. A obra &#8220;Teori na pr\u00e1tica. Uma biografia intelectual&#8221; pode ser adquirida mediante pr\u00e9-venda no site da Editora F\u00f3rum: <a href=\"https:\/\/loja.editoraforum.com.br\/teori-na-pratica?search=Seefelder\">bit.ly\/TeoriNaPratica<\/a><\/p>\n","protected":false},"excerpt":{"rendered":"<p>A passagem do ministro Teori Albino Zavascki (1948-2017) pela magistratura constitui uma das mais belas p\u00e1ginas da jurisprud\u00eancia nacional.<\/p>\n","protected":false},"author":2,"featured_media":14609,"comment_status":"open","ping_status":"open","sticky":false,"template":"","format":"standard","meta":{"footnotes":""},"categories":[8],"tags":[32,121,146,25],"featured_image_url":"https:\/\/sinprofaz.org.br\/2024\/wp-content\/uploads\/2022\/05\/LV-claudio-xavier-seefelder_teori-na-pratica_CAPA-3D-loja-362x540.jpg","character_count":1073,"formatted_date":"18\/05\/2022 - 08:17","contentNovo":"A passagem do ministro Teori Albino Zavascki (1948-2017) pela magistratura constitui uma das mais belas p\u00e1ginas da jurisprud\u00eancia nacional. Sua atua\u00e7\u00e3o de destaque em tr\u00eas diferentes tribunais ao longo de quase 28 anos representa inestim\u00e1vel contribui\u00e7\u00e3o ao Direito brasileiro, por meio de precedentes que jogaram luzes sobre importantes institutos jur\u00eddicos.\r\n\r\nA obra \"Teori na pr\u00e1tica. Uma biografia intelectual\", idealizada e coordenada pelo PFN filiado Claudio Xavier Seefelder Filho, em conjunto com Daniel Coussirat de Azevedo, se prop\u00f5e \u00e0 an\u00e1lise dos julgados que revelam os mais not\u00e1veis votos proferidos por Teori Zavascki no Tribunal Regional Federal da 4\u00aa Regi\u00e3o, no Superior Tribunal de Justi\u00e7a e no Supremo Tribunal Federal.\r\n\r\nO livro traz as ideias e o racioc\u00ednio jur\u00eddico do ministro comentados por ex-colegas de magistratura, ju\u00edzes, advogados p\u00fablicos e privados e antigos colaboradores que, por anos, acompanharam de perto sua memor\u00e1vel produ\u00e7\u00e3o. Para al\u00e9m de um tributo ao jurista, a obra busca resgatar seu legado, apresentando \u00e0s atuais e \u00e0s futuras gera\u00e7\u00f5es o sofisticado pensamento de um magistrado que entrou para a hist\u00f3ria do pa\u00eds.\r\n\r\n\"Teori na pr\u00e1tica. Uma biografia intelectual\" contou com a participa\u00e7\u00e3o de v\u00e1rios PFNs, como Adriano Chiari da Silva, Alexandra Maria Carvalho Carneiro, Amanda de Souza Geracy, Anselmo Henrique Cordeiro Lopes (ex-PFN), Fabr\u00edcio da Soller, Fl\u00e1via Palmeira de Moura Coelho, Jo\u00e3o Batista de Figueiredo, Jos\u00e9 P\u00e9ricles Pereira de Sousa, Lana Borges C\u00e2mara, Luana Vargas Macedo (ex-PFN), Marcus Vinicius Barbosa (ex-PFN), Mois\u00e9s de Sousa Carvalho Pereira, Paulo Mendes, Paulo Roberto Riscado Junior e Rog\u00e9rio Campos.\r\n\r\nOs ministros Luiz Fux, Lu\u00eds Roberto Barroso, Gilmar Ferreira Mendes, Gilson Dipp, Jos\u00e9 de Castro Meira e Nelson Azevedo Jobim e as ministras Eliana Calmon Alves, Ellen Gracie Northfleet e Grace Mendon\u00e7a tamb\u00e9m enriqueceram a obra com suas contribui\u00e7\u00f5es. A obra \"Teori na pr\u00e1tica. Uma biografia intelectual\" pode ser adquirida mediante pr\u00e9-venda no site da Editora F\u00f3rum: <a href=\"https:\/\/loja.editoraforum.com.br\/teori-na-pratica?search=Seefelder\">bit.ly\/TeoriNaPratica<\/a>","_links":{"self":[{"href":"https:\/\/sinprofaz.org.br\/2024\/wp-json\/wp\/v2\/posts\/14608"}],"collection":[{"href":"https:\/\/sinprofaz.org.br\/2024\/wp-json\/wp\/v2\/posts"}],"about":[{"href":"https:\/\/sinprofaz.org.br\/2024\/wp-json\/wp\/v2\/types\/post"}],"author":[{"embeddable":true,"href":"https:\/\/sinprofaz.org.br\/2024\/wp-json\/wp\/v2\/users\/2"}],"replies":[{"embeddable":true,"href":"https:\/\/sinprofaz.org.br\/2024\/wp-json\/wp\/v2\/comments?post=14608"}],"version-history":[{"count":2,"href":"https:\/\/sinprofaz.org.br\/2024\/wp-json\/wp\/v2\/posts\/14608\/revisions"}],"predecessor-version":[{"id":14616,"href":"https:\/\/sinprofaz.org.br\/2024\/wp-json\/wp\/v2\/posts\/14608\/revisions\/14616"}],"wp:featuredmedia":[{"embeddable":true,"href":"https:\/\/sinprofaz.org.br\/2024\/wp-json\/wp\/v2\/media\/14609"}],"wp:attachment":[{"href":"https:\/\/sinprofaz.org.br\/2024\/wp-json\/wp\/v2\/media?parent=14608"}],"wp:term":[{"taxonomy":"category","embeddable":true,"href":"https:\/\/sinprofaz.org.br\/2024\/wp-json\/wp\/v2\/categories?post=14608"},{"taxonomy":"post_tag","embeddable":true,"href":"https:\/\/sinprofaz.org.br\/2024\/wp-json\/wp\/v2\/tags?post=14608"}],"curies":[{"name":"wp","href":"https:\/\/api.w.org\/{rel}","templated":true}]}}