{"id":14565,"date":"2022-05-09T08:17:43","date_gmt":"2022-05-09T11:17:43","guid":{"rendered":"http:\/\/www.sinprofaz.org.br\/?p=14565"},"modified":"2022-05-10T08:38:39","modified_gmt":"2022-05-10T11:38:39","slug":"pfns-participam-do-primeiro-congresso-internacional-de-direito-tributario-do-iat","status":"publish","type":"post","link":"https:\/\/sinprofaz.org.br\/2024\/noticias\/pfns-participam-do-primeiro-congresso-internacional-de-direito-tributario-do-iat\/","title":{"rendered":"PFNS PARTICIPAM DO PRIMEIRO CONGRESSO INTERNACIONAL DE DIREITO TRIBUT\u00c1RIO DO IAT"},"content":{"rendered":"<p>Procuradoras e procuradores da Fazenda Nacional compareceram ao <em>I Congresso Internacional de Direito Tribut\u00e1rio &#8211; Novos Horizontes da Tributa\u00e7\u00e3o<\/em>, promovido pelo Instituto de Aplica\u00e7\u00e3o do Tributo &#8211; IAT. Realizado em Trancoso\/BA, o evento reuniu especialistas dos setores p\u00fablico e privado, que atuam com o Direito Tribut\u00e1rio no Brasil e no exterior. Toda a programa\u00e7\u00e3o foi coordenada pelo presidente do IAT, Tacio Lacerda Gama, a quem o Sindicato parabeniza pela iniciativa do Congresso.<\/p>\n<p><strong>Presen\u00e7a da Carreira<\/strong><br \/>\nOs integrantes da Procuradoria da Fazenda Nacional expuseram as perspectivas da Carreira ao longo do evento. Em painel sobre o tema &#8220;Meios alternativos de solu\u00e7\u00e3o de conflitos&#8221;, os PFNs foram representados pela diretora nacional adjunta da Escola da AGU, Rita Nolasco, que conduziu os debates; pelo procurador-geral adjunto de Gest\u00e3o da D\u00edvida Ativa da Uni\u00e3o e FGTS, Cristiano Neuenschwander; pelo professor e pesquisador Leonardo Alvim e pelo presidente do SINPROFAZ, Achilles Frias.<\/p>\n<p>Na oportunidade do painel, os expositores apresentaram a vis\u00e3o da Fazenda P\u00fablica \u00e0 comunidade tribut\u00e1ria internacional e explicaram os novos institutos da PGFN, desenvolvidos, sobretudo, em raz\u00e3o da posi\u00e7\u00e3o vanguardista da Institui\u00e7\u00e3o. Entre os institutos, teve destaque o da transa\u00e7\u00e3o tribut\u00e1ria, que vem alcan\u00e7ando importante \u00eaxito. A mesa ainda contou com as participa\u00e7\u00f5es dos especialistas Zabetta Macarini, Heleno T\u00f4rres e K\u00e1ssia Reis, que engrandeceram as discuss\u00f5es.<\/p>\n<p>A Carreira tamb\u00e9m foi representada no Congresso por Denise Lucena Cavalcante, que comp\u00f4s os debates sobre &#8220;Conformidade e crimes tribut\u00e1rios: temas pol\u00eamicos e os tribunais superiores&#8221;. \u00c0 Colega Maria Dionne de Ara\u00fajo, coube a presid\u00eancia da mesa sobre o tema &#8220;Responsabilidade Tribut\u00e1ria&#8221;. A todos os Membros da Procuradoria da Fazenda Nacional que marcaram presen\u00e7a no <em>I Congresso Internacional de Direito Tribut\u00e1rio<\/em> do IAT, o SINPROFAZ parabeniza pela riqueza das exposi\u00e7\u00f5es.<\/p>\n\n\t\t<style type=\"text\/css\">\n\t\t\t#gallery-1 {\n\t\t\t\tmargin: auto;\n\t\t\t}\n\t\t\t#gallery-1 .gallery-item {\n\t\t\t\tfloat: left;\n\t\t\t\tmargin-top: 10px;\n\t\t\t\ttext-align: center;\n\t\t\t\twidth: 33%;\n\t\t\t}\n\t\t\t#gallery-1 img {\n\t\t\t\tborder: 2px solid #cfcfcf;\n\t\t\t}\n\t\t\t#gallery-1 .gallery-caption {\n\t\t\t\tmargin-left: 0;\n\t\t\t}\n\t\t\t\/* see gallery_shortcode() in wp-includes\/media.php *\/\n\t\t<\/style>\n\t\t<div id='gallery-1' class='gallery galleryid-14565 gallery-columns-3 gallery-size-thumbnail'><dl class='gallery-item'>\n\t\t\t<dt class='gallery-icon landscape'>\n\t\t\t\t<a href='https:\/\/sinprofaz.org.br\/2024\/wp-content\/uploads\/2022\/05\/IAT-2.jpg'><img loading=\"lazy\" decoding=\"async\" width=\"150\" height=\"150\" src=\"https:\/\/sinprofaz.org.br\/2024\/wp-content\/uploads\/2022\/05\/IAT-2-150x150.jpg\" class=\"attachment-thumbnail size-thumbnail\" alt=\"\" \/><\/a>\n\t\t\t<\/dt><\/dl><dl class='gallery-item'>\n\t\t\t<dt class='gallery-icon landscape'>\n\t\t\t\t<a href='https:\/\/sinprofaz.org.br\/2024\/wp-content\/uploads\/2022\/05\/IAT-3.jpg'><img loading=\"lazy\" decoding=\"async\" width=\"150\" height=\"150\" src=\"https:\/\/sinprofaz.org.br\/2024\/wp-content\/uploads\/2022\/05\/IAT-3-150x150.jpg\" class=\"attachment-thumbnail size-thumbnail\" alt=\"\" \/><\/a>\n\t\t\t<\/dt><\/dl>\n\t\t\t<br style='clear: both' \/>\n\t\t<\/div>\n\n","protected":false},"excerpt":{"rendered":"<p>Realizado em Trancoso\/BA, o evento reuniu especialistas dos setores p\u00fablico e privado, que atuam com o Direito Tribut\u00e1rio no Brasil e no exterior. Toda a programa\u00e7\u00e3o foi coordenada pelo presidente do IAT, Tacio Lacerda Gama.<\/p>\n","protected":false},"author":2,"featured_media":14566,"comment_status":"open","ping_status":"open","sticky":false,"template":"","format":"standard","meta":{"footnotes":""},"categories":[8],"tags":[32,29,146,25],"featured_image_url":"https:\/\/sinprofaz.org.br\/2024\/wp-content\/uploads\/2022\/05\/IAT-1.jpg","character_count":1205,"formatted_date":"09\/05\/2022 - 08:17","contentNovo":"Procuradoras e procuradores da Fazenda Nacional compareceram ao <em>I Congresso Internacional de Direito Tribut\u00e1rio - Novos Horizontes da Tributa\u00e7\u00e3o<\/em>, promovido pelo Instituto de Aplica\u00e7\u00e3o do Tributo - IAT. Realizado em Trancoso\/BA, o evento reuniu especialistas dos setores p\u00fablico e privado, que atuam com o Direito Tribut\u00e1rio no Brasil e no exterior. Toda a programa\u00e7\u00e3o foi coordenada pelo presidente do IAT, Tacio Lacerda Gama, a quem o Sindicato parabeniza pela iniciativa do Congresso.\r\n\r\n<strong>Presen\u00e7a da Carreira<\/strong>\r\nOs integrantes da Procuradoria da Fazenda Nacional expuseram as perspectivas da Carreira ao longo do evento. Em painel sobre o tema \"Meios alternativos de solu\u00e7\u00e3o de conflitos\", os PFNs foram representados pela diretora nacional adjunta da Escola da AGU, Rita Nolasco, que conduziu os debates; pelo procurador-geral adjunto de Gest\u00e3o da D\u00edvida Ativa da Uni\u00e3o e FGTS, Cristiano Neuenschwander; pelo professor e pesquisador Leonardo Alvim e pelo presidente do SINPROFAZ, Achilles Frias.\r\n\r\nNa oportunidade do painel, os expositores apresentaram a vis\u00e3o da Fazenda P\u00fablica \u00e0 comunidade tribut\u00e1ria internacional e explicaram os novos institutos da PGFN, desenvolvidos, sobretudo, em raz\u00e3o da posi\u00e7\u00e3o vanguardista da Institui\u00e7\u00e3o. Entre os institutos, teve destaque o da transa\u00e7\u00e3o tribut\u00e1ria, que vem alcan\u00e7ando importante \u00eaxito. A mesa ainda contou com as participa\u00e7\u00f5es dos especialistas Zabetta Macarini, Heleno T\u00f4rres e K\u00e1ssia Reis, que engrandeceram as discuss\u00f5es.\r\n\r\nA Carreira tamb\u00e9m foi representada no Congresso por Denise Lucena Cavalcante, que comp\u00f4s os debates sobre \"Conformidade e crimes tribut\u00e1rios: temas pol\u00eamicos e os tribunais superiores\". \u00c0 Colega Maria Dionne de Ara\u00fajo, coube a presid\u00eancia da mesa sobre o tema \"Responsabilidade Tribut\u00e1ria\". A todos os Membros da Procuradoria da Fazenda Nacional que marcaram presen\u00e7a no <em>I Congresso Internacional de Direito Tribut\u00e1rio<\/em> do IAT, o SINPROFAZ parabeniza pela riqueza das exposi\u00e7\u00f5es.\r\n\r\n[gallery link=\"file\" ids=\"14567,14568\"]","_links":{"self":[{"href":"https:\/\/sinprofaz.org.br\/2024\/wp-json\/wp\/v2\/posts\/14565"}],"collection":[{"href":"https:\/\/sinprofaz.org.br\/2024\/wp-json\/wp\/v2\/posts"}],"about":[{"href":"https:\/\/sinprofaz.org.br\/2024\/wp-json\/wp\/v2\/types\/post"}],"author":[{"embeddable":true,"href":"https:\/\/sinprofaz.org.br\/2024\/wp-json\/wp\/v2\/users\/2"}],"replies":[{"embeddable":true,"href":"https:\/\/sinprofaz.org.br\/2024\/wp-json\/wp\/v2\/comments?post=14565"}],"version-history":[{"count":2,"href":"https:\/\/sinprofaz.org.br\/2024\/wp-json\/wp\/v2\/posts\/14565\/revisions"}],"predecessor-version":[{"id":14575,"href":"https:\/\/sinprofaz.org.br\/2024\/wp-json\/wp\/v2\/posts\/14565\/revisions\/14575"}],"wp:featuredmedia":[{"embeddable":true,"href":"https:\/\/sinprofaz.org.br\/2024\/wp-json\/wp\/v2\/media\/14566"}],"wp:attachment":[{"href":"https:\/\/sinprofaz.org.br\/2024\/wp-json\/wp\/v2\/media?parent=14565"}],"wp:term":[{"taxonomy":"category","embeddable":true,"href":"https:\/\/sinprofaz.org.br\/2024\/wp-json\/wp\/v2\/categories?post=14565"},{"taxonomy":"post_tag","embeddable":true,"href":"https:\/\/sinprofaz.org.br\/2024\/wp-json\/wp\/v2\/tags?post=14565"}],"curies":[{"name":"wp","href":"https:\/\/api.w.org\/{rel}","templated":true}]}}