{"id":14557,"date":"2022-05-04T08:17:15","date_gmt":"2022-05-04T11:17:15","guid":{"rendered":"http:\/\/www.sinprofaz.org.br\/?p=14557"},"modified":"2022-05-09T09:40:54","modified_gmt":"2022-05-09T12:40:54","slug":"conheca-os-vencedores-do-6-concurso-de-monografias-do-sinprofaz","status":"publish","type":"post","link":"https:\/\/sinprofaz.org.br\/2024\/noticias\/conheca-os-vencedores-do-6-concurso-de-monografias-do-sinprofaz\/","title":{"rendered":"CONHE\u00c7A OS VENCEDORES DO 6\u00ba CONCURSO DE MONOGRAFIAS DO SINPROFAZ"},"content":{"rendered":"<p>A Comiss\u00e3o Julgadora do 6\u00ba Concurso de Monografias do SINPROFAZ condecorou tr\u00eas PFNs pelos trabalhos inscritos no Concurso. As monografias premiadas, cuja tem\u00e1tica norteadora foi &#8220;Tributa\u00e7\u00e3o e G\u00eanero: o Tratamento do Tema no Direito Comparado e Sugest\u00f5es para o Direito Brasileiro&#8221;, ser\u00e3o publicadas na Revista Justi\u00e7a Fiscal, para divulga\u00e7\u00e3o \u00e0 toda a Carreira! Confira a classifica\u00e7\u00e3o:<\/p>\n<p><strong>1\u00aa Colocada &#8211; Aline Della Vittoria<\/strong>, lotada na PRFN\/2\u00aa Regi\u00e3o, com a monografia &#8220;Dimens\u00e3o Fiscal da Igualdade de G\u00eanero: Direito Comparado e Sugest\u00f5es para o Brasil&#8221;. Ela receber\u00e1 o pr\u00eamio de R$ 12 mil.<\/p>\n<p><strong>2\u00ba Colocado &#8211; Vitor Tadeu Carram\u00e3o Mello<\/strong>, lotado na PGFN\/\u00d3rg\u00e3o Central, com a monografia &#8220;Tributa\u00e7\u00e3o e G\u00eanero. Considera\u00e7\u00f5es sobre o Tema no Direito Comparado e Sugest\u00f5es para o Direito Brasileiro&#8221;. Ele receber\u00e1 o pr\u00eamio de R$ 8 mil.<\/p>\n<p><strong>3\u00ba Colocado &#8211; Ant\u00f4nio Carlos Sirqueira Rocha<\/strong>, lotado na PFN\/AP, com a monografia &#8220;As cortinas montadas pelas narrativas liberais e positivistas sobre a discuss\u00e3o de g\u00eanero e tributa\u00e7\u00e3o: uma an\u00e1lise hist\u00f3rica e epistemol\u00f3gica acerca da compreens\u00e3o do fen\u00f4meno tribut\u00e1rio na contemporaneidade e os desafios para se transpor as barreiras ideol\u00f3gicas impostas pelo patriarcalismo&#8221;. Ele receber\u00e1 o pr\u00eamio de R$ 6 mil.<\/p>\n<p>A Diretoria do SINPROFAZ agradece a participa\u00e7\u00e3o de todos os inscritos e parabeniza pelo alto n\u00edvel dos trabalhos!<\/p>\n","protected":false},"excerpt":{"rendered":"<p>As monografias, cuja tem\u00e1tica norteadora foi &#8220;Tributa\u00e7\u00e3o e G\u00eanero: o Tratamento do Tema no Direito Comparado e Sugest\u00f5es para o Direito Brasileiro&#8221;, ser\u00e3o publicadas na Revista Justi\u00e7a Fiscal para divulga\u00e7\u00e3o \u00e0 Carreira. Confira a classifica\u00e7\u00e3o!<\/p>\n","protected":false},"author":2,"featured_media":14558,"comment_status":"open","ping_status":"open","sticky":false,"template":"","format":"standard","meta":{"footnotes":""},"categories":[8],"tags":[32,63,146,25],"featured_image_url":"https:\/\/sinprofaz.org.br\/2024\/wp-content\/uploads\/2022\/05\/khadohg.jpeg","character_count":735,"formatted_date":"04\/05\/2022 - 08:17","contentNovo":"A Comiss\u00e3o Julgadora do 6\u00ba Concurso de Monografias do SINPROFAZ condecorou tr\u00eas PFNs pelos trabalhos inscritos no Concurso. As monografias premiadas, cuja tem\u00e1tica norteadora foi \"Tributa\u00e7\u00e3o e G\u00eanero: o Tratamento do Tema no Direito Comparado e Sugest\u00f5es para o Direito Brasileiro\", ser\u00e3o publicadas na Revista Justi\u00e7a Fiscal, para divulga\u00e7\u00e3o \u00e0 toda a Carreira! Confira a classifica\u00e7\u00e3o:\r\n\r\n<strong>1\u00aa Colocada - Aline Della Vittoria<\/strong>, lotada na PRFN\/2\u00aa Regi\u00e3o, com a monografia \"Dimens\u00e3o Fiscal da Igualdade de G\u00eanero: Direito Comparado e Sugest\u00f5es para o Brasil\". Ela receber\u00e1 o pr\u00eamio de R$ 12 mil.\r\n\r\n<strong>2\u00ba Colocado - Vitor Tadeu Carram\u00e3o Mello<\/strong>, lotado na PGFN\/\u00d3rg\u00e3o Central, com a monografia \"Tributa\u00e7\u00e3o e G\u00eanero. Considera\u00e7\u00f5es sobre o Tema no Direito Comparado e Sugest\u00f5es para o Direito Brasileiro\". Ele receber\u00e1 o pr\u00eamio de R$ 8 mil.\r\n\r\n<strong>3\u00ba Colocado - Ant\u00f4nio Carlos Sirqueira Rocha<\/strong>, lotado na PFN\/AP, com a monografia \"As cortinas montadas pelas narrativas liberais e positivistas sobre a discuss\u00e3o de g\u00eanero e tributa\u00e7\u00e3o: uma an\u00e1lise hist\u00f3rica e epistemol\u00f3gica acerca da compreens\u00e3o do fen\u00f4meno tribut\u00e1rio na contemporaneidade e os desafios para se transpor as barreiras ideol\u00f3gicas impostas pelo patriarcalismo\". Ele receber\u00e1 o pr\u00eamio de R$ 6 mil.\r\n\r\nA Diretoria do SINPROFAZ agradece a participa\u00e7\u00e3o de todos os inscritos e parabeniza pelo alto n\u00edvel dos trabalhos!","_links":{"self":[{"href":"https:\/\/sinprofaz.org.br\/2024\/wp-json\/wp\/v2\/posts\/14557"}],"collection":[{"href":"https:\/\/sinprofaz.org.br\/2024\/wp-json\/wp\/v2\/posts"}],"about":[{"href":"https:\/\/sinprofaz.org.br\/2024\/wp-json\/wp\/v2\/types\/post"}],"author":[{"embeddable":true,"href":"https:\/\/sinprofaz.org.br\/2024\/wp-json\/wp\/v2\/users\/2"}],"replies":[{"embeddable":true,"href":"https:\/\/sinprofaz.org.br\/2024\/wp-json\/wp\/v2\/comments?post=14557"}],"version-history":[{"count":3,"href":"https:\/\/sinprofaz.org.br\/2024\/wp-json\/wp\/v2\/posts\/14557\/revisions"}],"predecessor-version":[{"id":14571,"href":"https:\/\/sinprofaz.org.br\/2024\/wp-json\/wp\/v2\/posts\/14557\/revisions\/14571"}],"wp:featuredmedia":[{"embeddable":true,"href":"https:\/\/sinprofaz.org.br\/2024\/wp-json\/wp\/v2\/media\/14558"}],"wp:attachment":[{"href":"https:\/\/sinprofaz.org.br\/2024\/wp-json\/wp\/v2\/media?parent=14557"}],"wp:term":[{"taxonomy":"category","embeddable":true,"href":"https:\/\/sinprofaz.org.br\/2024\/wp-json\/wp\/v2\/categories?post=14557"},{"taxonomy":"post_tag","embeddable":true,"href":"https:\/\/sinprofaz.org.br\/2024\/wp-json\/wp\/v2\/tags?post=14557"}],"curies":[{"name":"wp","href":"https:\/\/api.w.org\/{rel}","templated":true}]}}