{"id":14550,"date":"2022-05-03T08:17:38","date_gmt":"2022-05-03T11:17:38","guid":{"rendered":"http:\/\/www.sinprofaz.org.br\/?p=14550"},"modified":"2022-05-04T09:27:04","modified_gmt":"2022-05-04T12:27:04","slug":"diretora-de-comunicacao-social-apresenta-novidades-da-pasta","status":"publish","type":"post","link":"https:\/\/sinprofaz.org.br\/2024\/noticias\/diretora-de-comunicacao-social-apresenta-novidades-da-pasta\/","title":{"rendered":"DIRETORA DE COMUNICA\u00c7\u00c3O SOCIAL APRESENTA NOVIDADES DA PASTA"},"content":{"rendered":"<p>Na Diretoria do SINPROFAZ, a pasta de Comunica\u00e7\u00e3o Social \u00e9 coordenada por Ana Cristina Rodrigues Guimar\u00e3es. Lotada na PFN\/SC, a procuradora da Fazenda Nacional compareceu \u00e0 AGO 2022, oportunidade em que concedeu entrevista e apresentou novidades relativas, por exemplo, \u00e0 Revista Justi\u00e7a Fiscal. A publica\u00e7\u00e3o, editada pelo Sindicato, j\u00e1 est\u00e1 em sua edi\u00e7\u00e3o de n\u00famero 44.<\/p>\n<p>&#8220;Nesse um ano em que estou \u00e0 frente da pasta, n\u00f3s, tamb\u00e9m por causa da pandemia, intensificamos o trabalho em redes sociais, os e-mails, os boletins virtuais e a pr\u00f3pria Revista. Uma novidade: na pr\u00f3xima edi\u00e7\u00e3o, teremos o encarte &#8216;Por dentro do SINPROFAZ&#8217;, com todos os benef\u00edcios da filia\u00e7\u00e3o, como os conv\u00eanios que estabelecemos nesse per\u00edodo. A partir disso, convido todos voc\u00eas para seguirem o SINPROFAZ nas redes sociais e ficarem atualizados sobre a atua\u00e7\u00e3o do Sindicato.&#8221;<\/p>\n<p>Confira a \u00edntegra da mensagem gravada pela diretora: <a href=\"https:\/\/www.youtube.com\/watch?v=vfzVPMdpiOk\">youtu.be\/vfzVPMdpiOk<\/a><\/p>\n","protected":false},"excerpt":{"rendered":"<p>Na Diretoria do SINPROFAZ, a pasta de Comunica\u00e7\u00e3o Social \u00e9 coordenada por Ana Cristina Rodrigues Guimar\u00e3es. Lotada na PFN\/SC, a procuradora compareceu \u00e0 AGO 2022, oportunidade em que concedeu entrevista e apresentou novidades relativas \u00e0 Revista Justi\u00e7a Fiscal.<\/p>\n","protected":false},"author":2,"featured_media":14554,"comment_status":"open","ping_status":"open","sticky":false,"template":"","format":"standard","meta":{"footnotes":""},"categories":[8],"tags":[41,32,25],"featured_image_url":"https:\/\/sinprofaz.org.br\/2024\/wp-content\/uploads\/2022\/05\/Ana-Cristina-Rodrigues-Guimar\u00e3es.jpg","character_count":488,"formatted_date":"03\/05\/2022 - 08:17","contentNovo":"Na Diretoria do SINPROFAZ, a pasta de Comunica\u00e7\u00e3o Social \u00e9 coordenada por Ana Cristina Rodrigues Guimar\u00e3es. Lotada na PFN\/SC, a procuradora da Fazenda Nacional compareceu \u00e0 AGO 2022, oportunidade em que concedeu entrevista e apresentou novidades relativas, por exemplo, \u00e0 Revista Justi\u00e7a Fiscal. A publica\u00e7\u00e3o, editada pelo Sindicato, j\u00e1 est\u00e1 em sua edi\u00e7\u00e3o de n\u00famero 44.\r\n\r\n\"Nesse um ano em que estou \u00e0 frente da pasta, n\u00f3s, tamb\u00e9m por causa da pandemia, intensificamos o trabalho em redes sociais, os e-mails, os boletins virtuais e a pr\u00f3pria Revista. Uma novidade: na pr\u00f3xima edi\u00e7\u00e3o, teremos o encarte 'Por dentro do SINPROFAZ', com todos os benef\u00edcios da filia\u00e7\u00e3o, como os conv\u00eanios que estabelecemos nesse per\u00edodo. A partir disso, convido todos voc\u00eas para seguirem o SINPROFAZ nas redes sociais e ficarem atualizados sobre a atua\u00e7\u00e3o do Sindicato.\"\r\n\r\nConfira a \u00edntegra da mensagem gravada pela diretora: <a href=\"https:\/\/www.youtube.com\/watch?v=vfzVPMdpiOk\">youtu.be\/vfzVPMdpiOk<\/a>","_links":{"self":[{"href":"https:\/\/sinprofaz.org.br\/2024\/wp-json\/wp\/v2\/posts\/14550"}],"collection":[{"href":"https:\/\/sinprofaz.org.br\/2024\/wp-json\/wp\/v2\/posts"}],"about":[{"href":"https:\/\/sinprofaz.org.br\/2024\/wp-json\/wp\/v2\/types\/post"}],"author":[{"embeddable":true,"href":"https:\/\/sinprofaz.org.br\/2024\/wp-json\/wp\/v2\/users\/2"}],"replies":[{"embeddable":true,"href":"https:\/\/sinprofaz.org.br\/2024\/wp-json\/wp\/v2\/comments?post=14550"}],"version-history":[{"count":2,"href":"https:\/\/sinprofaz.org.br\/2024\/wp-json\/wp\/v2\/posts\/14550\/revisions"}],"predecessor-version":[{"id":14560,"href":"https:\/\/sinprofaz.org.br\/2024\/wp-json\/wp\/v2\/posts\/14550\/revisions\/14560"}],"wp:featuredmedia":[{"embeddable":true,"href":"https:\/\/sinprofaz.org.br\/2024\/wp-json\/wp\/v2\/media\/14554"}],"wp:attachment":[{"href":"https:\/\/sinprofaz.org.br\/2024\/wp-json\/wp\/v2\/media?parent=14550"}],"wp:term":[{"taxonomy":"category","embeddable":true,"href":"https:\/\/sinprofaz.org.br\/2024\/wp-json\/wp\/v2\/categories?post=14550"},{"taxonomy":"post_tag","embeddable":true,"href":"https:\/\/sinprofaz.org.br\/2024\/wp-json\/wp\/v2\/tags?post=14550"}],"curies":[{"name":"wp","href":"https:\/\/api.w.org\/{rel}","templated":true}]}}