{"id":14523,"date":"2022-04-25T08:26:57","date_gmt":"2022-04-25T11:26:57","guid":{"rendered":"http:\/\/www.sinprofaz.org.br\/?p=14523"},"modified":"2022-04-26T09:27:48","modified_gmt":"2022-04-26T12:27:48","slug":"pfns-ministrarao-palestras-em-congresso-internacional-de-direito-tributario","status":"publish","type":"post","link":"https:\/\/sinprofaz.org.br\/2024\/noticias\/pfns-ministrarao-palestras-em-congresso-internacional-de-direito-tributario\/","title":{"rendered":"PFNS MINISTRAR\u00c3O PALESTRAS EM CONGRESSO INTERNACIONAL DE DIREITO TRIBUT\u00c1RIO"},"content":{"rendered":"<p>A Carreira estar\u00e1 representada no <em>I Congresso Internacional de Direito Tribut\u00e1rio &#8211; Novos Horizontes da Tributa\u00e7\u00e3o<\/em>, promovido pelo Instituto de Aplica\u00e7\u00e3o do Tributo &#8211; IAT. Filiados ao SINPROFAZ como Cristiano Neuenschwander, Denise Lucena Cavalcante, Leonardo Alvim, Maria Dionne de Ara\u00fajo e Rita Nolasco foram convidados para palestrar no evento \u2013 oportunidade em que levar\u00e3o para os participantes a vis\u00e3o da Fazenda Nacional.<\/p>\n<p>O <em>I Congresso Internacional de Direito Tribut\u00e1rio<\/em> do IAT ser\u00e1 realizado de 4 a 6 de maio, em Trancoso\/BA. O evento reunir\u00e1 profissionais que atuam com o Direito Tribut\u00e1rio no Brasil e no exterior, o que possibilitar\u00e1 debates e trocas de experi\u00eancias entre representantes da iniciativa privada e do poder p\u00fablico.<\/p>\n<p>O Congresso contar\u00e1 com transmiss\u00e3o em tempo real. Por isso, os interessados em participar devem acessar <a href=\"https:\/\/www.institutoiat.org\/\">www.institutoiat.org<\/a> e escolher uma das tr\u00eas modalidades de inscri\u00e7\u00e3o: Virtual, Presencial para Profissionais e Presencial para Estudantes. No <em>site<\/em>, tamb\u00e9m \u00e9 poss\u00edvel conferir a programa\u00e7\u00e3o completa do <em>I Congresso Internacional de Direito Tribut\u00e1rio<\/em>.<\/p>\n<p><strong>Sobre o Instituto de Aplica\u00e7\u00e3o do Tributo<\/strong><br \/>\nO IAT \u00e9 uma institui\u00e7\u00e3o sem fins lucrativos fundada por professores de Direito Tribut\u00e1rio. \u00c9 voltada para o desenvolvimento de projetos e estudos capazes de aperfei\u00e7oar o Sistema Tribut\u00e1rio Nacional. Dedica-se, entre outros, \u00e0 an\u00e1lise de pr\u00e1ticas concretas relacionadas aos tributos, seja da forma como s\u00e3o criados, fiscalizados e cobrados, seja do destino financeiro atribu\u00eddo ao produto da arrecada\u00e7\u00e3o. O IAT \u00e9 presidido desde 2016 por T\u00e1cio Lacerda Gama.<\/p>\n","protected":false},"excerpt":{"rendered":"<p>Filiados como Cristiano Neuenschwander, Denise Lucena, Leonardo Alvim, Maria Dionne de Ara\u00fajo e Rita Nolasco foram convidados para palestrar no evento &#8211; oportunidade em que levar\u00e3o a vis\u00e3o da Fazenda Nacional.<\/p>\n","protected":false},"author":2,"featured_media":14524,"comment_status":"open","ping_status":"open","sticky":false,"template":"","format":"standard","meta":{"footnotes":""},"categories":[8],"tags":[32,29,25],"featured_image_url":"https:\/\/sinprofaz.org.br\/2024\/wp-content\/uploads\/2022\/04\/nota-sinprofaz-2.jpg","character_count":828,"formatted_date":"25\/04\/2022 - 08:26","contentNovo":"A Carreira estar\u00e1 representada no <em>I Congresso Internacional de Direito Tribut\u00e1rio - Novos Horizontes da Tributa\u00e7\u00e3o<\/em>, promovido pelo Instituto de Aplica\u00e7\u00e3o do Tributo - IAT. Filiados ao SINPROFAZ como Cristiano Neuenschwander, Denise Lucena Cavalcante, Leonardo Alvim, Maria Dionne de Ara\u00fajo e Rita Nolasco foram convidados para palestrar no evento \u2013 oportunidade em que levar\u00e3o para os participantes a vis\u00e3o da Fazenda Nacional.\r\n\r\nO <em>I Congresso Internacional de Direito Tribut\u00e1rio<\/em> do IAT ser\u00e1 realizado de 4 a 6 de maio, em Trancoso\/BA. O evento reunir\u00e1 profissionais que atuam com o Direito Tribut\u00e1rio no Brasil e no exterior, o que possibilitar\u00e1 debates e trocas de experi\u00eancias entre representantes da iniciativa privada e do poder p\u00fablico.\r\n\r\nO Congresso contar\u00e1 com transmiss\u00e3o em tempo real. Por isso, os interessados em participar devem acessar <a href=\"https:\/\/www.institutoiat.org\/\">www.institutoiat.org<\/a> e escolher uma das tr\u00eas modalidades de inscri\u00e7\u00e3o: Virtual, Presencial para Profissionais e Presencial para Estudantes. No <em>site<\/em>, tamb\u00e9m \u00e9 poss\u00edvel conferir a programa\u00e7\u00e3o completa do <em>I Congresso Internacional de Direito Tribut\u00e1rio<\/em>.\r\n\r\n<strong>Sobre o Instituto de Aplica\u00e7\u00e3o do Tributo<\/strong>\r\nO IAT \u00e9 uma institui\u00e7\u00e3o sem fins lucrativos fundada por professores de Direito Tribut\u00e1rio. \u00c9 voltada para o desenvolvimento de projetos e estudos capazes de aperfei\u00e7oar o Sistema Tribut\u00e1rio Nacional. Dedica-se, entre outros, \u00e0 an\u00e1lise de pr\u00e1ticas concretas relacionadas aos tributos, seja da forma como s\u00e3o criados, fiscalizados e cobrados, seja do destino financeiro atribu\u00eddo ao produto da arrecada\u00e7\u00e3o. O IAT \u00e9 presidido desde 2016 por T\u00e1cio Lacerda Gama.","_links":{"self":[{"href":"https:\/\/sinprofaz.org.br\/2024\/wp-json\/wp\/v2\/posts\/14523"}],"collection":[{"href":"https:\/\/sinprofaz.org.br\/2024\/wp-json\/wp\/v2\/posts"}],"about":[{"href":"https:\/\/sinprofaz.org.br\/2024\/wp-json\/wp\/v2\/types\/post"}],"author":[{"embeddable":true,"href":"https:\/\/sinprofaz.org.br\/2024\/wp-json\/wp\/v2\/users\/2"}],"replies":[{"embeddable":true,"href":"https:\/\/sinprofaz.org.br\/2024\/wp-json\/wp\/v2\/comments?post=14523"}],"version-history":[{"count":3,"href":"https:\/\/sinprofaz.org.br\/2024\/wp-json\/wp\/v2\/posts\/14523\/revisions"}],"predecessor-version":[{"id":14532,"href":"https:\/\/sinprofaz.org.br\/2024\/wp-json\/wp\/v2\/posts\/14523\/revisions\/14532"}],"wp:featuredmedia":[{"embeddable":true,"href":"https:\/\/sinprofaz.org.br\/2024\/wp-json\/wp\/v2\/media\/14524"}],"wp:attachment":[{"href":"https:\/\/sinprofaz.org.br\/2024\/wp-json\/wp\/v2\/media?parent=14523"}],"wp:term":[{"taxonomy":"category","embeddable":true,"href":"https:\/\/sinprofaz.org.br\/2024\/wp-json\/wp\/v2\/categories?post=14523"},{"taxonomy":"post_tag","embeddable":true,"href":"https:\/\/sinprofaz.org.br\/2024\/wp-json\/wp\/v2\/tags?post=14523"}],"curies":[{"name":"wp","href":"https:\/\/api.w.org\/{rel}","templated":true}]}}