{"id":14504,"date":"2022-04-14T08:17:02","date_gmt":"2022-04-14T11:17:02","guid":{"rendered":"http:\/\/www.sinprofaz.org.br\/?p=14504"},"modified":"2022-04-18T09:42:04","modified_gmt":"2022-04-18T12:42:04","slug":"entidades-e-agu-debatem-sobre-planos-de-saude","status":"publish","type":"post","link":"https:\/\/sinprofaz.org.br\/2024\/noticias\/entidades-e-agu-debatem-sobre-planos-de-saude\/","title":{"rendered":"ENTIDADES E AGU DEBATEM SOBRE PLANOS DE SA\u00daDE"},"content":{"rendered":"<p>O SINPROFAZ, representado pelo presidente Achilles Frias, reuniu-se na quarta-feira (13) com a equipe da Secretaria-Geral de Administra\u00e7\u00e3o (SGA) da AGU. Entre os presentes, estiveram a secret\u00e1ria-geral e filiada, I\u00eada Cagni; a diretora de Gest\u00e3o e Desenvolvimento de Pessoas, Neleide Abila; e o coordenador-geral de Desenvolvimento de Pessoas, Tulio Junqueira. Os presidentes das entidades da Advocacia P\u00fablica Federal tamb\u00e9m participaram.<\/p>\n<p>O cancelamento de Seguros Unimed e o preju\u00edzo causado a advogados p\u00fablicos federais motivaram o encontro virtual. De acordo com a equipe, a Secretaria-Geral foi avisada da rescis\u00e3o e aguarda a lista nominal de advogados p\u00fablicos afetados pelo cancelamento. \u00c0 SGA, o SINPROFAZ solicitou uma rela\u00e7\u00e3o das novas operadoras e dos novos planos e seguros disponibilizados aos Membros da Advocacia-Geral da Uni\u00e3o, de modo a melhor atender os filiados.<\/p>\n","protected":false},"excerpt":{"rendered":"<p>O cancelamento de Seguros Unimed e o preju\u00edzo causado a advogados p\u00fablicos federais motivaram o encontro virtual. \u00c0 Secretaria-Geral de Administra\u00e7\u00e3o, o SINPROFAZ solicitou uma rela\u00e7\u00e3o das novas operadoras e dos novos planos e seguros disponibilizados aos Membros da AGU.<\/p>\n","protected":false},"author":2,"featured_media":14505,"comment_status":"open","ping_status":"open","sticky":false,"template":"","format":"standard","meta":{"footnotes":""},"categories":[8],"tags":[43,32,25],"featured_image_url":"https:\/\/sinprofaz.org.br\/2024\/wp-content\/uploads\/2022\/04\/entidades-da-AGU.jpg","character_count":450,"formatted_date":"14\/04\/2022 - 08:17","contentNovo":"O SINPROFAZ, representado pelo presidente Achilles Frias, reuniu-se na quarta-feira (13) com a equipe da Secretaria-Geral de Administra\u00e7\u00e3o (SGA) da AGU. Entre os presentes, estiveram a secret\u00e1ria-geral e filiada, I\u00eada Cagni; a diretora de Gest\u00e3o e Desenvolvimento de Pessoas, Neleide Abila; e o coordenador-geral de Desenvolvimento de Pessoas, Tulio Junqueira. Os presidentes das entidades da Advocacia P\u00fablica Federal tamb\u00e9m participaram.\r\n\r\nO cancelamento de Seguros Unimed e o preju\u00edzo causado a advogados p\u00fablicos federais motivaram o encontro virtual. De acordo com a equipe, a Secretaria-Geral foi avisada da rescis\u00e3o e aguarda a lista nominal de advogados p\u00fablicos afetados pelo cancelamento. \u00c0 SGA, o SINPROFAZ solicitou uma rela\u00e7\u00e3o das novas operadoras e dos novos planos e seguros disponibilizados aos Membros da Advocacia-Geral da Uni\u00e3o, de modo a melhor atender os filiados.","_links":{"self":[{"href":"https:\/\/sinprofaz.org.br\/2024\/wp-json\/wp\/v2\/posts\/14504"}],"collection":[{"href":"https:\/\/sinprofaz.org.br\/2024\/wp-json\/wp\/v2\/posts"}],"about":[{"href":"https:\/\/sinprofaz.org.br\/2024\/wp-json\/wp\/v2\/types\/post"}],"author":[{"embeddable":true,"href":"https:\/\/sinprofaz.org.br\/2024\/wp-json\/wp\/v2\/users\/2"}],"replies":[{"embeddable":true,"href":"https:\/\/sinprofaz.org.br\/2024\/wp-json\/wp\/v2\/comments?post=14504"}],"version-history":[{"count":2,"href":"https:\/\/sinprofaz.org.br\/2024\/wp-json\/wp\/v2\/posts\/14504\/revisions"}],"predecessor-version":[{"id":14512,"href":"https:\/\/sinprofaz.org.br\/2024\/wp-json\/wp\/v2\/posts\/14504\/revisions\/14512"}],"wp:featuredmedia":[{"embeddable":true,"href":"https:\/\/sinprofaz.org.br\/2024\/wp-json\/wp\/v2\/media\/14505"}],"wp:attachment":[{"href":"https:\/\/sinprofaz.org.br\/2024\/wp-json\/wp\/v2\/media?parent=14504"}],"wp:term":[{"taxonomy":"category","embeddable":true,"href":"https:\/\/sinprofaz.org.br\/2024\/wp-json\/wp\/v2\/categories?post=14504"},{"taxonomy":"post_tag","embeddable":true,"href":"https:\/\/sinprofaz.org.br\/2024\/wp-json\/wp\/v2\/tags?post=14504"}],"curies":[{"name":"wp","href":"https:\/\/api.w.org\/{rel}","templated":true}]}}