{"id":14496,"date":"2022-04-13T08:25:21","date_gmt":"2022-04-13T11:25:21","guid":{"rendered":"http:\/\/www.sinprofaz.org.br\/?p=14496"},"modified":"2022-04-14T10:29:04","modified_gmt":"2022-04-14T13:29:04","slug":"sinprofaz-comparece-a-assembleia-presencial-promovida-pelo-fonacate","status":"publish","type":"post","link":"https:\/\/sinprofaz.org.br\/2024\/noticias\/sinprofaz-comparece-a-assembleia-presencial-promovida-pelo-fonacate\/","title":{"rendered":"SINPROFAZ COMPARECE A ASSEMBLEIA PRESENCIAL PROMOVIDA PELO FONACATE"},"content":{"rendered":"<p>O SINPROFAZ, representado pelo presidente Achilles Frias, participou ontem (12) de assembleia geral do F\u00f3rum Nacional Permanente de Carreiras T\u00edpicas de Estado &#8211; Fonacate. O encontro em Bras\u00edlia\/DF reuniu v\u00e1rios dirigentes sindicais e possibilitou delibera\u00e7\u00f5es como o apoio coletivo \u00e0 cria\u00e7\u00e3o do Instituto Servir Brasil. A institui\u00e7\u00e3o atuar\u00e1 na interlocu\u00e7\u00e3o entre as entidades representativas e os membros da Frente Parlamentar Mista em Defesa do Servi\u00e7o P\u00fablico e foi idealizada pelo presidente da Frente, o deputado federal Professor Israel Batista (PV\/DF), que compareceu \u00e0 assembleia.<\/p>\n<p>Parte da reuni\u00e3o promovida pelo Fonacate foi dedicada a uma exposi\u00e7\u00e3o sobre o PL 252\/2003, que prop\u00f5e a Lei Geral dos Concursos. Relator do projeto de lei, o deputado federal Eduardo Cury (PSDB\/SP) participou da assembleia de modo virtual. De acordo com o parlamentar, o intuito do PL \u00e9 modernizar os certames, assegurando a observ\u00e2ncia dos princ\u00edpios da publicidade e da impessoalidade e refor\u00e7ando duas das dimens\u00f5es fundamentais dos concursos: a isonomia no acesso a cargos e empregos p\u00fablicos e a sele\u00e7\u00e3o eficiente dos candidatos melhor preparados para as fun\u00e7\u00f5es.<\/p>\n<p>A assembleia seguiu com debates a respeito de dois grandes eventos previstos para o m\u00eas de maio: o Pensar Brasil, a ser realizado nos dias 12 e 13 pelo Sindicato dos Servidores do Poder Legislativo Federal e do Tribunal de Contas da Uni\u00e3o &#8211; SINDILEGIS, e a 7\u00aa Confer\u00eancia Nacional das Carreiras de Estado, a ser promovida pelo Fonacate nos dias 24 e 25. O primeiro, no Rio de Janeiro\/RJ, prev\u00ea encontros com presidenci\u00e1veis. O segundo, em Bras\u00edlia\/DF, motivar\u00e1 a produ\u00e7\u00e3o de uma carta a respeito de quest\u00f5es que constituem obst\u00e1culos ao fortalecimento do funcionalismo p\u00fablico nacional.<\/p>\n\n\t\t<style type=\"text\/css\">\n\t\t\t#gallery-1 {\n\t\t\t\tmargin: auto;\n\t\t\t}\n\t\t\t#gallery-1 .gallery-item {\n\t\t\t\tfloat: left;\n\t\t\t\tmargin-top: 10px;\n\t\t\t\ttext-align: center;\n\t\t\t\twidth: 33%;\n\t\t\t}\n\t\t\t#gallery-1 img {\n\t\t\t\tborder: 2px solid #cfcfcf;\n\t\t\t}\n\t\t\t#gallery-1 .gallery-caption {\n\t\t\t\tmargin-left: 0;\n\t\t\t}\n\t\t\t\/* see gallery_shortcode() in wp-includes\/media.php *\/\n\t\t<\/style>\n\t\t<div id='gallery-1' class='gallery galleryid-14496 gallery-columns-3 gallery-size-thumbnail'><dl class='gallery-item'>\n\t\t\t<dt class='gallery-icon landscape'>\n\t\t\t\t<a href='https:\/\/sinprofaz.org.br\/2024\/wp-content\/uploads\/2022\/04\/2-1.jpg'><img loading=\"lazy\" decoding=\"async\" width=\"150\" height=\"150\" src=\"https:\/\/sinprofaz.org.br\/2024\/wp-content\/uploads\/2022\/04\/2-1-150x150.jpg\" class=\"attachment-thumbnail size-thumbnail\" alt=\"\" \/><\/a>\n\t\t\t<\/dt><\/dl><dl class='gallery-item'>\n\t\t\t<dt class='gallery-icon landscape'>\n\t\t\t\t<a href='https:\/\/sinprofaz.org.br\/2024\/wp-content\/uploads\/2022\/04\/3-1.jpg'><img loading=\"lazy\" decoding=\"async\" width=\"150\" height=\"150\" src=\"https:\/\/sinprofaz.org.br\/2024\/wp-content\/uploads\/2022\/04\/3-1-150x150.jpg\" class=\"attachment-thumbnail size-thumbnail\" alt=\"\" \/><\/a>\n\t\t\t<\/dt><\/dl><dl class='gallery-item'>\n\t\t\t<dt class='gallery-icon landscape'>\n\t\t\t\t<a href='https:\/\/sinprofaz.org.br\/2024\/wp-content\/uploads\/2022\/04\/4-1.jpg'><img loading=\"lazy\" decoding=\"async\" width=\"150\" height=\"150\" src=\"https:\/\/sinprofaz.org.br\/2024\/wp-content\/uploads\/2022\/04\/4-1-150x150.jpg\" class=\"attachment-thumbnail size-thumbnail\" alt=\"\" \/><\/a>\n\t\t\t<\/dt><\/dl><br style=\"clear: both\" \/><dl class='gallery-item'>\n\t\t\t<dt class='gallery-icon landscape'>\n\t\t\t\t<a href='https:\/\/sinprofaz.org.br\/2024\/wp-content\/uploads\/2022\/04\/5-1.jpg'><img loading=\"lazy\" decoding=\"async\" width=\"150\" height=\"150\" src=\"https:\/\/sinprofaz.org.br\/2024\/wp-content\/uploads\/2022\/04\/5-1-150x150.jpg\" class=\"attachment-thumbnail size-thumbnail\" alt=\"\" \/><\/a>\n\t\t\t<\/dt><\/dl>\n\t\t\t<br style='clear: both' \/>\n\t\t<\/div>\n\n","protected":false},"excerpt":{"rendered":"<p>O SINPROFAZ, representado pelo presidente Achilles Frias, participou de assembleia geral do F\u00f3rum Nacional Permanente de Carreiras T\u00edpicas de Estado &#8211; Fonacate. O encontro em Bras\u00edlia\/DF reuniu v\u00e1rios dirigentes sindicais.<\/p>\n","protected":false},"author":2,"featured_media":14499,"comment_status":"open","ping_status":"open","sticky":false,"template":"","format":"standard","meta":{"footnotes":""},"categories":[8],"tags":[32,122,25],"featured_image_url":"https:\/\/sinprofaz.org.br\/2024\/wp-content\/uploads\/2022\/04\/1-1.jpg","character_count":1098,"formatted_date":"13\/04\/2022 - 08:25","contentNovo":"O SINPROFAZ, representado pelo presidente Achilles Frias, participou ontem (12) de assembleia geral do F\u00f3rum Nacional Permanente de Carreiras T\u00edpicas de Estado - Fonacate. O encontro em Bras\u00edlia\/DF reuniu v\u00e1rios dirigentes sindicais e possibilitou delibera\u00e7\u00f5es como o apoio coletivo \u00e0 cria\u00e7\u00e3o do Instituto Servir Brasil. A institui\u00e7\u00e3o atuar\u00e1 na interlocu\u00e7\u00e3o entre as entidades representativas e os membros da Frente Parlamentar Mista em Defesa do Servi\u00e7o P\u00fablico e foi idealizada pelo presidente da Frente, o deputado federal Professor Israel Batista (PV\/DF), que compareceu \u00e0 assembleia.\r\n\r\nParte da reuni\u00e3o promovida pelo Fonacate foi dedicada a uma exposi\u00e7\u00e3o sobre o PL 252\/2003, que prop\u00f5e a Lei Geral dos Concursos. Relator do projeto de lei, o deputado federal Eduardo Cury (PSDB\/SP) participou da assembleia de modo virtual. De acordo com o parlamentar, o intuito do PL \u00e9 modernizar os certames, assegurando a observ\u00e2ncia dos princ\u00edpios da publicidade e da impessoalidade e refor\u00e7ando duas das dimens\u00f5es fundamentais dos concursos: a isonomia no acesso a cargos e empregos p\u00fablicos e a sele\u00e7\u00e3o eficiente dos candidatos melhor preparados para as fun\u00e7\u00f5es.\r\n\r\nA assembleia seguiu com debates a respeito de dois grandes eventos previstos para o m\u00eas de maio: o Pensar Brasil, a ser realizado nos dias 12 e 13 pelo Sindicato dos Servidores do Poder Legislativo Federal e do Tribunal de Contas da Uni\u00e3o - SINDILEGIS, e a 7\u00aa Confer\u00eancia Nacional das Carreiras de Estado, a ser promovida pelo Fonacate nos dias 24 e 25. O primeiro, no Rio de Janeiro\/RJ, prev\u00ea encontros com presidenci\u00e1veis. O segundo, em Bras\u00edlia\/DF, motivar\u00e1 a produ\u00e7\u00e3o de uma carta a respeito de quest\u00f5es que constituem obst\u00e1culos ao fortalecimento do funcionalismo p\u00fablico nacional.\r\n\r\n[gallery link=\"file\" ids=\"14500,14501,14497,14498\"]","_links":{"self":[{"href":"https:\/\/sinprofaz.org.br\/2024\/wp-json\/wp\/v2\/posts\/14496"}],"collection":[{"href":"https:\/\/sinprofaz.org.br\/2024\/wp-json\/wp\/v2\/posts"}],"about":[{"href":"https:\/\/sinprofaz.org.br\/2024\/wp-json\/wp\/v2\/types\/post"}],"author":[{"embeddable":true,"href":"https:\/\/sinprofaz.org.br\/2024\/wp-json\/wp\/v2\/users\/2"}],"replies":[{"embeddable":true,"href":"https:\/\/sinprofaz.org.br\/2024\/wp-json\/wp\/v2\/comments?post=14496"}],"version-history":[{"count":3,"href":"https:\/\/sinprofaz.org.br\/2024\/wp-json\/wp\/v2\/posts\/14496\/revisions"}],"predecessor-version":[{"id":14507,"href":"https:\/\/sinprofaz.org.br\/2024\/wp-json\/wp\/v2\/posts\/14496\/revisions\/14507"}],"wp:featuredmedia":[{"embeddable":true,"href":"https:\/\/sinprofaz.org.br\/2024\/wp-json\/wp\/v2\/media\/14499"}],"wp:attachment":[{"href":"https:\/\/sinprofaz.org.br\/2024\/wp-json\/wp\/v2\/media?parent=14496"}],"wp:term":[{"taxonomy":"category","embeddable":true,"href":"https:\/\/sinprofaz.org.br\/2024\/wp-json\/wp\/v2\/categories?post=14496"},{"taxonomy":"post_tag","embeddable":true,"href":"https:\/\/sinprofaz.org.br\/2024\/wp-json\/wp\/v2\/tags?post=14496"}],"curies":[{"name":"wp","href":"https:\/\/api.w.org\/{rel}","templated":true}]}}