{"id":14449,"date":"2022-04-01T08:17:29","date_gmt":"2022-04-01T11:17:29","guid":{"rendered":"http:\/\/www.sinprofaz.org.br\/?p=14449"},"modified":"2022-03-31T16:39:41","modified_gmt":"2022-03-31T19:39:41","slug":"advogado-geral-da-uniao-recebe-sinprofaz","status":"publish","type":"post","link":"https:\/\/sinprofaz.org.br\/2024\/noticias\/advogado-geral-da-uniao-recebe-sinprofaz\/","title":{"rendered":"ADVOGADO-GERAL DA UNI\u00c3O RECEBE SINPROFAZ"},"content":{"rendered":"<p>O SINPROFAZ, representado pelo presidente Achilles Frias, esteve reunido na quarta-feira (30) com o advogado-geral da Uni\u00e3o, Bruno Bianco. O encontro ocorreu na sede da AGU, em Bras\u00edlia\/DF.<\/p>\n<p>Temas pertinentes aos advogados p\u00fablicos federais, em especial aos procuradores da Fazenda Nacional, foram discutidos na ocasi\u00e3o. Ao presidente do SINPROFAZ, Bruno Bianco reiterou o apoio aos pleitos da Carreira e reafirmou a import\u00e2ncia do trabalho conjunto, realizado pelo Sindicato e pela AGU, em prol dos Membros da Institui\u00e7\u00e3o.<\/p>\n","protected":false},"excerpt":{"rendered":"<p>Temas pertinentes aos advogados p\u00fablicos federais, em especial aos PFNs, foram discutidos na ocasi\u00e3o. Ao presidente do SINPROFAZ, Bruno Bianco reiterou o apoio aos pleitos da Carreira e reafirmou a import\u00e2ncia do trabalho conjunto, realizado pelo Sindicato e pela AGU, em prol dos Membros da Institui\u00e7\u00e3o.<\/p>\n","protected":false},"author":2,"featured_media":14450,"comment_status":"open","ping_status":"open","sticky":false,"template":"","format":"standard","meta":{"footnotes":""},"categories":[8],"tags":[43,32,25],"featured_image_url":"https:\/\/sinprofaz.org.br\/2024\/wp-content\/uploads\/2022\/03\/Achilles-Frias-e-Bruno-Bianco.jpg","character_count":265,"formatted_date":"01\/04\/2022 - 08:17","contentNovo":"O SINPROFAZ, representado pelo presidente Achilles Frias, esteve reunido na quarta-feira (30) com o advogado-geral da Uni\u00e3o, Bruno Bianco. O encontro ocorreu na sede da AGU, em Bras\u00edlia\/DF.\r\n\r\nTemas pertinentes aos advogados p\u00fablicos federais, em especial aos procuradores da Fazenda Nacional, foram discutidos na ocasi\u00e3o. Ao presidente do SINPROFAZ, Bruno Bianco reiterou o apoio aos pleitos da Carreira e reafirmou a import\u00e2ncia do trabalho conjunto, realizado pelo Sindicato e pela AGU, em prol dos Membros da Institui\u00e7\u00e3o.","_links":{"self":[{"href":"https:\/\/sinprofaz.org.br\/2024\/wp-json\/wp\/v2\/posts\/14449"}],"collection":[{"href":"https:\/\/sinprofaz.org.br\/2024\/wp-json\/wp\/v2\/posts"}],"about":[{"href":"https:\/\/sinprofaz.org.br\/2024\/wp-json\/wp\/v2\/types\/post"}],"author":[{"embeddable":true,"href":"https:\/\/sinprofaz.org.br\/2024\/wp-json\/wp\/v2\/users\/2"}],"replies":[{"embeddable":true,"href":"https:\/\/sinprofaz.org.br\/2024\/wp-json\/wp\/v2\/comments?post=14449"}],"version-history":[{"count":1,"href":"https:\/\/sinprofaz.org.br\/2024\/wp-json\/wp\/v2\/posts\/14449\/revisions"}],"predecessor-version":[{"id":14451,"href":"https:\/\/sinprofaz.org.br\/2024\/wp-json\/wp\/v2\/posts\/14449\/revisions\/14451"}],"wp:featuredmedia":[{"embeddable":true,"href":"https:\/\/sinprofaz.org.br\/2024\/wp-json\/wp\/v2\/media\/14450"}],"wp:attachment":[{"href":"https:\/\/sinprofaz.org.br\/2024\/wp-json\/wp\/v2\/media?parent=14449"}],"wp:term":[{"taxonomy":"category","embeddable":true,"href":"https:\/\/sinprofaz.org.br\/2024\/wp-json\/wp\/v2\/categories?post=14449"},{"taxonomy":"post_tag","embeddable":true,"href":"https:\/\/sinprofaz.org.br\/2024\/wp-json\/wp\/v2\/tags?post=14449"}],"curies":[{"name":"wp","href":"https:\/\/api.w.org\/{rel}","templated":true}]}}