{"id":14398,"date":"2022-03-29T08:26:24","date_gmt":"2022-03-29T11:26:24","guid":{"rendered":"http:\/\/www.sinprofaz.org.br\/?p=14398"},"modified":"2022-03-30T09:14:50","modified_gmt":"2022-03-30T12:14:50","slug":"ago-2022-promove-reencontro-entre-diretores-delegados-e-filiados-em-brasilia","status":"publish","type":"post","link":"https:\/\/sinprofaz.org.br\/2024\/noticias\/ago-2022-promove-reencontro-entre-diretores-delegados-e-filiados-em-brasilia\/","title":{"rendered":"AGO 2022 PROMOVE REENCONTRO ENTRE DIRETORES, DELEGADOS E FILIADOS EM BRAS\u00cdLIA"},"content":{"rendered":"<p>Ap\u00f3s dois anos de assembleias realizadas com n\u00famero limitado de Colegas em virtude da pandemia da Covid-19, o SINPROFAZ p\u00f4de finalmente promover uma AGO com menos restri\u00e7\u00f5es. O encontro ocorreu no s\u00e1bado (26), no sal\u00e3o de eventos do Hotel Comfort Suites, em Bras\u00edlia\/DF, e reuniu integrantes da Diretoria, das Delegacias Sindicais, da Junta de Julgamento e do Conselho Fiscal. Cerca de 30 PFNs participaram presencialmente da AGO e contribu\u00edram com as delibera\u00e7\u00f5es da ocasi\u00e3o.<\/p>\n<p>Os debates ao longo da Assembleia Geral Ordin\u00e1ria foram conduzidos pelo presidente do SINPROFAZ, Achilles Frias. Al\u00e9m do presidente, compuseram a mesa da AGO a vice-presidenta, Iolanda Guindani; a diretora secret\u00e1ria, Luciane de Abreu; e, para abertura da Assembleia, o ex-presidente Jos\u00e9 Ernane Brito. Na oportunidade das exposi\u00e7\u00f5es acerca do item 2 da pauta, relativo \u00e0s contas do exerc\u00edcio de 2021, a mesa foi presidida por dois dos membros do Conselho Fiscal: Jos\u00e9 Edmundo Barros de Lacerda e Manolo Aur\u00e9lio Bedin Keller, que representaram o tamb\u00e9m conselheiro Jos\u00e9 Vila\u00e7o da Silva. Aos tr\u00eas, o SINPROFAZ agradece pela hist\u00f3rica dedica\u00e7\u00e3o \u00e0 Carreira.<\/p>\n<p>A AGO deste ano marcou a elei\u00e7\u00e3o dos novos membros da Junta de Julgamento e do Conselho Fiscal. No bi\u00eanio 2022-2024, a Junta ser\u00e1 formada por Danielle Pinheiro (suplente: Benedito Paulo de Souza), Manolo Keller (suplente: Patr\u00edcia Vignolo) e Michelle Cavalcante (suplente: Andr\u00e9 Campello). O Conselho Fiscal, por sua vez, contar\u00e1 com Jos\u00e9 Edmundo de Lacerda (suplente: Jo\u00e3o Paulo Cavalcanti), Maria Helena Ribemboim (suplente: Joaquim Jos\u00e9 de Barros) e Talius Vasconcelos (suplente: Vl\u00e1dia do Carmo). Parab\u00e9ns aos Colegas eleitos!<\/p>\n<p>A ata da Assembleia Geral Ordin\u00e1ria 2022 ser\u00e1 oportunamente disponibilizada na \u00c1rea do Filiado, para acesso por todas e todos. \u00c0quelas e \u00e0queles que participaram da AGO, presencialmente ou via procura\u00e7\u00e3o, o Sindicato agradece pelas contribui\u00e7\u00f5es!<\/p>\n\n\t\t<style type=\"text\/css\">\n\t\t\t#gallery-1 {\n\t\t\t\tmargin: auto;\n\t\t\t}\n\t\t\t#gallery-1 .gallery-item {\n\t\t\t\tfloat: left;\n\t\t\t\tmargin-top: 10px;\n\t\t\t\ttext-align: center;\n\t\t\t\twidth: 33%;\n\t\t\t}\n\t\t\t#gallery-1 img {\n\t\t\t\tborder: 2px solid #cfcfcf;\n\t\t\t}\n\t\t\t#gallery-1 .gallery-caption {\n\t\t\t\tmargin-left: 0;\n\t\t\t}\n\t\t\t\/* see gallery_shortcode() in wp-includes\/media.php *\/\n\t\t<\/style>\n\t\t<div id='gallery-1' class='gallery galleryid-14398 gallery-columns-3 gallery-size-thumbnail'><dl class='gallery-item'>\n\t\t\t<dt class='gallery-icon landscape'>\n\t\t\t\t<a href='https:\/\/sinprofaz.org.br\/2024\/wp-content\/uploads\/2022\/03\/encontro-ago-2022-2.jpg'><img loading=\"lazy\" decoding=\"async\" width=\"150\" height=\"150\" src=\"https:\/\/sinprofaz.org.br\/2024\/wp-content\/uploads\/2022\/03\/encontro-ago-2022-2-150x150.jpg\" class=\"attachment-thumbnail size-thumbnail\" alt=\"\" \/><\/a>\n\t\t\t<\/dt><\/dl><dl class='gallery-item'>\n\t\t\t<dt class='gallery-icon landscape'>\n\t\t\t\t<a href='https:\/\/sinprofaz.org.br\/2024\/wp-content\/uploads\/2022\/03\/encontro-ago-2022-3.jpg'><img loading=\"lazy\" decoding=\"async\" width=\"150\" height=\"150\" src=\"https:\/\/sinprofaz.org.br\/2024\/wp-content\/uploads\/2022\/03\/encontro-ago-2022-3-150x150.jpg\" class=\"attachment-thumbnail size-thumbnail\" alt=\"\" \/><\/a>\n\t\t\t<\/dt><\/dl><dl class='gallery-item'>\n\t\t\t<dt class='gallery-icon landscape'>\n\t\t\t\t<a href='https:\/\/sinprofaz.org.br\/2024\/wp-content\/uploads\/2022\/03\/encontro-ago-2022-4.jpg'><img loading=\"lazy\" decoding=\"async\" width=\"150\" height=\"150\" src=\"https:\/\/sinprofaz.org.br\/2024\/wp-content\/uploads\/2022\/03\/encontro-ago-2022-4-150x150.jpg\" class=\"attachment-thumbnail size-thumbnail\" alt=\"\" \/><\/a>\n\t\t\t<\/dt><\/dl><br style=\"clear: both\" \/><dl class='gallery-item'>\n\t\t\t<dt class='gallery-icon landscape'>\n\t\t\t\t<a href='https:\/\/sinprofaz.org.br\/2024\/wp-content\/uploads\/2022\/03\/encontro-ago-2022-5.jpg'><img loading=\"lazy\" decoding=\"async\" width=\"150\" height=\"150\" src=\"https:\/\/sinprofaz.org.br\/2024\/wp-content\/uploads\/2022\/03\/encontro-ago-2022-5-150x150.jpg\" class=\"attachment-thumbnail size-thumbnail\" alt=\"\" \/><\/a>\n\t\t\t<\/dt><\/dl><dl class='gallery-item'>\n\t\t\t<dt class='gallery-icon landscape'>\n\t\t\t\t<a href='https:\/\/sinprofaz.org.br\/2024\/wp-content\/uploads\/2022\/03\/encontro-ago-2022-6.jpg'><img loading=\"lazy\" decoding=\"async\" width=\"150\" height=\"150\" src=\"https:\/\/sinprofaz.org.br\/2024\/wp-content\/uploads\/2022\/03\/encontro-ago-2022-6-150x150.jpg\" class=\"attachment-thumbnail size-thumbnail\" alt=\"\" \/><\/a>\n\t\t\t<\/dt><\/dl><dl class='gallery-item'>\n\t\t\t<dt class='gallery-icon landscape'>\n\t\t\t\t<a href='https:\/\/sinprofaz.org.br\/2024\/wp-content\/uploads\/2022\/03\/encontro-ago-2022-7.jpg'><img loading=\"lazy\" decoding=\"async\" width=\"150\" height=\"150\" src=\"https:\/\/sinprofaz.org.br\/2024\/wp-content\/uploads\/2022\/03\/encontro-ago-2022-7-150x150.jpg\" class=\"attachment-thumbnail size-thumbnail\" alt=\"\" \/><\/a>\n\t\t\t<\/dt><\/dl><br style=\"clear: both\" \/><dl class='gallery-item'>\n\t\t\t<dt class='gallery-icon landscape'>\n\t\t\t\t<a href='https:\/\/sinprofaz.org.br\/2024\/wp-content\/uploads\/2022\/03\/encontro-ago-2022-8.jpg'><img loading=\"lazy\" decoding=\"async\" width=\"150\" height=\"150\" src=\"https:\/\/sinprofaz.org.br\/2024\/wp-content\/uploads\/2022\/03\/encontro-ago-2022-8-150x150.jpg\" class=\"attachment-thumbnail size-thumbnail\" alt=\"\" \/><\/a>\n\t\t\t<\/dt><\/dl><dl class='gallery-item'>\n\t\t\t<dt class='gallery-icon landscape'>\n\t\t\t\t<a href='https:\/\/sinprofaz.org.br\/2024\/wp-content\/uploads\/2022\/03\/encontro-ago-2022-9.jpg'><img loading=\"lazy\" decoding=\"async\" width=\"150\" height=\"150\" src=\"https:\/\/sinprofaz.org.br\/2024\/wp-content\/uploads\/2022\/03\/encontro-ago-2022-9-150x150.jpg\" class=\"attachment-thumbnail size-thumbnail\" alt=\"\" \/><\/a>\n\t\t\t<\/dt><\/dl><dl class='gallery-item'>\n\t\t\t<dt class='gallery-icon landscape'>\n\t\t\t\t<a href='https:\/\/sinprofaz.org.br\/2024\/wp-content\/uploads\/2022\/03\/encontro-ago-2022-10.jpg'><img loading=\"lazy\" decoding=\"async\" width=\"150\" height=\"150\" src=\"https:\/\/sinprofaz.org.br\/2024\/wp-content\/uploads\/2022\/03\/encontro-ago-2022-10-150x150.jpg\" class=\"attachment-thumbnail size-thumbnail\" alt=\"\" \/><\/a>\n\t\t\t<\/dt><\/dl><br style=\"clear: both\" \/>\n\t\t<\/div>\n\n","protected":false},"excerpt":{"rendered":"<p>Ap\u00f3s duas assembleias com n\u00famero limitado de Colegas, o SINPROFAZ p\u00f4de finalmente promover uma AGO com menos restri\u00e7\u00f5es. O encontro ocorreu no s\u00e1bado (26) e reuniu membros da Diretoria, das Delegacias Sindicais, da Junta de Julgamento e do Conselho Fiscal.<\/p>\n","protected":false},"author":2,"featured_media":14408,"comment_status":"open","ping_status":"open","sticky":false,"template":"","format":"standard","meta":{"footnotes":""},"categories":[8],"tags":[41,32,25],"featured_image_url":"https:\/\/sinprofaz.org.br\/2024\/wp-content\/uploads\/2022\/03\/encontro-ago-2022-1.jpg","character_count":1209,"formatted_date":"29\/03\/2022 - 08:26","contentNovo":"Ap\u00f3s dois anos de assembleias realizadas com n\u00famero limitado de Colegas em virtude da pandemia da Covid-19, o SINPROFAZ p\u00f4de finalmente promover uma AGO com menos restri\u00e7\u00f5es. O encontro ocorreu no s\u00e1bado (26), no sal\u00e3o de eventos do Hotel Comfort Suites, em Bras\u00edlia\/DF, e reuniu integrantes da Diretoria, das Delegacias Sindicais, da Junta de Julgamento e do Conselho Fiscal. Cerca de 30 PFNs participaram presencialmente da AGO e contribu\u00edram com as delibera\u00e7\u00f5es da ocasi\u00e3o.\r\n\r\nOs debates ao longo da Assembleia Geral Ordin\u00e1ria foram conduzidos pelo presidente do SINPROFAZ, Achilles Frias. Al\u00e9m do presidente, compuseram a mesa da AGO a vice-presidenta, Iolanda Guindani; a diretora secret\u00e1ria, Luciane de Abreu; e, para abertura da Assembleia, o ex-presidente Jos\u00e9 Ernane Brito. Na oportunidade das exposi\u00e7\u00f5es acerca do item 2 da pauta, relativo \u00e0s contas do exerc\u00edcio de 2021, a mesa foi presidida por dois dos membros do Conselho Fiscal: Jos\u00e9 Edmundo Barros de Lacerda e Manolo Aur\u00e9lio Bedin Keller, que representaram o tamb\u00e9m conselheiro Jos\u00e9 Vila\u00e7o da Silva. Aos tr\u00eas, o SINPROFAZ agradece pela hist\u00f3rica dedica\u00e7\u00e3o \u00e0 Carreira.\r\n\r\nA AGO deste ano marcou a elei\u00e7\u00e3o dos novos membros da Junta de Julgamento e do Conselho Fiscal. No bi\u00eanio 2022-2024, a Junta ser\u00e1 formada por Danielle Pinheiro (suplente: Benedito Paulo de Souza), Manolo Keller (suplente: Patr\u00edcia Vignolo) e Michelle Cavalcante (suplente: Andr\u00e9 Campello). O Conselho Fiscal, por sua vez, contar\u00e1 com Jos\u00e9 Edmundo de Lacerda (suplente: Jo\u00e3o Paulo Cavalcanti), Maria Helena Ribemboim (suplente: Joaquim Jos\u00e9 de Barros) e Talius Vasconcelos (suplente: Vl\u00e1dia do Carmo). Parab\u00e9ns aos Colegas eleitos!\r\n\r\nA ata da Assembleia Geral Ordin\u00e1ria 2022 ser\u00e1 oportunamente disponibilizada na \u00c1rea do Filiado, para acesso por todas e todos. \u00c0quelas e \u00e0queles que participaram da AGO, presencialmente ou via procura\u00e7\u00e3o, o Sindicato agradece pelas contribui\u00e7\u00f5es!\r\n\r\n[gallery link=\"file\" ids=\"14418,14419,14415,14416,14417,14413,14414,14411,14412\"]","_links":{"self":[{"href":"https:\/\/sinprofaz.org.br\/2024\/wp-json\/wp\/v2\/posts\/14398"}],"collection":[{"href":"https:\/\/sinprofaz.org.br\/2024\/wp-json\/wp\/v2\/posts"}],"about":[{"href":"https:\/\/sinprofaz.org.br\/2024\/wp-json\/wp\/v2\/types\/post"}],"author":[{"embeddable":true,"href":"https:\/\/sinprofaz.org.br\/2024\/wp-json\/wp\/v2\/users\/2"}],"replies":[{"embeddable":true,"href":"https:\/\/sinprofaz.org.br\/2024\/wp-json\/wp\/v2\/comments?post=14398"}],"version-history":[{"count":7,"href":"https:\/\/sinprofaz.org.br\/2024\/wp-json\/wp\/v2\/posts\/14398\/revisions"}],"predecessor-version":[{"id":14430,"href":"https:\/\/sinprofaz.org.br\/2024\/wp-json\/wp\/v2\/posts\/14398\/revisions\/14430"}],"wp:featuredmedia":[{"embeddable":true,"href":"https:\/\/sinprofaz.org.br\/2024\/wp-json\/wp\/v2\/media\/14408"}],"wp:attachment":[{"href":"https:\/\/sinprofaz.org.br\/2024\/wp-json\/wp\/v2\/media?parent=14398"}],"wp:term":[{"taxonomy":"category","embeddable":true,"href":"https:\/\/sinprofaz.org.br\/2024\/wp-json\/wp\/v2\/categories?post=14398"},{"taxonomy":"post_tag","embeddable":true,"href":"https:\/\/sinprofaz.org.br\/2024\/wp-json\/wp\/v2\/tags?post=14398"}],"curies":[{"name":"wp","href":"https:\/\/api.w.org\/{rel}","templated":true}]}}