{"id":14396,"date":"2022-03-28T08:39:33","date_gmt":"2022-03-28T11:39:33","guid":{"rendered":"http:\/\/www.sinprofaz.org.br\/?p=14396"},"modified":"2022-03-29T09:04:46","modified_gmt":"2022-03-29T12:04:46","slug":"confira-os-resultados-da-assembleia-geral-ordinaria-2022-do-sinprofaz","status":"publish","type":"post","link":"https:\/\/sinprofaz.org.br\/2024\/noticias\/confira-os-resultados-da-assembleia-geral-ordinaria-2022-do-sinprofaz\/","title":{"rendered":"CONFIRA OS RESULTADOS DA ASSEMBLEIA GERAL ORDIN\u00c1RIA 2022 DO SINPROFAZ"},"content":{"rendered":"<p>No s\u00e1bado, 26 de mar\u00e7o, no Hotel Comfort Suites Bras\u00edlia, foi realizada a Assembleia Geral Ordin\u00e1ria 2022 do SINPROFAZ. Confira os resultados:<\/p>\n<p>1) Ata da Assembleia Geral Ordin\u00e1ria 2021: Aprovada<\/p>\n<p>2) Contas do exerc\u00edcio de 2021: Aprovadas<\/p>\n<p>3) Proposta de or\u00e7amento para o exerc\u00edcio de 2022: Aprovada<\/p>\n<p>4) Autoriza\u00e7\u00e3o para o SINPROFAZ propor a\u00e7\u00f5es judiciais e ratificar a\u00e7\u00f5es recentemente propostas: Aprovada<\/p>\n<p>5) Elei\u00e7\u00e3o para a Junta de Julgamento Bi\u00eanio 2022-2024. Eleitos:<\/p>\n<p><em>Danielle Mendes Pinheiro &#8211; Titular<\/em><br \/>\n<em>Benedito Paulo de Souza &#8211; Suplente<\/em><\/p>\n<p><em>Manolo Aur\u00e9lio Bedin Keller &#8211; Titular<\/em><br \/>\n<em>Patr\u00edcia Vignolo Alves &#8211; Suplente<\/em><\/p>\n<p><em>Michelle Cavalcante Rodrigues da Cunha &#8211; Titular<\/em><br \/>\n<em>Andr\u00e9 Emmanuel Batista Barreto Campello &#8211; Suplente<\/em><\/p>\n<p>6) Elei\u00e7\u00e3o para o Conselho Fiscal Bi\u00eanio 2022-2024. Eleitos:<\/p>\n<p><em>Jos\u00e9 Edmundo Barros de Lacerda &#8211; Titular<\/em><br \/>\n<em>Jo\u00e3o Paulo Cordeiro Cavalcanti &#8211; Suplente<\/em><\/p>\n<p><em>Maria Helena Urbano Ribemboim &#8211; Titular<\/em><br \/>\n<em>Joaquim Jos\u00e9 de Barros Dias Filho &#8211; Suplente<\/em><\/p>\n<p><em>Talius de Oliveira Vasconcelos &#8211; Titular<\/em><br \/>\n<em>Vl\u00e1dia Bezerra do Carmo &#8211; Suplente<\/em><\/p>\n<p>7) Autoriza\u00e7\u00e3o para despesas extraordin\u00e1rias visando \u00e0 defesa de prerrogativas da Carreira: Aprovada<\/p>\n<p>A Diretoria do SINPROFAZ agradece a todas as filiadas e a todos os filiados que participaram das delibera\u00e7\u00f5es mediante o preenchimento das Procura\u00e7\u00f5es Eletr\u00f4nicas e Impressas.<\/p>\n","protected":false},"excerpt":{"rendered":"<p>A Diretoria do SINPROFAZ agradece a todas as filiadas e a todos os filiados que participaram das delibera\u00e7\u00f5es da AGO 2022 mediante o preenchimento das Procura\u00e7\u00f5es Eletr\u00f4nicas e Impressas. A ata da AGO ser\u00e1 publicada na \u00c1rea do Filiado.<\/p>\n","protected":false},"author":2,"featured_media":11737,"comment_status":"open","ping_status":"open","sticky":false,"template":"","format":"standard","meta":{"footnotes":""},"categories":[8],"tags":[41,32,146,25],"featured_image_url":"https:\/\/sinprofaz.org.br\/2024\/wp-content\/uploads\/2020\/07\/logo-sinprofaz-1.png","character_count":700,"formatted_date":"28\/03\/2022 - 08:39","contentNovo":"No s\u00e1bado, 26 de mar\u00e7o, no Hotel Comfort Suites Bras\u00edlia, foi realizada a Assembleia Geral Ordin\u00e1ria 2022 do SINPROFAZ. Confira os resultados:\r\n\r\n1) Ata da Assembleia Geral Ordin\u00e1ria 2021: Aprovada\r\n\r\n2) Contas do exerc\u00edcio de 2021: Aprovadas\r\n\r\n3) Proposta de or\u00e7amento para o exerc\u00edcio de 2022: Aprovada\r\n\r\n4) Autoriza\u00e7\u00e3o para o SINPROFAZ propor a\u00e7\u00f5es judiciais e ratificar a\u00e7\u00f5es recentemente propostas: Aprovada\r\n\r\n5) Elei\u00e7\u00e3o para a Junta de Julgamento Bi\u00eanio 2022-2024. Eleitos:\r\n\r\n<em>Danielle Mendes Pinheiro - Titular<\/em>\r\n<em>Benedito Paulo de Souza - Suplente<\/em>\r\n\r\n<em>Manolo Aur\u00e9lio Bedin Keller - Titular<\/em>\r\n<em>Patr\u00edcia Vignolo Alves - Suplente<\/em>\r\n\r\n<em>Michelle Cavalcante Rodrigues da Cunha - Titular<\/em>\r\n<em>Andr\u00e9 Emmanuel Batista Barreto Campello - Suplente<\/em>\r\n\r\n6) Elei\u00e7\u00e3o para o Conselho Fiscal Bi\u00eanio 2022-2024. Eleitos:\r\n\r\n<em>Jos\u00e9 Edmundo Barros de Lacerda - Titular<\/em>\r\n<em>Jo\u00e3o Paulo Cordeiro Cavalcanti - Suplente<\/em>\r\n\r\n<em>Maria Helena Urbano Ribemboim - Titular<\/em>\r\n<em>Joaquim Jos\u00e9 de Barros Dias Filho - Suplente<\/em>\r\n\r\n<em>Talius de Oliveira Vasconcelos - Titular<\/em>\r\n<em>Vl\u00e1dia Bezerra do Carmo - Suplente<\/em>\r\n\r\n7) Autoriza\u00e7\u00e3o para despesas extraordin\u00e1rias visando \u00e0 defesa de prerrogativas da Carreira: Aprovada\r\n\r\nA Diretoria do SINPROFAZ agradece a todas as filiadas e a todos os filiados que participaram das delibera\u00e7\u00f5es mediante o preenchimento das Procura\u00e7\u00f5es Eletr\u00f4nicas e Impressas.","_links":{"self":[{"href":"https:\/\/sinprofaz.org.br\/2024\/wp-json\/wp\/v2\/posts\/14396"}],"collection":[{"href":"https:\/\/sinprofaz.org.br\/2024\/wp-json\/wp\/v2\/posts"}],"about":[{"href":"https:\/\/sinprofaz.org.br\/2024\/wp-json\/wp\/v2\/types\/post"}],"author":[{"embeddable":true,"href":"https:\/\/sinprofaz.org.br\/2024\/wp-json\/wp\/v2\/users\/2"}],"replies":[{"embeddable":true,"href":"https:\/\/sinprofaz.org.br\/2024\/wp-json\/wp\/v2\/comments?post=14396"}],"version-history":[{"count":2,"href":"https:\/\/sinprofaz.org.br\/2024\/wp-json\/wp\/v2\/posts\/14396\/revisions"}],"predecessor-version":[{"id":14422,"href":"https:\/\/sinprofaz.org.br\/2024\/wp-json\/wp\/v2\/posts\/14396\/revisions\/14422"}],"wp:featuredmedia":[{"embeddable":true,"href":"https:\/\/sinprofaz.org.br\/2024\/wp-json\/wp\/v2\/media\/11737"}],"wp:attachment":[{"href":"https:\/\/sinprofaz.org.br\/2024\/wp-json\/wp\/v2\/media?parent=14396"}],"wp:term":[{"taxonomy":"category","embeddable":true,"href":"https:\/\/sinprofaz.org.br\/2024\/wp-json\/wp\/v2\/categories?post=14396"},{"taxonomy":"post_tag","embeddable":true,"href":"https:\/\/sinprofaz.org.br\/2024\/wp-json\/wp\/v2\/tags?post=14396"}],"curies":[{"name":"wp","href":"https:\/\/api.w.org\/{rel}","templated":true}]}}