{"id":14393,"date":"2022-03-25T08:17:13","date_gmt":"2022-03-25T11:17:13","guid":{"rendered":"http:\/\/www.sinprofaz.org.br\/?p=14393"},"modified":"2022-03-24T17:57:43","modified_gmt":"2022-03-24T20:57:43","slug":"ultimo-dia-preencha-a-procuracao-eletronica-da-ago-2022","status":"publish","type":"post","link":"https:\/\/sinprofaz.org.br\/2024\/noticias\/ultimo-dia-preencha-a-procuracao-eletronica-da-ago-2022\/","title":{"rendered":"\u00daLTIMO DIA: PREENCHA A PROCURA\u00c7\u00c3O ELETR\u00d4NICA DA AGO 2022"},"content":{"rendered":"<p>Hoje, sexta-feira, \u00e9 o \u00faltimo dia do prazo para preenchimento da <em>Procura\u00e7\u00e3o Eletr\u00f4nica AGO 2022<\/em>!<\/p>\n<p>A partir do preenchimento, filiadas e filiados garantem a participa\u00e7\u00e3o nas delibera\u00e7\u00f5es da Assembleia Geral, que ocorre amanh\u00e3 (26), em Bras\u00edlia\/DF. A pauta da AGO, com os itens a serem deliberados, consta na Procura\u00e7\u00e3o Eletr\u00f4nica, que est\u00e1 dispon\u00edvel na \u00c1rea do Filiado.<\/p>\n<p>Acesse j\u00e1 <a href=\"https:\/\/areadofiliado.sinprofaz.org.br\/pages\/login.php\">areadofiliado.sinprofaz.org.br<\/a> e realize o preenchimento!<\/p>\n","protected":false},"excerpt":{"rendered":"<p>A partir do preenchimento, filiadas e filiados garantem a participa\u00e7\u00e3o nas delibera\u00e7\u00f5es da Assembleia Geral, que ocorre amanh\u00e3 (26), em Bras\u00edlia\/DF. A pauta da AGO, com os itens a serem deliberados, consta na Procura\u00e7\u00e3o Eletr\u00f4nica, que est\u00e1 dispon\u00edvel na \u00c1rea do Filiado.<\/p>\n","protected":false},"author":2,"featured_media":14394,"comment_status":"open","ping_status":"open","sticky":false,"template":"","format":"standard","meta":{"footnotes":""},"categories":[8],"tags":[41,32,25],"featured_image_url":"https:\/\/sinprofaz.org.br\/2024\/wp-content\/uploads\/2022\/03\/ago-2022-3.jpg","character_count":228,"formatted_date":"25\/03\/2022 - 08:17","contentNovo":"Hoje, sexta-feira, \u00e9 o \u00faltimo dia do prazo para preenchimento da <em>Procura\u00e7\u00e3o Eletr\u00f4nica AGO 2022<\/em>!\r\n\r\nA partir do preenchimento, filiadas e filiados garantem a participa\u00e7\u00e3o nas delibera\u00e7\u00f5es da Assembleia Geral, que ocorre amanh\u00e3 (26), em Bras\u00edlia\/DF. A pauta da AGO, com os itens a serem deliberados, consta na Procura\u00e7\u00e3o Eletr\u00f4nica, que est\u00e1 dispon\u00edvel na \u00c1rea do Filiado.\r\n\r\nAcesse j\u00e1 <a href=\"https:\/\/areadofiliado.sinprofaz.org.br\/pages\/login.php\">areadofiliado.sinprofaz.org.br<\/a> e realize o preenchimento!","_links":{"self":[{"href":"https:\/\/sinprofaz.org.br\/2024\/wp-json\/wp\/v2\/posts\/14393"}],"collection":[{"href":"https:\/\/sinprofaz.org.br\/2024\/wp-json\/wp\/v2\/posts"}],"about":[{"href":"https:\/\/sinprofaz.org.br\/2024\/wp-json\/wp\/v2\/types\/post"}],"author":[{"embeddable":true,"href":"https:\/\/sinprofaz.org.br\/2024\/wp-json\/wp\/v2\/users\/2"}],"replies":[{"embeddable":true,"href":"https:\/\/sinprofaz.org.br\/2024\/wp-json\/wp\/v2\/comments?post=14393"}],"version-history":[{"count":1,"href":"https:\/\/sinprofaz.org.br\/2024\/wp-json\/wp\/v2\/posts\/14393\/revisions"}],"predecessor-version":[{"id":14395,"href":"https:\/\/sinprofaz.org.br\/2024\/wp-json\/wp\/v2\/posts\/14393\/revisions\/14395"}],"wp:featuredmedia":[{"embeddable":true,"href":"https:\/\/sinprofaz.org.br\/2024\/wp-json\/wp\/v2\/media\/14394"}],"wp:attachment":[{"href":"https:\/\/sinprofaz.org.br\/2024\/wp-json\/wp\/v2\/media?parent=14393"}],"wp:term":[{"taxonomy":"category","embeddable":true,"href":"https:\/\/sinprofaz.org.br\/2024\/wp-json\/wp\/v2\/categories?post=14393"},{"taxonomy":"post_tag","embeddable":true,"href":"https:\/\/sinprofaz.org.br\/2024\/wp-json\/wp\/v2\/tags?post=14393"}],"curies":[{"name":"wp","href":"https:\/\/api.w.org\/{rel}","templated":true}]}}