{"id":14386,"date":"2022-03-23T13:37:09","date_gmt":"2022-03-23T16:37:09","guid":{"rendered":"http:\/\/www.sinprofaz.org.br\/?p=14386"},"modified":"2022-03-23T13:39:03","modified_gmt":"2022-03-23T16:39:03","slug":"sinprofaz-e-anauni-agradecem-deputado-lucas-vergilio-por-requerimento-para-retirada-do-tema-da-unificacao-das-carreiras-da-agu","status":"publish","type":"post","link":"https:\/\/sinprofaz.org.br\/2024\/noticias\/sinprofaz-e-anauni-agradecem-deputado-lucas-vergilio-por-requerimento-para-retirada-do-tema-da-unificacao-das-carreiras-da-agu\/","title":{"rendered":"SINPROFAZ E ANAUNI AGRADECEM DEPUTADO LUCAS VERG\u00cdLIO POR REQUERIMENTO PARA RETIRADA DO TEMA DA UNIFICA\u00c7\u00c3O DAS CARREIRAS DA AGU"},"content":{"rendered":"<p>O SINPROFAZ e a ANAUNI agradecem o deputado federal Lucas Verg\u00edlio (Solidariedade-GO) pela apresenta\u00e7\u00e3o do requerimento para retirada do tema da unifica\u00e7\u00e3o das carreiras da AGU. A quest\u00e3o consta no plano de trabalho do grupo parlamentar em andamento na C\u00e2mara dos Deputados. Conforme o requerimento, ao incluir no plano o debate acerca da unifica\u00e7\u00e3o, a Casa adentra mat\u00e9ria interna corporis, que diz respeito \u00e0 organiza\u00e7\u00e3o dos trabalhos no \u00f3rg\u00e3o. Confira o inteiro teor: <a href=\"https:\/\/www.camara.leg.br\/proposicoesWeb\/prop_mostrarintegra?codteor=2150967&amp;filename=Tramitacao-REQ+1\/2022+GTADVPUB\">bit.ly\/ReqLucasVergilio<\/a>.<\/p>\n<p>O referido requerimento vai ao encontro do posicionamento da Advocacia-Geral da Uni\u00e3o, como exposto v\u00e1rias vezes pelo pr\u00f3prio ministro da AGU, Bruno Bianco, o qual deve comparecer a audi\u00eancia do GT em data a ser confirmada. Ao grupo, o SINPROFAZ tamb\u00e9m apresentou requerimento para que seja inclu\u00eddo, no plano de trabalho, o tema da cria\u00e7\u00e3o da carreira de apoio, prevista no projeto de lei n\u00ba 6788\/2017.<\/p>\n","protected":false},"excerpt":{"rendered":"<p>O referido requerimento vai ao encontro do posicionamento da AGU, como exposto v\u00e1rias vezes pelo pr\u00f3prio ministro Bruno Bianco.<\/p>\n","protected":false},"author":2,"featured_media":14387,"comment_status":"open","ping_status":"open","sticky":false,"template":"","format":"standard","meta":{"footnotes":""},"categories":[8],"tags":[34,43,48,146],"featured_image_url":"https:\/\/sinprofaz.org.br\/2024\/wp-content\/uploads\/2022\/03\/P1290339.jpg","character_count":462,"formatted_date":"23\/03\/2022 - 13:37","contentNovo":"O SINPROFAZ e a ANAUNI agradecem o deputado federal Lucas Verg\u00edlio (Solidariedade-GO) pela apresenta\u00e7\u00e3o do requerimento para retirada do tema da unifica\u00e7\u00e3o das carreiras da AGU. A quest\u00e3o consta no plano de trabalho do grupo parlamentar em andamento na C\u00e2mara dos Deputados. Conforme o requerimento, ao incluir no plano o debate acerca da unifica\u00e7\u00e3o, a Casa adentra mat\u00e9ria interna corporis, que diz respeito \u00e0 organiza\u00e7\u00e3o dos trabalhos no \u00f3rg\u00e3o. Confira o inteiro teor: <a href=\"https:\/\/www.camara.leg.br\/proposicoesWeb\/prop_mostrarintegra?codteor=2150967&amp;filename=Tramitacao-REQ+1\/2022+GTADVPUB\">bit.ly\/ReqLucasVergilio<\/a>.\r\n\r\nO referido requerimento vai ao encontro do posicionamento da Advocacia-Geral da Uni\u00e3o, como exposto v\u00e1rias vezes pelo pr\u00f3prio ministro da AGU, Bruno Bianco, o qual deve comparecer a audi\u00eancia do GT em data a ser confirmada. Ao grupo, o SINPROFAZ tamb\u00e9m apresentou requerimento para que seja inclu\u00eddo, no plano de trabalho, o tema da cria\u00e7\u00e3o da carreira de apoio, prevista no projeto de lei n\u00ba 6788\/2017.","_links":{"self":[{"href":"https:\/\/sinprofaz.org.br\/2024\/wp-json\/wp\/v2\/posts\/14386"}],"collection":[{"href":"https:\/\/sinprofaz.org.br\/2024\/wp-json\/wp\/v2\/posts"}],"about":[{"href":"https:\/\/sinprofaz.org.br\/2024\/wp-json\/wp\/v2\/types\/post"}],"author":[{"embeddable":true,"href":"https:\/\/sinprofaz.org.br\/2024\/wp-json\/wp\/v2\/users\/2"}],"replies":[{"embeddable":true,"href":"https:\/\/sinprofaz.org.br\/2024\/wp-json\/wp\/v2\/comments?post=14386"}],"version-history":[{"count":1,"href":"https:\/\/sinprofaz.org.br\/2024\/wp-json\/wp\/v2\/posts\/14386\/revisions"}],"predecessor-version":[{"id":14388,"href":"https:\/\/sinprofaz.org.br\/2024\/wp-json\/wp\/v2\/posts\/14386\/revisions\/14388"}],"wp:featuredmedia":[{"embeddable":true,"href":"https:\/\/sinprofaz.org.br\/2024\/wp-json\/wp\/v2\/media\/14387"}],"wp:attachment":[{"href":"https:\/\/sinprofaz.org.br\/2024\/wp-json\/wp\/v2\/media?parent=14386"}],"wp:term":[{"taxonomy":"category","embeddable":true,"href":"https:\/\/sinprofaz.org.br\/2024\/wp-json\/wp\/v2\/categories?post=14386"},{"taxonomy":"post_tag","embeddable":true,"href":"https:\/\/sinprofaz.org.br\/2024\/wp-json\/wp\/v2\/tags?post=14386"}],"curies":[{"name":"wp","href":"https:\/\/api.w.org\/{rel}","templated":true}]}}