{"id":14382,"date":"2022-03-23T08:23:07","date_gmt":"2022-03-23T11:23:07","guid":{"rendered":"http:\/\/www.sinprofaz.org.br\/?p=14382"},"modified":"2022-03-23T08:23:07","modified_gmt":"2022-03-23T11:23:07","slug":"advogado-geral-da-uniao-recebe-deputado-filiado-tadeu-alencar-e-entidades","status":"publish","type":"post","link":"https:\/\/sinprofaz.org.br\/2024\/noticias\/advogado-geral-da-uniao-recebe-deputado-filiado-tadeu-alencar-e-entidades\/","title":{"rendered":"ADVOGADO-GERAL DA UNI\u00c3O RECEBE DEPUTADO FILIADO TADEU ALENCAR E ENTIDADES"},"content":{"rendered":"<p>O ministro da Advocacia-Geral da Uni\u00e3o, Bruno Bianco, recebeu ontem (22), para reuni\u00e3o na sede da AGU, em Bras\u00edlia\/DF, o deputado federal filiado ao SINPROFAZ, Tadeu Alencar (PSB\/PE). Tamb\u00e9m participaram da reuni\u00e3o o presidente do Sindicato, Achilles Frias, e dirigentes da ANAUNI e da ANAFE, al\u00e9m de membros da c\u00fapula da Institui\u00e7\u00e3o. Temas afetos \u00e0s carreiras da AGU pautaram o encontro.<\/p>\n<p>\u00danico representante da Advocacia P\u00fablica Federal no Congresso Nacional, Tadeu Alencar reafirmou seu entusiasmo com rela\u00e7\u00e3o \u00e0 atua\u00e7\u00e3o firme e republicana da Advocacia-Geral da Uni\u00e3o. O parlamentar reafirmou ainda sua disponibilidade para atuar em defesa da Institui\u00e7\u00e3o nos debates realizados na C\u00e2mara dos Deputados. De acordo com Bruno Bianco, o apoio do parlamentar \u00e9 de grande relev\u00e2ncia para o momento, que deve ser de uni\u00e3o entre as carreiras.<\/p>\n\n\t\t<style type=\"text\/css\">\n\t\t\t#gallery-1 {\n\t\t\t\tmargin: auto;\n\t\t\t}\n\t\t\t#gallery-1 .gallery-item {\n\t\t\t\tfloat: left;\n\t\t\t\tmargin-top: 10px;\n\t\t\t\ttext-align: center;\n\t\t\t\twidth: 33%;\n\t\t\t}\n\t\t\t#gallery-1 img {\n\t\t\t\tborder: 2px solid #cfcfcf;\n\t\t\t}\n\t\t\t#gallery-1 .gallery-caption {\n\t\t\t\tmargin-left: 0;\n\t\t\t}\n\t\t\t\/* see gallery_shortcode() in wp-includes\/media.php *\/\n\t\t<\/style>\n\t\t<div id='gallery-1' class='gallery galleryid-14382 gallery-columns-3 gallery-size-thumbnail'><dl class='gallery-item'>\n\t\t\t<dt class='gallery-icon landscape'>\n\t\t\t\t<a href='https:\/\/sinprofaz.org.br\/2024\/wp-content\/uploads\/2022\/03\/P1290338.jpg'><img loading=\"lazy\" decoding=\"async\" width=\"150\" height=\"150\" src=\"https:\/\/sinprofaz.org.br\/2024\/wp-content\/uploads\/2022\/03\/P1290338-150x150.jpg\" class=\"attachment-thumbnail size-thumbnail\" alt=\"\" \/><\/a>\n\t\t\t<\/dt><\/dl>\n\t\t\t<br style='clear: both' \/>\n\t\t<\/div>\n\n","protected":false},"excerpt":{"rendered":"<p>Tamb\u00e9m participaram da reuni\u00e3o o presidente do SINPROFAZ, Achilles Frias, e dirigentes da ANAUNI e da ANAFE, al\u00e9m de membros da c\u00fapula da Advocacia-Geral da Uni\u00e3o. Temas afetos \u00e0s carreiras da AGU pautaram o encontro.<\/p>\n","protected":false},"author":2,"featured_media":14384,"comment_status":"open","ping_status":"open","sticky":false,"template":"","format":"standard","meta":{"footnotes":""},"categories":[8],"tags":[34,43,32],"featured_image_url":"https:\/\/sinprofaz.org.br\/2024\/wp-content\/uploads\/2022\/03\/P1290335.jpg","character_count":609,"formatted_date":"23\/03\/2022 - 08:23","contentNovo":"O ministro da Advocacia-Geral da Uni\u00e3o, Bruno Bianco, recebeu ontem (22), para reuni\u00e3o na sede da AGU, em Bras\u00edlia\/DF, o deputado federal filiado ao SINPROFAZ, Tadeu Alencar (PSB\/PE). Tamb\u00e9m participaram da reuni\u00e3o o presidente do Sindicato, Achilles Frias, e dirigentes da ANAUNI e da ANAFE, al\u00e9m de membros da c\u00fapula da Institui\u00e7\u00e3o. Temas afetos \u00e0s carreiras da AGU pautaram o encontro.\r\n\r\n\u00danico representante da Advocacia P\u00fablica Federal no Congresso Nacional, Tadeu Alencar reafirmou seu entusiasmo com rela\u00e7\u00e3o \u00e0 atua\u00e7\u00e3o firme e republicana da Advocacia-Geral da Uni\u00e3o. O parlamentar reafirmou ainda sua disponibilidade para atuar em defesa da Institui\u00e7\u00e3o nos debates realizados na C\u00e2mara dos Deputados. De acordo com Bruno Bianco, o apoio do parlamentar \u00e9 de grande relev\u00e2ncia para o momento, que deve ser de uni\u00e3o entre as carreiras.\r\n\r\n[gallery link=\"file\" ids=\"14383\"]","_links":{"self":[{"href":"https:\/\/sinprofaz.org.br\/2024\/wp-json\/wp\/v2\/posts\/14382"}],"collection":[{"href":"https:\/\/sinprofaz.org.br\/2024\/wp-json\/wp\/v2\/posts"}],"about":[{"href":"https:\/\/sinprofaz.org.br\/2024\/wp-json\/wp\/v2\/types\/post"}],"author":[{"embeddable":true,"href":"https:\/\/sinprofaz.org.br\/2024\/wp-json\/wp\/v2\/users\/2"}],"replies":[{"embeddable":true,"href":"https:\/\/sinprofaz.org.br\/2024\/wp-json\/wp\/v2\/comments?post=14382"}],"version-history":[{"count":1,"href":"https:\/\/sinprofaz.org.br\/2024\/wp-json\/wp\/v2\/posts\/14382\/revisions"}],"predecessor-version":[{"id":14385,"href":"https:\/\/sinprofaz.org.br\/2024\/wp-json\/wp\/v2\/posts\/14382\/revisions\/14385"}],"wp:featuredmedia":[{"embeddable":true,"href":"https:\/\/sinprofaz.org.br\/2024\/wp-json\/wp\/v2\/media\/14384"}],"wp:attachment":[{"href":"https:\/\/sinprofaz.org.br\/2024\/wp-json\/wp\/v2\/media?parent=14382"}],"wp:term":[{"taxonomy":"category","embeddable":true,"href":"https:\/\/sinprofaz.org.br\/2024\/wp-json\/wp\/v2\/categories?post=14382"},{"taxonomy":"post_tag","embeddable":true,"href":"https:\/\/sinprofaz.org.br\/2024\/wp-json\/wp\/v2\/tags?post=14382"}],"curies":[{"name":"wp","href":"https:\/\/api.w.org\/{rel}","templated":true}]}}