{"id":14378,"date":"2022-03-22T08:17:35","date_gmt":"2022-03-22T11:17:35","guid":{"rendered":"http:\/\/www.sinprofaz.org.br\/?p=14378"},"modified":"2022-03-21T18:20:46","modified_gmt":"2022-03-21T21:20:46","slug":"ago-2022-ultimos-dias-para-preenchimento-da-procuracao-eletronica","status":"publish","type":"post","link":"https:\/\/sinprofaz.org.br\/2024\/noticias\/ago-2022-ultimos-dias-para-preenchimento-da-procuracao-eletronica\/","title":{"rendered":"AGO 2022: \u00daLTIMOS DIAS PARA PREENCHIMENTO DA PROCURA\u00c7\u00c3O ELETR\u00d4NICA"},"content":{"rendered":"<p>A Assembleia Geral Ordin\u00e1ria ser\u00e1 realizada no pr\u00f3ximo s\u00e1bado, dia 26 de mar\u00e7o, em Bras\u00edlia\/DF. Para que todas as filiadas e todos os filiados possam participar, o SINPROFAZ disponibilizou Procura\u00e7\u00f5es Eletr\u00f4nicas. O documento cont\u00e9m a pauta da AGO e \u00e9 o meio mais c\u00f4modo para o PFN contribuir com as delibera\u00e7\u00f5es da Assembleia.<\/p>\n<p><strong>Para preencher a <em>Procura\u00e7\u00e3o Eletr\u00f4nica AGO 2022<\/em>, acesse<\/strong>: <a href=\"https:\/\/areadofiliado.sinprofaz.org.br\/pages\/login.php\">areadofiliado.sinprofaz.org.br<\/a><\/p>\n<p>Com o intuito de conferir seguran\u00e7a ao ambiente virtual, o <em>login<\/em> na \u00c1rea do Filiado exige Siape (7 d\u00edgitos) e senha. Em caso de dificuldade para ingressar na \u00e1rea restrita, clique em <em>Esqueci minha senha<\/em>. Uma nova sequ\u00eancia de n\u00fameros ser\u00e1 enviada para seu e-mail cadastrado, mas, caso a mensagem do SINPROFAZ n\u00e3o chegue na Caixa de Entrada, verifique o Spam.<\/p>\n<p>Problemas ou d\u00favidas no preenchimento da Procura\u00e7\u00e3o Eletr\u00f4nica devem ser comunicados \u00e0 <a href=\"secretaria@sinprofaz.org.br\">secretaria@sinprofaz.org.br<\/a>. Participe da AGO 2022!<\/p>\n","protected":false},"excerpt":{"rendered":"<p>A Assembleia ser\u00e1 realizada no pr\u00f3ximo s\u00e1bado, dia 26. Para que todos os filiados possam participar, o SINPROFAZ disponibilizou Procura\u00e7\u00f5es Eletr\u00f4nicas. O documento cont\u00e9m a pauta da AGO e \u00e9 o meio mais c\u00f4modo para o PFN contribuir com as delibera\u00e7\u00f5es.<\/p>\n","protected":false},"author":2,"featured_media":14379,"comment_status":"open","ping_status":"open","sticky":false,"template":"","format":"standard","meta":{"footnotes":""},"categories":[8],"tags":[41,32,25],"featured_image_url":"https:\/\/sinprofaz.org.br\/2024\/wp-content\/uploads\/2022\/03\/ago_card1_21fev-1-1.png","character_count":472,"formatted_date":"22\/03\/2022 - 08:17","contentNovo":"A Assembleia Geral Ordin\u00e1ria ser\u00e1 realizada no pr\u00f3ximo s\u00e1bado, dia 26 de mar\u00e7o, em Bras\u00edlia\/DF. Para que todas as filiadas e todos os filiados possam participar, o SINPROFAZ disponibilizou Procura\u00e7\u00f5es Eletr\u00f4nicas. O documento cont\u00e9m a pauta da AGO e \u00e9 o meio mais c\u00f4modo para o PFN contribuir com as delibera\u00e7\u00f5es da Assembleia.\r\n\r\n<strong>Para preencher a <em>Procura\u00e7\u00e3o Eletr\u00f4nica AGO 2022<\/em>, acesse<\/strong>: <a href=\"https:\/\/areadofiliado.sinprofaz.org.br\/pages\/login.php\">areadofiliado.sinprofaz.org.br<\/a>\r\n\r\nCom o intuito de conferir seguran\u00e7a ao ambiente virtual, o <em>login<\/em> na \u00c1rea do Filiado exige Siape (7 d\u00edgitos) e senha. Em caso de dificuldade para ingressar na \u00e1rea restrita, clique em <em>Esqueci minha senha<\/em>. Uma nova sequ\u00eancia de n\u00fameros ser\u00e1 enviada para seu e-mail cadastrado, mas, caso a mensagem do SINPROFAZ n\u00e3o chegue na Caixa de Entrada, verifique o Spam.\r\n\r\nProblemas ou d\u00favidas no preenchimento da Procura\u00e7\u00e3o Eletr\u00f4nica devem ser comunicados \u00e0 <a href=\"secretaria@sinprofaz.org.br\">secretaria@sinprofaz.org.br<\/a>. Participe da AGO 2022!","_links":{"self":[{"href":"https:\/\/sinprofaz.org.br\/2024\/wp-json\/wp\/v2\/posts\/14378"}],"collection":[{"href":"https:\/\/sinprofaz.org.br\/2024\/wp-json\/wp\/v2\/posts"}],"about":[{"href":"https:\/\/sinprofaz.org.br\/2024\/wp-json\/wp\/v2\/types\/post"}],"author":[{"embeddable":true,"href":"https:\/\/sinprofaz.org.br\/2024\/wp-json\/wp\/v2\/users\/2"}],"replies":[{"embeddable":true,"href":"https:\/\/sinprofaz.org.br\/2024\/wp-json\/wp\/v2\/comments?post=14378"}],"version-history":[{"count":1,"href":"https:\/\/sinprofaz.org.br\/2024\/wp-json\/wp\/v2\/posts\/14378\/revisions"}],"predecessor-version":[{"id":14380,"href":"https:\/\/sinprofaz.org.br\/2024\/wp-json\/wp\/v2\/posts\/14378\/revisions\/14380"}],"wp:featuredmedia":[{"embeddable":true,"href":"https:\/\/sinprofaz.org.br\/2024\/wp-json\/wp\/v2\/media\/14379"}],"wp:attachment":[{"href":"https:\/\/sinprofaz.org.br\/2024\/wp-json\/wp\/v2\/media?parent=14378"}],"wp:term":[{"taxonomy":"category","embeddable":true,"href":"https:\/\/sinprofaz.org.br\/2024\/wp-json\/wp\/v2\/categories?post=14378"},{"taxonomy":"post_tag","embeddable":true,"href":"https:\/\/sinprofaz.org.br\/2024\/wp-json\/wp\/v2\/tags?post=14378"}],"curies":[{"name":"wp","href":"https:\/\/api.w.org\/{rel}","templated":true}]}}