{"id":14361,"date":"2022-03-21T09:27:38","date_gmt":"2022-03-21T12:27:38","guid":{"rendered":"http:\/\/www.sinprofaz.org.br\/?p=14361"},"modified":"2022-03-21T16:52:32","modified_gmt":"2022-03-21T19:52:32","slug":"sera-nesta-semana-a-ago","status":"publish","type":"post","link":"https:\/\/sinprofaz.org.br\/2024\/noticias\/sera-nesta-semana-a-ago\/","title":{"rendered":"SER\u00c1 NESTA SEMANA A AGO"},"content":{"rendered":"<p>A AGO 2022 se aproxima! A Assembleia ser\u00e1 realizada no dia 26 de mar\u00e7o, em Bras\u00edlia\/DF. Para que a Carreira possa participar em peso, o SINPROFAZ disponibilizou Procura\u00e7\u00f5es Eletr\u00f4nicas. Confira abaixo as <em><strong>perguntas mais frequentes<\/strong><\/em> sobre o preenchimento delas!<\/p>\n<p><strong>1. Onde encontrar a Procura\u00e7\u00e3o Eletr\u00f4nica?<\/strong><br \/>\nPara conferir a <em>Procura\u00e7\u00e3o Eletr\u00f4nica AGO 2022<\/em>, acesse: <a href=\"https:\/\/areadofiliado.sinprofaz.org.br\/pages\/login.php\">areadofiliado.sinprofaz.org.br<\/a>. O <em>login<\/em> na \u00c1rea do Filiado exige matr\u00edcula Siape (sete d\u00edgitos) e senha individual.<\/p>\n<p><strong>2. N\u00e3o me lembro da senha. O que fazer?<\/strong><br \/>\nEm caso de dificuldade no <em>login<\/em>, clique em <em>Esqueci minha senha<\/em>. Uma nova sequ\u00eancia de n\u00fameros ser\u00e1 enviada para seu e-mail cadastrado no sistema do Sindicato. Caso a mensagem do SINPROFAZ n\u00e3o chegue na Caixa de Entrada, verifique o Spam.<\/p>\n<p><strong>3. Em quantos candidatos posso votar?<\/strong><br \/>\nAo preencher a Procura\u00e7\u00e3o Eletr\u00f4nica, atente-se para o fato de que \u00e9 poss\u00edvel votar em uma, em duas ou nas tr\u00eas duplas de candidatos ao Conselho Fiscal e \u00e0 Junta de Julgamento. O PFN, portanto, n\u00e3o precisa escolher apenas uma ou apenas duas das tr\u00eas duplas.<\/p>\n<p><strong>4. Preenchi a Procura\u00e7\u00e3o Eletr\u00f4nica. Como devo proceder?<\/strong><br \/>\nFeito o preenchimento de todos os itens, clique no bot\u00e3o <em>Enviar<\/em>, ao final da p\u00e1gina. Uma mensagem na tela avisar\u00e1 que o envio foi conclu\u00eddo com sucesso, isto \u00e9, que a Procura\u00e7\u00e3o preenchida foi enviada com seguran\u00e7a \u00e0 Secretaria do SINPROFAZ.<\/p>\n<p><strong>5. Desejo alterar uma resposta. Posso preencher a Procura\u00e7\u00e3o novamente?<\/strong><br \/>\nSer\u00e1 permitido ao PFN realizar at\u00e9 dois envios da Procura\u00e7\u00e3o Eletr\u00f4nica. Caso haja um segundo envio, o primeiro ser\u00e1 cancelado.<\/p>\n<p>Restaram d\u00favidas sobre o preenchimento da Procura\u00e7\u00e3o Eletr\u00f4nica? Contate a Secretaria do SINPROFAZ: <a href=\"secretaria@sinprofaz.org.br\">secretaria@sinprofaz.org.br<\/a>. Conte sempre com a equipe do Sindicato!<\/p>\n","protected":false},"excerpt":{"rendered":"<p>A AGO 2022 se aproxima! A Assembleia Geral Ordin\u00e1ria ser\u00e1 realizada no dia 26 de mar\u00e7o, em Bras\u00edlia\/DF. Para que a Carreira possa participar em peso, o SINPROFAZ disponibilizou Procura\u00e7\u00f5es Eletr\u00f4nicas. Confira as perguntas mais frequentes sobre o preenchimento delas e colabore com as delibera\u00e7\u00f5es da AGO!<\/p>\n","protected":false},"author":2,"featured_media":14367,"comment_status":"open","ping_status":"open","sticky":false,"template":"","format":"standard","meta":{"footnotes":""},"categories":[8],"tags":[41,32,25],"featured_image_url":"https:\/\/sinprofaz.org.br\/2024\/wp-content\/uploads\/2022\/03\/ago-2022-card2-1.jpg","character_count":885,"formatted_date":"21\/03\/2022 - 09:27","contentNovo":"A AGO 2022 se aproxima! A Assembleia ser\u00e1 realizada no dia 26 de mar\u00e7o, em Bras\u00edlia\/DF. Para que a Carreira possa participar em peso, o SINPROFAZ disponibilizou Procura\u00e7\u00f5es Eletr\u00f4nicas. Confira abaixo as <em><strong>perguntas mais frequentes<\/strong><\/em> sobre o preenchimento delas!\r\n\r\n<strong>1. Onde encontrar a Procura\u00e7\u00e3o Eletr\u00f4nica?<\/strong>\r\nPara conferir a <em>Procura\u00e7\u00e3o Eletr\u00f4nica AGO 2022<\/em>, acesse: <a href=\"https:\/\/areadofiliado.sinprofaz.org.br\/pages\/login.php\">areadofiliado.sinprofaz.org.br<\/a>. O <em>login<\/em> na \u00c1rea do Filiado exige matr\u00edcula Siape (sete d\u00edgitos) e senha individual.\r\n\r\n<strong>2. N\u00e3o me lembro da senha. O que fazer?<\/strong>\r\nEm caso de dificuldade no <em>login<\/em>, clique em <em>Esqueci minha senha<\/em>. Uma nova sequ\u00eancia de n\u00fameros ser\u00e1 enviada para seu e-mail cadastrado no sistema do Sindicato. Caso a mensagem do SINPROFAZ n\u00e3o chegue na Caixa de Entrada, verifique o Spam.\r\n\r\n<strong>3. Em quantos candidatos posso votar?<\/strong>\r\nAo preencher a Procura\u00e7\u00e3o Eletr\u00f4nica, atente-se para o fato de que \u00e9 poss\u00edvel votar em uma, em duas ou nas tr\u00eas duplas de candidatos ao Conselho Fiscal e \u00e0 Junta de Julgamento. O PFN, portanto, n\u00e3o precisa escolher apenas uma ou apenas duas das tr\u00eas duplas.\r\n\r\n<strong>4. Preenchi a Procura\u00e7\u00e3o Eletr\u00f4nica. Como devo proceder?<\/strong>\r\nFeito o preenchimento de todos os itens, clique no bot\u00e3o <em>Enviar<\/em>, ao final da p\u00e1gina. Uma mensagem na tela avisar\u00e1 que o envio foi conclu\u00eddo com sucesso, isto \u00e9, que a Procura\u00e7\u00e3o preenchida foi enviada com seguran\u00e7a \u00e0 Secretaria do SINPROFAZ.\r\n\r\n<strong>5. Desejo alterar uma resposta. Posso preencher a Procura\u00e7\u00e3o novamente?<\/strong>\r\nSer\u00e1 permitido ao PFN realizar at\u00e9 dois envios da Procura\u00e7\u00e3o Eletr\u00f4nica. Caso haja um segundo envio, o primeiro ser\u00e1 cancelado.\r\n\r\nRestaram d\u00favidas sobre o preenchimento da Procura\u00e7\u00e3o Eletr\u00f4nica? Contate a Secretaria do SINPROFAZ: <a href=\"secretaria@sinprofaz.org.br\">secretaria@sinprofaz.org.br<\/a>. Conte sempre com a equipe do Sindicato!","_links":{"self":[{"href":"https:\/\/sinprofaz.org.br\/2024\/wp-json\/wp\/v2\/posts\/14361"}],"collection":[{"href":"https:\/\/sinprofaz.org.br\/2024\/wp-json\/wp\/v2\/posts"}],"about":[{"href":"https:\/\/sinprofaz.org.br\/2024\/wp-json\/wp\/v2\/types\/post"}],"author":[{"embeddable":true,"href":"https:\/\/sinprofaz.org.br\/2024\/wp-json\/wp\/v2\/users\/2"}],"replies":[{"embeddable":true,"href":"https:\/\/sinprofaz.org.br\/2024\/wp-json\/wp\/v2\/comments?post=14361"}],"version-history":[{"count":4,"href":"https:\/\/sinprofaz.org.br\/2024\/wp-json\/wp\/v2\/posts\/14361\/revisions"}],"predecessor-version":[{"id":14377,"href":"https:\/\/sinprofaz.org.br\/2024\/wp-json\/wp\/v2\/posts\/14361\/revisions\/14377"}],"wp:featuredmedia":[{"embeddable":true,"href":"https:\/\/sinprofaz.org.br\/2024\/wp-json\/wp\/v2\/media\/14367"}],"wp:attachment":[{"href":"https:\/\/sinprofaz.org.br\/2024\/wp-json\/wp\/v2\/media?parent=14361"}],"wp:term":[{"taxonomy":"category","embeddable":true,"href":"https:\/\/sinprofaz.org.br\/2024\/wp-json\/wp\/v2\/categories?post=14361"},{"taxonomy":"post_tag","embeddable":true,"href":"https:\/\/sinprofaz.org.br\/2024\/wp-json\/wp\/v2\/tags?post=14361"}],"curies":[{"name":"wp","href":"https:\/\/api.w.org\/{rel}","templated":true}]}}