{"id":1436,"date":"2013-08-28T14:15:15","date_gmt":"2013-08-28T14:15:15","guid":{"rendered":""},"modified":"-0001-11-30T00:00:00","modified_gmt":"-0001-11-30T03:00:00","slug":"advocacia-publica-novos-tempos","status":"publish","type":"post","link":"https:\/\/sinprofaz.org.br\/2024\/noticias\/advocacia-publica-novos-tempos\/","title":{"rendered":"Advocacia P\u00fablica &#8211; novos tempos"},"content":{"rendered":"<p>Obra coletiva com participa\u00e7\u00e3o de PFNs ter\u00e1 lan\u00e7amento em Bras\u00edlia no pr\u00f3ximo dia 9 de setembro.<\/p>\n<p>Editada pela Consulex, a obra \u201cAdvocacia P\u00fablica \u2013 Novos Tempos\u201d foi coordenada por quatro Procuradores da Fazenda: Ingrid Caroline Cavalcante de Oliveira Deusdar\u00e1, Jos\u00e9 Edmundo Barros de Lacerda, Marcelino Rodrigues Mendes Filho e Roberto Mota.<\/p>\n<p>Na publica\u00e7\u00e3o, os Procuradores da Fazenda e outros autores discorrem sobre dilemas atuais da Advocacia P\u00fablica no Brasil.<\/p>\n<p>A obra re\u00fane contribui\u00e7\u00f5es de 22 articulistas acerca dos novos tempos da advocacia p\u00fablica e h\u00e1 inclusive an\u00e1lises sobre o recent\u00edssimo projeto de lei complementar 205\/12, que tramita na C\u00e2mara dos Deputados com o prop\u00f3sito de atualizar a lei org\u00e2nica da AGU, mas que n\u00e3o atende \u00e0s necessidades das carreiras.<\/p>\n<p>O coquetel de lan\u00e7amento e sess\u00e3o de aut\u00f3grafos ocorrer\u00e1 em 9 de setembro, \u00e0s 20h, no Conselho Federal da OAB em Bras\u00edlia, no Mezanino do Centro Cultural Evandro Lins e Silva.<\/p>\n","protected":false},"excerpt":{"rendered":"<p>Obra coletiva com participa\u00e7\u00e3o de PFNs ter\u00e1 lan\u00e7amento em Bras\u00edlia no pr\u00f3ximo dia 9 de setembro.<\/p>\n","protected":false},"author":1,"featured_media":0,"comment_status":"closed","ping_status":"open","sticky":false,"template":"","format":"standard","meta":{"footnotes":""},"categories":[8],"tags":[],"featured_image_url":"https:\/\/dummyimage.com\/720x400","character_count":494,"formatted_date":"28\/08\/2013 - 14:15","contentNovo":"\r\n<p>Obra coletiva com participa\u00e7\u00e3o de PFNs ter\u00e1 lan\u00e7amento em Bras\u00edlia no pr\u00f3ximo dia 9 de setembro.<\/p>\r\n<p>Editada pela Consulex, a obra \u201cAdvocacia P\u00fablica \u2013 Novos Tempos\u201d foi coordenada por quatro Procuradores da Fazenda: Ingrid Caroline Cavalcante de Oliveira Deusdar\u00e1, Jos\u00e9 Edmundo Barros de Lacerda, Marcelino Rodrigues Mendes Filho e Roberto Mota.<\/p>\r\n<p>Na publica\u00e7\u00e3o, os Procuradores da Fazenda e outros autores discorrem sobre dilemas atuais da Advocacia P\u00fablica no Brasil.<\/p>\r\n<p>A obra re\u00fane contribui\u00e7\u00f5es de 22 articulistas acerca dos novos tempos da advocacia p\u00fablica e h\u00e1 inclusive an\u00e1lises sobre o recent\u00edssimo projeto de lei complementar 205\/12, que tramita na C\u00e2mara dos Deputados com o prop\u00f3sito de atualizar a lei org\u00e2nica da AGU, mas que n\u00e3o atende \u00e0s necessidades das carreiras.<\/p>\r\n<p>O coquetel de lan\u00e7amento e sess\u00e3o de aut\u00f3grafos ocorrer\u00e1 em 9 de setembro, \u00e0s 20h, no Conselho Federal da OAB em Bras\u00edlia, no Mezanino do Centro Cultural Evandro Lins e Silva.<\/p>","_links":{"self":[{"href":"https:\/\/sinprofaz.org.br\/2024\/wp-json\/wp\/v2\/posts\/1436"}],"collection":[{"href":"https:\/\/sinprofaz.org.br\/2024\/wp-json\/wp\/v2\/posts"}],"about":[{"href":"https:\/\/sinprofaz.org.br\/2024\/wp-json\/wp\/v2\/types\/post"}],"author":[{"embeddable":true,"href":"https:\/\/sinprofaz.org.br\/2024\/wp-json\/wp\/v2\/users\/1"}],"replies":[{"embeddable":true,"href":"https:\/\/sinprofaz.org.br\/2024\/wp-json\/wp\/v2\/comments?post=1436"}],"version-history":[{"count":0,"href":"https:\/\/sinprofaz.org.br\/2024\/wp-json\/wp\/v2\/posts\/1436\/revisions"}],"wp:attachment":[{"href":"https:\/\/sinprofaz.org.br\/2024\/wp-json\/wp\/v2\/media?parent=1436"}],"wp:term":[{"taxonomy":"category","embeddable":true,"href":"https:\/\/sinprofaz.org.br\/2024\/wp-json\/wp\/v2\/categories?post=1436"},{"taxonomy":"post_tag","embeddable":true,"href":"https:\/\/sinprofaz.org.br\/2024\/wp-json\/wp\/v2\/tags?post=1436"}],"curies":[{"name":"wp","href":"https:\/\/api.w.org\/{rel}","templated":true}]}}