{"id":14356,"date":"2022-03-18T08:17:48","date_gmt":"2022-03-18T11:17:48","guid":{"rendered":"http:\/\/www.sinprofaz.org.br\/?p=14356"},"modified":"2022-03-21T09:45:54","modified_gmt":"2022-03-21T12:45:54","slug":"falta-apenas-uma-semana-para-a-ago-2022","status":"publish","type":"post","link":"https:\/\/sinprofaz.org.br\/2024\/noticias\/falta-apenas-uma-semana-para-a-ago-2022\/","title":{"rendered":"FALTA APENAS UMA SEMANA PARA A AGO 2022"},"content":{"rendered":"<p>Por determina\u00e7\u00e3o estatut\u00e1ria, a Assembleia Geral do SINPROFAZ deve se reunir ordinariamente no m\u00eas de mar\u00e7o. A data escolhida pela Diretoria para o encontro deste ano em Bras\u00edlia\/DF \u00e9 dia 26. Com o intuito de garantir a participa\u00e7\u00e3o de todas e todos nas delibera\u00e7\u00f5es da AGO, o SINPROFAZ disponibilizou Procura\u00e7\u00f5es Eletr\u00f4nicas e Impressas.<\/p>\n<p>As Procura\u00e7\u00f5es Impressas foram remetidas pelo Sindicato \u00e0s resid\u00eancias de filiadas e filiados. J\u00e1 a Procura\u00e7\u00e3o Eletr\u00f4nica, que propicia maior comodidade ao PFN, est\u00e1 dispon\u00edvel na \u00e1rea restrita \u00e0 Carreira: <a href=\"https:\/\/areadofiliado.sinprofaz.org.br\/pages\/login.php\">areadofiliado.sinprofaz.org.br<\/a>.<\/p>\n<p><strong>Tire d\u00favidas sobre a Procura\u00e7\u00e3o Eletr\u00f4nica<\/strong><br \/>\nPara realizar o <em>login<\/em> na \u00c1rea do Filiado, digite a matr\u00edcula Siape e a senha cadastrada. Na \u00e1rea restrita, a Procura\u00e7\u00e3o Eletr\u00f4nica est\u00e1 em evid\u00eancia, tanto no Painel de Notifica\u00e7\u00f5es, quanto no menu do lado esquerdo da p\u00e1gina. Feito o preenchimento de todos os itens da pauta, clique no bot\u00e3o <em>Enviar<\/em>. Uma mensagem na tela avisar\u00e1 que o envio foi conclu\u00eddo com sucesso, isto \u00e9, que a Procura\u00e7\u00e3o preenchida foi enviada com seguran\u00e7a \u00e0 Secretaria do SINPROFAZ.<\/p>\n<p>Ao preencher a <em>Procura\u00e7\u00e3o Eletr\u00f4nica AGO 2022<\/em>, atente-se para o fato de que \u00e9 poss\u00edvel votar em uma, em duas ou nas tr\u00eas duplas de candidatos ao Conselho Fiscal e \u00e0 Junta de Julgamento do Sindicato. O PFN, portanto, n\u00e3o precisa escolher apenas uma ou apenas duas das tr\u00eas duplas. Ademais, ser\u00e1 permitido ao PFN realizar at\u00e9 dois envios da Procura\u00e7\u00e3o Eletr\u00f4nica. Caso haja um segundo envio, o primeiro ser\u00e1 desconsiderado.<\/p>\n<p>Filiada e Filiado, n\u00e3o percam tempo: confiram agora a Procura\u00e7\u00e3o Eletr\u00f4nica em <a href=\"https:\/\/areadofiliado.sinprofaz.org.br\/pages\/login.php\">areadofiliado.sinprofaz.org.br<\/a>!<\/p>\n","protected":false},"excerpt":{"rendered":"<p>Por determina\u00e7\u00e3o estatut\u00e1ria, a Assembleia Geral deve se reunir ordinariamente no m\u00eas de mar\u00e7o. A data escolhida para o encontro deste ano em Bras\u00edlia\/DF \u00e9 dia 26. Para garantir a participa\u00e7\u00e3o de todas e todos nas delibera\u00e7\u00f5es da AGO, o SINPROFAZ disponibilizou Procura\u00e7\u00f5es Eletr\u00f4nicas e Impressas. Participe!<\/p>\n","protected":false},"author":2,"featured_media":14360,"comment_status":"open","ping_status":"open","sticky":false,"template":"","format":"standard","meta":{"footnotes":""},"categories":[8],"tags":[],"featured_image_url":"https:\/\/sinprofaz.org.br\/2024\/wp-content\/uploads\/2022\/03\/ago-2022-1.jpg","character_count":839,"formatted_date":"18\/03\/2022 - 08:17","contentNovo":"Por determina\u00e7\u00e3o estatut\u00e1ria, a Assembleia Geral do SINPROFAZ deve se reunir ordinariamente no m\u00eas de mar\u00e7o. A data escolhida pela Diretoria para o encontro deste ano em Bras\u00edlia\/DF \u00e9 dia 26. Com o intuito de garantir a participa\u00e7\u00e3o de todas e todos nas delibera\u00e7\u00f5es da AGO, o SINPROFAZ disponibilizou Procura\u00e7\u00f5es Eletr\u00f4nicas e Impressas.\r\n\r\nAs Procura\u00e7\u00f5es Impressas foram remetidas pelo Sindicato \u00e0s resid\u00eancias de filiadas e filiados. J\u00e1 a Procura\u00e7\u00e3o Eletr\u00f4nica, que propicia maior comodidade ao PFN, est\u00e1 dispon\u00edvel na \u00e1rea restrita \u00e0 Carreira: <a href=\"https:\/\/areadofiliado.sinprofaz.org.br\/pages\/login.php\">areadofiliado.sinprofaz.org.br<\/a>.\r\n\r\n<strong>Tire d\u00favidas sobre a Procura\u00e7\u00e3o Eletr\u00f4nica<\/strong>\r\nPara realizar o <em>login<\/em> na \u00c1rea do Filiado, digite a matr\u00edcula Siape e a senha cadastrada. Na \u00e1rea restrita, a Procura\u00e7\u00e3o Eletr\u00f4nica est\u00e1 em evid\u00eancia, tanto no Painel de Notifica\u00e7\u00f5es, quanto no menu do lado esquerdo da p\u00e1gina. Feito o preenchimento de todos os itens da pauta, clique no bot\u00e3o <em>Enviar<\/em>. Uma mensagem na tela avisar\u00e1 que o envio foi conclu\u00eddo com sucesso, isto \u00e9, que a Procura\u00e7\u00e3o preenchida foi enviada com seguran\u00e7a \u00e0 Secretaria do SINPROFAZ.\r\n\r\nAo preencher a <em>Procura\u00e7\u00e3o Eletr\u00f4nica AGO 2022<\/em>, atente-se para o fato de que \u00e9 poss\u00edvel votar em uma, em duas ou nas tr\u00eas duplas de candidatos ao Conselho Fiscal e \u00e0 Junta de Julgamento do Sindicato. O PFN, portanto, n\u00e3o precisa escolher apenas uma ou apenas duas das tr\u00eas duplas. Ademais, ser\u00e1 permitido ao PFN realizar at\u00e9 dois envios da Procura\u00e7\u00e3o Eletr\u00f4nica. Caso haja um segundo envio, o primeiro ser\u00e1 desconsiderado.\r\n\r\nFiliada e Filiado, n\u00e3o percam tempo: confiram agora a Procura\u00e7\u00e3o Eletr\u00f4nica em <a href=\"https:\/\/areadofiliado.sinprofaz.org.br\/pages\/login.php\">areadofiliado.sinprofaz.org.br<\/a>!","_links":{"self":[{"href":"https:\/\/sinprofaz.org.br\/2024\/wp-json\/wp\/v2\/posts\/14356"}],"collection":[{"href":"https:\/\/sinprofaz.org.br\/2024\/wp-json\/wp\/v2\/posts"}],"about":[{"href":"https:\/\/sinprofaz.org.br\/2024\/wp-json\/wp\/v2\/types\/post"}],"author":[{"embeddable":true,"href":"https:\/\/sinprofaz.org.br\/2024\/wp-json\/wp\/v2\/users\/2"}],"replies":[{"embeddable":true,"href":"https:\/\/sinprofaz.org.br\/2024\/wp-json\/wp\/v2\/comments?post=14356"}],"version-history":[{"count":3,"href":"https:\/\/sinprofaz.org.br\/2024\/wp-json\/wp\/v2\/posts\/14356\/revisions"}],"predecessor-version":[{"id":14370,"href":"https:\/\/sinprofaz.org.br\/2024\/wp-json\/wp\/v2\/posts\/14356\/revisions\/14370"}],"wp:featuredmedia":[{"embeddable":true,"href":"https:\/\/sinprofaz.org.br\/2024\/wp-json\/wp\/v2\/media\/14360"}],"wp:attachment":[{"href":"https:\/\/sinprofaz.org.br\/2024\/wp-json\/wp\/v2\/media?parent=14356"}],"wp:term":[{"taxonomy":"category","embeddable":true,"href":"https:\/\/sinprofaz.org.br\/2024\/wp-json\/wp\/v2\/categories?post=14356"},{"taxonomy":"post_tag","embeddable":true,"href":"https:\/\/sinprofaz.org.br\/2024\/wp-json\/wp\/v2\/tags?post=14356"}],"curies":[{"name":"wp","href":"https:\/\/api.w.org\/{rel}","templated":true}]}}