{"id":14348,"date":"2022-03-17T08:48:44","date_gmt":"2022-03-17T11:48:44","guid":{"rendered":"http:\/\/www.sinprofaz.org.br\/?p=14348"},"modified":"2022-03-18T09:00:28","modified_gmt":"2022-03-18T12:00:28","slug":"pfn-e-empossado-desembargador-do-tre-rj","status":"publish","type":"post","link":"https:\/\/sinprofaz.org.br\/2024\/noticias\/pfn-e-empossado-desembargador-do-tre-rj\/","title":{"rendered":"PFN \u00c9 EMPOSSADO DESEMBARGADOR DO TRE-RJ"},"content":{"rendered":"<p>Allan Titonelli Nunes, ex-presidente do SINPROFAZ, tomou posse na ter\u00e7a-feira (15) como membro do Tribunal Regional Eleitoral do Rio de Janeiro (TRE-RJ). Representante da classe jurista, ele integrar\u00e1 o Colegiado at\u00e9 mar\u00e7o de 2024. No discurso de posse, o procurador da Fazenda Nacional abordou a import\u00e2ncia do papel desempenhado pela Advocacia e enalteceu a composi\u00e7\u00e3o h\u00edbrida da Corte Eleitoral, formada por desembargadores da Justi\u00e7a Estadual e da Justi\u00e7a Federal, por ju\u00edzes e por juristas.<\/p>\n<p>&#8220;O des\u00edgnio &#8216;Justi\u00e7a&#8217;, inserido no T\u00edtulo IV da Constitui\u00e7\u00e3o, n\u00e3o teve um alcance restrito, de presta\u00e7\u00e3o jurisdicional, mas sim de isonomia, imparcialidade, preserva\u00e7\u00e3o dos direitos, elimina\u00e7\u00e3o da inger\u00eancia do Estado, cidadania e democracia, o que Diogo de Figueiredo Moreira Neto convencionou chamar de &#8216;Estado de Justi\u00e7a&#8217;. Assim, a Advocacia vem integrar este Tribunal objetivando contribuir com o alcance dessa Justi\u00e7a&#8221;, discursou Allan Titonelli.<\/p>\n<p>Al\u00e9m dos membros da Corte Eleitoral fluminense, estiveram presentes na sess\u00e3o solene o ex-presidente do TRE-RJ e do TJ-RJ, desembargador Marcus Faver; o procurador-geral de Justi\u00e7a, Luciano Mattos (que aparece na foto abaixo, ao lado de Allan Titonelli); e a procuradora regional eleitoral, Neide Mara Cavalcanti.<\/p>\n<p><strong>Sobre Allan Titonelli Nunes<\/strong><br \/>\nEx-presidente do SINPROFAZ e do F\u00f3rum Nacional da Advocacia P\u00fablica Federal (2011-2013), Allan Titonelli \u00e9 graduado em Direito pela Universidade Federal Fluminense. Mestre em Administra\u00e7\u00e3o P\u00fablica pela Ebape\/FGV e especialista em Direito Tribut\u00e1rio, \u00e9 fundador e coordenador de eventos da Academia Brasileira de Direito Eleitoral e Pol\u00edtico &#8211; Abradep.<\/p>\n<p><em>Com informa\u00e7\u00f5es do TRE-RJ<\/em><\/p>\n\n\t\t<style type=\"text\/css\">\n\t\t\t#gallery-1 {\n\t\t\t\tmargin: auto;\n\t\t\t}\n\t\t\t#gallery-1 .gallery-item {\n\t\t\t\tfloat: left;\n\t\t\t\tmargin-top: 10px;\n\t\t\t\ttext-align: center;\n\t\t\t\twidth: 33%;\n\t\t\t}\n\t\t\t#gallery-1 img {\n\t\t\t\tborder: 2px solid #cfcfcf;\n\t\t\t}\n\t\t\t#gallery-1 .gallery-caption {\n\t\t\t\tmargin-left: 0;\n\t\t\t}\n\t\t\t\/* see gallery_shortcode() in wp-includes\/media.php *\/\n\t\t<\/style>\n\t\t<div id='gallery-1' class='gallery galleryid-14348 gallery-columns-3 gallery-size-thumbnail'><dl class='gallery-item'>\n\t\t\t<dt class='gallery-icon landscape'>\n\t\t\t\t<a href='https:\/\/sinprofaz.org.br\/2024\/wp-content\/uploads\/2022\/03\/TRE-RJ-3.jpg'><img loading=\"lazy\" decoding=\"async\" width=\"150\" height=\"150\" src=\"https:\/\/sinprofaz.org.br\/2024\/wp-content\/uploads\/2022\/03\/TRE-RJ-3-150x150.jpg\" class=\"attachment-thumbnail size-thumbnail\" alt=\"\" \/><\/a>\n\t\t\t<\/dt><\/dl><dl class='gallery-item'>\n\t\t\t<dt class='gallery-icon landscape'>\n\t\t\t\t<a href='https:\/\/sinprofaz.org.br\/2024\/wp-content\/uploads\/2022\/03\/TRE-RJ-2.jpg'><img loading=\"lazy\" decoding=\"async\" width=\"150\" height=\"150\" src=\"https:\/\/sinprofaz.org.br\/2024\/wp-content\/uploads\/2022\/03\/TRE-RJ-2-150x150.jpg\" class=\"attachment-thumbnail size-thumbnail\" alt=\"\" \/><\/a>\n\t\t\t<\/dt><\/dl>\n\t\t\t<br style='clear: both' \/>\n\t\t<\/div>\n\n","protected":false},"excerpt":{"rendered":"<p>No discurso de posse, Allan Titonelli Nunes abordou a import\u00e2ncia do papel desempenhado pela Advocacia e enalteceu a composi\u00e7\u00e3o h\u00edbrida da Corte Eleitoral, formada por desembargadores da Justi\u00e7a Estadual e da Justi\u00e7a Federal, por ju\u00edzes e por juristas. Confira a not\u00edcia completa!<\/p>\n","protected":false},"author":2,"featured_media":14351,"comment_status":"open","ping_status":"open","sticky":false,"template":"","format":"standard","meta":{"footnotes":""},"categories":[8],"tags":[32,25],"featured_image_url":"https:\/\/sinprofaz.org.br\/2024\/wp-content\/uploads\/2022\/03\/TRE-RJ-1.jpg","character_count":1060,"formatted_date":"17\/03\/2022 - 08:48","contentNovo":"Allan Titonelli Nunes, ex-presidente do SINPROFAZ, tomou posse na ter\u00e7a-feira (15) como membro do Tribunal Regional Eleitoral do Rio de Janeiro (TRE-RJ). Representante da classe jurista, ele integrar\u00e1 o Colegiado at\u00e9 mar\u00e7o de 2024. No discurso de posse, o procurador da Fazenda Nacional abordou a import\u00e2ncia do papel desempenhado pela Advocacia e enalteceu a composi\u00e7\u00e3o h\u00edbrida da Corte Eleitoral, formada por desembargadores da Justi\u00e7a Estadual e da Justi\u00e7a Federal, por ju\u00edzes e por juristas.\r\n\r\n\"O des\u00edgnio 'Justi\u00e7a', inserido no T\u00edtulo IV da Constitui\u00e7\u00e3o, n\u00e3o teve um alcance restrito, de presta\u00e7\u00e3o jurisdicional, mas sim de isonomia, imparcialidade, preserva\u00e7\u00e3o dos direitos, elimina\u00e7\u00e3o da inger\u00eancia do Estado, cidadania e democracia, o que Diogo de Figueiredo Moreira Neto convencionou chamar de 'Estado de Justi\u00e7a'. Assim, a Advocacia vem integrar este Tribunal objetivando contribuir com o alcance dessa Justi\u00e7a\", discursou Allan Titonelli.\r\n\r\nAl\u00e9m dos membros da Corte Eleitoral fluminense, estiveram presentes na sess\u00e3o solene o ex-presidente do TRE-RJ e do TJ-RJ, desembargador Marcus Faver; o procurador-geral de Justi\u00e7a, Luciano Mattos (que aparece na foto abaixo, ao lado de Allan Titonelli); e a procuradora regional eleitoral, Neide Mara Cavalcanti.\r\n\r\n<strong>Sobre Allan Titonelli Nunes<\/strong>\r\nEx-presidente do SINPROFAZ e do F\u00f3rum Nacional da Advocacia P\u00fablica Federal (2011-2013), Allan Titonelli \u00e9 graduado em Direito pela Universidade Federal Fluminense. Mestre em Administra\u00e7\u00e3o P\u00fablica pela Ebape\/FGV e especialista em Direito Tribut\u00e1rio, \u00e9 fundador e coordenador de eventos da Academia Brasileira de Direito Eleitoral e Pol\u00edtico - Abradep.\r\n\r\n<em>Com informa\u00e7\u00f5es do TRE-RJ<\/em>\r\n\r\n[gallery link=\"file\" ids=\"14350,14349\"]","_links":{"self":[{"href":"https:\/\/sinprofaz.org.br\/2024\/wp-json\/wp\/v2\/posts\/14348"}],"collection":[{"href":"https:\/\/sinprofaz.org.br\/2024\/wp-json\/wp\/v2\/posts"}],"about":[{"href":"https:\/\/sinprofaz.org.br\/2024\/wp-json\/wp\/v2\/types\/post"}],"author":[{"embeddable":true,"href":"https:\/\/sinprofaz.org.br\/2024\/wp-json\/wp\/v2\/users\/2"}],"replies":[{"embeddable":true,"href":"https:\/\/sinprofaz.org.br\/2024\/wp-json\/wp\/v2\/comments?post=14348"}],"version-history":[{"count":4,"href":"https:\/\/sinprofaz.org.br\/2024\/wp-json\/wp\/v2\/posts\/14348\/revisions"}],"predecessor-version":[{"id":14359,"href":"https:\/\/sinprofaz.org.br\/2024\/wp-json\/wp\/v2\/posts\/14348\/revisions\/14359"}],"wp:featuredmedia":[{"embeddable":true,"href":"https:\/\/sinprofaz.org.br\/2024\/wp-json\/wp\/v2\/media\/14351"}],"wp:attachment":[{"href":"https:\/\/sinprofaz.org.br\/2024\/wp-json\/wp\/v2\/media?parent=14348"}],"wp:term":[{"taxonomy":"category","embeddable":true,"href":"https:\/\/sinprofaz.org.br\/2024\/wp-json\/wp\/v2\/categories?post=14348"},{"taxonomy":"post_tag","embeddable":true,"href":"https:\/\/sinprofaz.org.br\/2024\/wp-json\/wp\/v2\/tags?post=14348"}],"curies":[{"name":"wp","href":"https:\/\/api.w.org\/{rel}","templated":true}]}}