{"id":14341,"date":"2022-03-16T16:44:23","date_gmt":"2022-03-16T19:44:23","guid":{"rendered":"http:\/\/www.sinprofaz.org.br\/?p=14341"},"modified":"2022-03-17T08:55:28","modified_gmt":"2022-03-17T11:55:28","slug":"em-trabalho-parlamentar-sinprofaz-defende-prerrogativas-da-advocacia-publica","status":"publish","type":"post","link":"https:\/\/sinprofaz.org.br\/2024\/noticias\/em-trabalho-parlamentar-sinprofaz-defende-prerrogativas-da-advocacia-publica\/","title":{"rendered":"EM TRABALHO PARLAMENTAR, SINPROFAZ DEFENDE PRERROGATIVAS DA ADVOCACIA P\u00daBLICA"},"content":{"rendered":"<p>O SINPROFAZ, representado pelo presidente Achilles Frias, esteve hoje (16) na C\u00e2mara dos Deputados. Em encontro com Andr\u00e9 Figueiredo (PDT\/CE), l\u00edder do partido na Casa, o dirigente sindical exp\u00f4s quest\u00f5es pertinentes \u00e0 Advocacia P\u00fablica Federal.<\/p>\n<p>O trabalho parlamentar do presidente do SINPROFAZ priorizou a defesa das prerrogativas dos advogados p\u00fablicos federais, cuja atua\u00e7\u00e3o de excel\u00eancia bate recordes e alcan\u00e7a importantes vit\u00f3rias todos os anos. O Sindicato seguir\u00e1 \u00e0 disposi\u00e7\u00e3o do deputado e dos demais parlamentares para esclarecer aspectos do trabalho desenvolvido pela Carreira e pela Advocacia-Geral da Uni\u00e3o como um todo.<\/p>\n","protected":false},"excerpt":{"rendered":"<p>\u00a0O SINPROFAZ, representado pelo presidente Achilles Frias, esteve na C\u00e2mara dos Deputados. Em encontro com Andr\u00e9 Figueiredo (PDT\/CE), l\u00edder do partido na Casa, o dirigente sindical exp\u00f4s quest\u00f5es pertinentes \u00e0 Advocacia P\u00fablica Federal.<\/p>\n","protected":false},"author":2,"featured_media":14344,"comment_status":"open","ping_status":"open","sticky":false,"template":"","format":"standard","meta":{"footnotes":""},"categories":[8],"tags":[66,48,25],"featured_image_url":"https:\/\/sinprofaz.org.br\/2024\/wp-content\/uploads\/2022\/03\/WhatsApp-Image-2022-03-16-at-14.19.56-2-2.jpeg","character_count":327,"formatted_date":"16\/03\/2022 - 16:44","contentNovo":"O SINPROFAZ, representado pelo presidente Achilles Frias, esteve hoje (16) na C\u00e2mara dos Deputados. Em encontro com Andr\u00e9 Figueiredo (PDT\/CE), l\u00edder do partido na Casa, o dirigente sindical exp\u00f4s quest\u00f5es pertinentes \u00e0 Advocacia P\u00fablica Federal.\r\n\r\nO trabalho parlamentar do presidente do SINPROFAZ priorizou a defesa das prerrogativas dos advogados p\u00fablicos federais, cuja atua\u00e7\u00e3o de excel\u00eancia bate recordes e alcan\u00e7a importantes vit\u00f3rias todos os anos. O Sindicato seguir\u00e1 \u00e0 disposi\u00e7\u00e3o do deputado e dos demais parlamentares para esclarecer aspectos do trabalho desenvolvido pela Carreira e pela Advocacia-Geral da Uni\u00e3o como um todo.","_links":{"self":[{"href":"https:\/\/sinprofaz.org.br\/2024\/wp-json\/wp\/v2\/posts\/14341"}],"collection":[{"href":"https:\/\/sinprofaz.org.br\/2024\/wp-json\/wp\/v2\/posts"}],"about":[{"href":"https:\/\/sinprofaz.org.br\/2024\/wp-json\/wp\/v2\/types\/post"}],"author":[{"embeddable":true,"href":"https:\/\/sinprofaz.org.br\/2024\/wp-json\/wp\/v2\/users\/2"}],"replies":[{"embeddable":true,"href":"https:\/\/sinprofaz.org.br\/2024\/wp-json\/wp\/v2\/comments?post=14341"}],"version-history":[{"count":4,"href":"https:\/\/sinprofaz.org.br\/2024\/wp-json\/wp\/v2\/posts\/14341\/revisions"}],"predecessor-version":[{"id":14355,"href":"https:\/\/sinprofaz.org.br\/2024\/wp-json\/wp\/v2\/posts\/14341\/revisions\/14355"}],"wp:featuredmedia":[{"embeddable":true,"href":"https:\/\/sinprofaz.org.br\/2024\/wp-json\/wp\/v2\/media\/14344"}],"wp:attachment":[{"href":"https:\/\/sinprofaz.org.br\/2024\/wp-json\/wp\/v2\/media?parent=14341"}],"wp:term":[{"taxonomy":"category","embeddable":true,"href":"https:\/\/sinprofaz.org.br\/2024\/wp-json\/wp\/v2\/categories?post=14341"},{"taxonomy":"post_tag","embeddable":true,"href":"https:\/\/sinprofaz.org.br\/2024\/wp-json\/wp\/v2\/tags?post=14341"}],"curies":[{"name":"wp","href":"https:\/\/api.w.org\/{rel}","templated":true}]}}