{"id":1433,"date":"2013-08-26T18:51:19","date_gmt":"2013-08-26T18:51:19","guid":{"rendered":""},"modified":"-0001-11-30T00:00:00","modified_gmt":"-0001-11-30T03:00:00","slug":"tropa-de-choque-avanca-pleitos-da-advocacia-publica-no-congresso-nacional","status":"publish","type":"post","link":"https:\/\/sinprofaz.org.br\/2024\/noticias\/tropa-de-choque-avanca-pleitos-da-advocacia-publica-no-congresso-nacional\/","title":{"rendered":"Tropa de choque avan\u00e7a pleitos da Advocacia P\u00fablica no Congresso Nacional"},"content":{"rendered":"<p><img loading=\"lazy\" decoding=\"async\" style=\"margin-right: 10px; border: 1px solid #000000; float: left;\" alt=\"\" src=\"images\/noticias\/tropa-choque-avanca\/tropa-choque-avanca-pleitos-adv-publica.jpg\" height=\"154\" width=\"218\" \/>Membros das Carreiras e dirigentes sindicais e associativos t\u00eam atuado unidos para angariar apoio dos parlamentares aos honor\u00e1rios na vota\u00e7\u00e3o do CPC e ao grande ato do dia 3 de setembro no Senado Federal.<\/p>\n<p>O trabalho parlamentar do SINPROFAZ, de PFNs e outros advogados p\u00fablicos federais intensificou-se nas \u00faltimas semanas com a divulga\u00e7\u00e3o do material explicativo do Movimento Nacional pela Advocacia P\u00fablica, do &#8220;Cumpra o Acordo&#8221; sobre os honor\u00e1rios, assim como da pauta espec\u00edfica da Advocacia P\u00fablica Federal em contraponto ao PLP 205\/12, que trata da Lei Org\u00e2nica da AGU.<\/p>\n<p>Semana passada, membros das Carreiras circularam na C\u00e2mara e no Senado para convidar deputados e senadores a participarem do lan\u00e7amento oficial do Movimento Nacional pela Advocacia P\u00fablica no Audit\u00f3rio Petr\u00f4nio Portela do Senado Federal.<\/p>\n<p>A peregrina\u00e7\u00e3o pelos gabinetes e plen\u00e1rios das duas casas legislativas prossegue esta semana, de forma unificada, integrando Procuradores da Fazenda, Advogados da Uni\u00e3o, Procuradores do Banco Central, Procuradores Federais, Procuradores de Estado e Procuradores de Munic\u00edpios no esfor\u00e7o coletivo para assegurar autonomia funcional e prerrogativas aos membros dessas carreiras, o que est\u00e1 consubstanciado na PEC 82\/2007, que tramita na C\u00e2mara Federal. O CPC pode ser votado nesta ter\u00e7a-feira (27) e a presen\u00e7a dos advogados p\u00fablicos federais, ao longo das \u00faltimas semanas, tem sido essencial para tentarmos a inclus\u00e3o dos honor\u00e1rios no CPC, conquanto o Advogado-Geral tenha declarado na semana passada, em sess\u00e3o da CCJC, ser contra esta inclus\u00e3o.<\/p>\n","protected":false},"excerpt":{"rendered":"<p>Membros das Carreiras e dirigentes sindicais e associativos t\u00eam atuado unidos para angariar apoio dos parlamentares aos honor\u00e1rios na vota\u00e7\u00e3o do CPC e ao grande ato do dia 3 de setembro no Senado Federal.<\/p>\n","protected":false},"author":1,"featured_media":0,"comment_status":"closed","ping_status":"open","sticky":false,"template":"","format":"standard","meta":{"footnotes":""},"categories":[8],"tags":[],"featured_image_url":"https:\/\/dummyimage.com\/720x400","character_count":804,"formatted_date":"26\/08\/2013 - 18:51","contentNovo":"\r\n<p>Membros das Carreiras e dirigentes sindicais e associativos t\u00eam atuado unidos para angariar apoio dos parlamentares aos honor\u00e1rios na vota\u00e7\u00e3o do CPC e ao grande ato do dia 3 de setembro no Senado Federal.<\/p>\r\n<p>O trabalho parlamentar do SINPROFAZ, de PFNs e outros advogados p\u00fablicos federais intensificou-se nas \u00faltimas semanas com a divulga\u00e7\u00e3o do material explicativo do Movimento Nacional pela Advocacia P\u00fablica, do \"Cumpra o Acordo\" sobre os honor\u00e1rios, assim como da pauta espec\u00edfica da Advocacia P\u00fablica Federal em contraponto ao PLP 205\/12, que trata da Lei Org\u00e2nica da AGU.<\/p>\r\n<p>Semana passada, membros das Carreiras circularam na C\u00e2mara e no Senado para convidar deputados e senadores a participarem do lan\u00e7amento oficial do Movimento Nacional pela Advocacia P\u00fablica no Audit\u00f3rio Petr\u00f4nio Portela do Senado Federal.<\/p>\r\n<p>A peregrina\u00e7\u00e3o pelos gabinetes e plen\u00e1rios das duas casas legislativas prossegue esta semana, de forma unificada, integrando Procuradores da Fazenda, Advogados da Uni\u00e3o, Procuradores do Banco Central, Procuradores Federais, Procuradores de Estado e Procuradores de Munic\u00edpios no esfor\u00e7o coletivo para assegurar autonomia funcional e prerrogativas aos membros dessas carreiras, o que est\u00e1 consubstanciado na PEC 82\/2007, que tramita na C\u00e2mara Federal. O CPC pode ser votado nesta ter\u00e7a-feira (27) e a presen\u00e7a dos advogados p\u00fablicos federais, ao longo das \u00faltimas semanas, tem sido essencial para tentarmos a inclus\u00e3o dos honor\u00e1rios no CPC, conquanto o Advogado-Geral tenha declarado na semana passada, em sess\u00e3o da CCJC, ser contra esta inclus\u00e3o.<\/p>","_links":{"self":[{"href":"https:\/\/sinprofaz.org.br\/2024\/wp-json\/wp\/v2\/posts\/1433"}],"collection":[{"href":"https:\/\/sinprofaz.org.br\/2024\/wp-json\/wp\/v2\/posts"}],"about":[{"href":"https:\/\/sinprofaz.org.br\/2024\/wp-json\/wp\/v2\/types\/post"}],"author":[{"embeddable":true,"href":"https:\/\/sinprofaz.org.br\/2024\/wp-json\/wp\/v2\/users\/1"}],"replies":[{"embeddable":true,"href":"https:\/\/sinprofaz.org.br\/2024\/wp-json\/wp\/v2\/comments?post=1433"}],"version-history":[{"count":0,"href":"https:\/\/sinprofaz.org.br\/2024\/wp-json\/wp\/v2\/posts\/1433\/revisions"}],"wp:attachment":[{"href":"https:\/\/sinprofaz.org.br\/2024\/wp-json\/wp\/v2\/media?parent=1433"}],"wp:term":[{"taxonomy":"category","embeddable":true,"href":"https:\/\/sinprofaz.org.br\/2024\/wp-json\/wp\/v2\/categories?post=1433"},{"taxonomy":"post_tag","embeddable":true,"href":"https:\/\/sinprofaz.org.br\/2024\/wp-json\/wp\/v2\/tags?post=1433"}],"curies":[{"name":"wp","href":"https:\/\/api.w.org\/{rel}","templated":true}]}}