{"id":14323,"date":"2022-03-14T08:23:52","date_gmt":"2022-03-14T11:23:52","guid":{"rendered":"http:\/\/www.sinprofaz.org.br\/?p=14323"},"modified":"2022-03-16T09:38:58","modified_gmt":"2022-03-16T12:38:58","slug":"ago-2022-passo-a-passo-para-o-preenchimento-da-procuracao-eletronica","status":"publish","type":"post","link":"https:\/\/sinprofaz.org.br\/2024\/noticias\/ago-2022-passo-a-passo-para-o-preenchimento-da-procuracao-eletronica\/","title":{"rendered":"AGO 2022: PASSO A PASSO PARA O PREENCHIMENTO DA PROCURA\u00c7\u00c3O ELETR\u00d4NICA"},"content":{"rendered":"<p>A AGO 2022 ocorre no dia 26 de mar\u00e7o, em Bras\u00edlia\/DF. Para que seja poss\u00edvel, a filiadas e filiados, participar da Assembleia Geral, o SINPROFAZ disponibiliza Procura\u00e7\u00f5es Eletr\u00f4nicas. Saiba como preench\u00ea-las!<\/p>\n<p><strong>Passo 1:<\/strong> Acesse a \u00c1rea do Filiado no endere\u00e7o <a href=\"https:\/\/areadofiliado.sinprofaz.org.br\/pages\/login.php\">areadofiliado.sinprofaz.org.br<\/a>. O <em>login<\/em> exige matr\u00edcula Siape (7 d\u00edgitos) e senha, a qual pode ser recuperada por meio da op\u00e7\u00e3o <em>Esqueci minha senha<\/em>. Nesse caso, uma nova sequ\u00eancia de n\u00fameros ser\u00e1 enviada para o endere\u00e7o de e-mail cadastrado no sistema do Sindicato.<\/p>\n<p><strong>Passo 2:<\/strong> No Painel de Notifica\u00e7\u00f5es da \u00c1rea do Filiado, o PFN encontra <strong><em>a Procura\u00e7\u00e3o Eletr\u00f4nica AGO 2022<\/em><\/strong>. O mesmo documento est\u00e1 dispon\u00edvel no menu, \u00e0 esquerda da p\u00e1gina.<\/p>\n<p><strong>Passo 3:<\/strong> Ao preencher a Procura\u00e7\u00e3o Eletr\u00f4nica, atente-se para o fato de que \u00e9 poss\u00edvel votar em uma, em duas ou nas tr\u00eas duplas de candidatos ao Conselho Fiscal e \u00e0 Junta de Julgamento do SINPROFAZ. O PFN, portanto, n\u00e3o precisa necessariamente escolher apenas uma das tr\u00eas duplas de candidatos.<\/p>\n<p><strong>Passo 4:<\/strong> Efetuado o preenchimento completo, clique no bot\u00e3o <em>Enviar<\/em>, ao final da p\u00e1gina. Uma mensagem na tela do computador, <em>tablet<\/em> ou celular avisar\u00e1 que o envio foi conclu\u00eddo com sucesso. \u00c9 permitido ao PFN realizar at\u00e9 dois envios. Caso haja um segundo envio, a primeira Procura\u00e7\u00e3o Eletr\u00f4nica preenchida ser\u00e1 desconsiderada.<\/p>\n<p>N\u00e3o deixe para depois: acesse <a href=\"https:\/\/areadofiliado.sinprofaz.org.br\/pages\/login.php\">areadofiliado.sinprofaz.org.br<\/a> e participe j\u00e1 da AGO 2022!<\/p>\n","protected":false},"excerpt":{"rendered":"<p>A AGO 2022 ocorre no dia 26 de mar\u00e7o, em Bras\u00edlia\/DF. Para que seja poss\u00edvel, a filiadas e filiados, participar da Assembleia Geral, o SINPROFAZ disponibiliza Procura\u00e7\u00f5es Eletr\u00f4nicas na \u00c1rea do Filiado. PFN, saiba como preench\u00ea-las!<\/p>\n","protected":false},"author":2,"featured_media":14324,"comment_status":"open","ping_status":"open","sticky":false,"template":"","format":"standard","meta":{"footnotes":""},"categories":[8],"tags":[41,32,25],"featured_image_url":"https:\/\/sinprofaz.org.br\/2024\/wp-content\/uploads\/2022\/03\/ago_card1_21fev-1.png","character_count":725,"formatted_date":"14\/03\/2022 - 08:23","contentNovo":"A AGO 2022 ocorre no dia 26 de mar\u00e7o, em Bras\u00edlia\/DF. Para que seja poss\u00edvel, a filiadas e filiados, participar da Assembleia Geral, o SINPROFAZ disponibiliza Procura\u00e7\u00f5es Eletr\u00f4nicas. Saiba como preench\u00ea-las!\r\n\r\n<strong>Passo 1:<\/strong> Acesse a \u00c1rea do Filiado no endere\u00e7o <a href=\"https:\/\/areadofiliado.sinprofaz.org.br\/pages\/login.php\">areadofiliado.sinprofaz.org.br<\/a>. O <em>login<\/em> exige matr\u00edcula Siape (7 d\u00edgitos) e senha, a qual pode ser recuperada por meio da op\u00e7\u00e3o <em>Esqueci minha senha<\/em>. Nesse caso, uma nova sequ\u00eancia de n\u00fameros ser\u00e1 enviada para o endere\u00e7o de e-mail cadastrado no sistema do Sindicato.\r\n\r\n<strong>Passo 2:<\/strong> No Painel de Notifica\u00e7\u00f5es da \u00c1rea do Filiado, o PFN encontra <strong><em>a Procura\u00e7\u00e3o Eletr\u00f4nica AGO 2022<\/em><\/strong>. O mesmo documento est\u00e1 dispon\u00edvel no menu, \u00e0 esquerda da p\u00e1gina.\r\n\r\n<strong>Passo 3:<\/strong> Ao preencher a Procura\u00e7\u00e3o Eletr\u00f4nica, atente-se para o fato de que \u00e9 poss\u00edvel votar em uma, em duas ou nas tr\u00eas duplas de candidatos ao Conselho Fiscal e \u00e0 Junta de Julgamento do SINPROFAZ. O PFN, portanto, n\u00e3o precisa necessariamente escolher apenas uma das tr\u00eas duplas de candidatos.\r\n\r\n<strong>Passo 4:<\/strong> Efetuado o preenchimento completo, clique no bot\u00e3o <em>Enviar<\/em>, ao final da p\u00e1gina. Uma mensagem na tela do computador, <em>tablet<\/em> ou celular avisar\u00e1 que o envio foi conclu\u00eddo com sucesso. \u00c9 permitido ao PFN realizar at\u00e9 dois envios. Caso haja um segundo envio, a primeira Procura\u00e7\u00e3o Eletr\u00f4nica preenchida ser\u00e1 desconsiderada.\r\n\r\nN\u00e3o deixe para depois: acesse <a href=\"https:\/\/areadofiliado.sinprofaz.org.br\/pages\/login.php\">areadofiliado.sinprofaz.org.br<\/a> e participe j\u00e1 da AGO 2022!","_links":{"self":[{"href":"https:\/\/sinprofaz.org.br\/2024\/wp-json\/wp\/v2\/posts\/14323"}],"collection":[{"href":"https:\/\/sinprofaz.org.br\/2024\/wp-json\/wp\/v2\/posts"}],"about":[{"href":"https:\/\/sinprofaz.org.br\/2024\/wp-json\/wp\/v2\/types\/post"}],"author":[{"embeddable":true,"href":"https:\/\/sinprofaz.org.br\/2024\/wp-json\/wp\/v2\/users\/2"}],"replies":[{"embeddable":true,"href":"https:\/\/sinprofaz.org.br\/2024\/wp-json\/wp\/v2\/comments?post=14323"}],"version-history":[{"count":4,"href":"https:\/\/sinprofaz.org.br\/2024\/wp-json\/wp\/v2\/posts\/14323\/revisions"}],"predecessor-version":[{"id":14334,"href":"https:\/\/sinprofaz.org.br\/2024\/wp-json\/wp\/v2\/posts\/14323\/revisions\/14334"}],"wp:featuredmedia":[{"embeddable":true,"href":"https:\/\/sinprofaz.org.br\/2024\/wp-json\/wp\/v2\/media\/14324"}],"wp:attachment":[{"href":"https:\/\/sinprofaz.org.br\/2024\/wp-json\/wp\/v2\/media?parent=14323"}],"wp:term":[{"taxonomy":"category","embeddable":true,"href":"https:\/\/sinprofaz.org.br\/2024\/wp-json\/wp\/v2\/categories?post=14323"},{"taxonomy":"post_tag","embeddable":true,"href":"https:\/\/sinprofaz.org.br\/2024\/wp-json\/wp\/v2\/tags?post=14323"}],"curies":[{"name":"wp","href":"https:\/\/api.w.org\/{rel}","templated":true}]}}