{"id":14311,"date":"2022-03-10T08:17:22","date_gmt":"2022-03-10T11:17:22","guid":{"rendered":"http:\/\/www.sinprofaz.org.br\/?p=14311"},"modified":"2022-03-09T17:07:51","modified_gmt":"2022-03-09T20:07:51","slug":"procuracao-eletronica-da-ago-2022-esta-disponivel-na-area-do-filiado","status":"publish","type":"post","link":"https:\/\/sinprofaz.org.br\/2024\/noticias\/procuracao-eletronica-da-ago-2022-esta-disponivel-na-area-do-filiado\/","title":{"rendered":"PROCURA\u00c7\u00c3O ELETR\u00d4NICA DA AGO 2022 EST\u00c1 DISPON\u00cdVEL NA \u00c1REA DO FILIADO"},"content":{"rendered":"<p>A Assembleia Geral Ordin\u00e1ria do SINPROFAZ ser\u00e1 realizada no dia 26 de mar\u00e7o, em Bras\u00edlia\/DF. Para que todas as filiadas e todos os filiados possam participar da AGO, o SINPROFAZ disponibiliza procura\u00e7\u00f5es impressas e eletr\u00f4nicas. A procura\u00e7\u00e3o impressa foi remetida \u00e0s resid\u00eancias dos PFNs. J\u00e1 a vers\u00e3o eletr\u00f4nica pode ser acessada e preenchida a qualquer momento.<\/p>\n<p>Para conferir a <em>Procura\u00e7\u00e3o Eletr\u00f4nica AGO 2022<\/em>, acesse: <a href=\"https:\/\/areadofiliado.sinprofaz.org.br\/pages\/login.php\">bit.ly\/AreadoFiliadoSINPROFAZ<\/a>.<\/p>\n<p><strong>Seguran\u00e7a<\/strong><br \/>\nVisando garantir que o ambiente virtual seja seguro para os Colegas, o <em>login<\/em> na \u00c1rea do Filiado exige matr\u00edcula Siape (7 d\u00edgitos) e senha individual. Em caso de dificuldade para realizar o <em>login<\/em>, clique em <em>Esqueci minha senha<\/em>. Uma sequ\u00eancia de n\u00fameros ser\u00e1 enviada para seu e-mail cadastrado no sistema do Sindicato. Caso a mensagem do SINPROFAZ n\u00e3o chegue na Caixa de Entrada, verifique por favor o Spam.<\/p>\n<p>Problemas ou d\u00favidas no preenchimento da procura\u00e7\u00e3o eletr\u00f4nica devem ser comunicados \u00e0 <a href=\"secretaria@sinprofaz.org.br\">secretaria@sinprofaz.org.br<\/a>. Acesse j\u00e1 a \u00c1rea do Filiado e participe da AGO 2022!<\/p>\n","protected":false},"excerpt":{"rendered":"<p>A Assembleia Geral Ordin\u00e1ria do SINPROFAZ ser\u00e1 realizada no dia 26 de mar\u00e7o, em Bras\u00edlia\/DF. Para que todas as filiadas e todos os filiados possam participar, o SINPROFAZ disponibiliza procura\u00e7\u00f5es impressas e eletr\u00f4nicas. Preencha e garanta sua participa\u00e7\u00e3o na AGO!<\/p>\n","protected":false},"author":2,"featured_media":14312,"comment_status":"open","ping_status":"open","sticky":false,"template":"","format":"standard","meta":{"footnotes":""},"categories":[8],"tags":[41,32,25],"featured_image_url":"https:\/\/sinprofaz.org.br\/2024\/wp-content\/uploads\/2022\/03\/ago-2022.jpg","character_count":534,"formatted_date":"10\/03\/2022 - 08:17","contentNovo":"A Assembleia Geral Ordin\u00e1ria do SINPROFAZ ser\u00e1 realizada no dia 26 de mar\u00e7o, em Bras\u00edlia\/DF. Para que todas as filiadas e todos os filiados possam participar da AGO, o SINPROFAZ disponibiliza procura\u00e7\u00f5es impressas e eletr\u00f4nicas. A procura\u00e7\u00e3o impressa foi remetida \u00e0s resid\u00eancias dos PFNs. J\u00e1 a vers\u00e3o eletr\u00f4nica pode ser acessada e preenchida a qualquer momento.\r\n\r\nPara conferir a <em>Procura\u00e7\u00e3o Eletr\u00f4nica AGO 2022<\/em>, acesse: <a href=\"https:\/\/areadofiliado.sinprofaz.org.br\/pages\/login.php\">bit.ly\/AreadoFiliadoSINPROFAZ<\/a>.\r\n\r\n<strong>Seguran\u00e7a<\/strong>\r\nVisando garantir que o ambiente virtual seja seguro para os Colegas, o <em>login<\/em> na \u00c1rea do Filiado exige matr\u00edcula Siape (7 d\u00edgitos) e senha individual. Em caso de dificuldade para realizar o <em>login<\/em>, clique em <em>Esqueci minha senha<\/em>. Uma sequ\u00eancia de n\u00fameros ser\u00e1 enviada para seu e-mail cadastrado no sistema do Sindicato. Caso a mensagem do SINPROFAZ n\u00e3o chegue na Caixa de Entrada, verifique por favor o Spam.\r\n\r\nProblemas ou d\u00favidas no preenchimento da procura\u00e7\u00e3o eletr\u00f4nica devem ser comunicados \u00e0 <a href=\"secretaria@sinprofaz.org.br\">secretaria@sinprofaz.org.br<\/a>. Acesse j\u00e1 a \u00c1rea do Filiado e participe da AGO 2022!","_links":{"self":[{"href":"https:\/\/sinprofaz.org.br\/2024\/wp-json\/wp\/v2\/posts\/14311"}],"collection":[{"href":"https:\/\/sinprofaz.org.br\/2024\/wp-json\/wp\/v2\/posts"}],"about":[{"href":"https:\/\/sinprofaz.org.br\/2024\/wp-json\/wp\/v2\/types\/post"}],"author":[{"embeddable":true,"href":"https:\/\/sinprofaz.org.br\/2024\/wp-json\/wp\/v2\/users\/2"}],"replies":[{"embeddable":true,"href":"https:\/\/sinprofaz.org.br\/2024\/wp-json\/wp\/v2\/comments?post=14311"}],"version-history":[{"count":1,"href":"https:\/\/sinprofaz.org.br\/2024\/wp-json\/wp\/v2\/posts\/14311\/revisions"}],"predecessor-version":[{"id":14313,"href":"https:\/\/sinprofaz.org.br\/2024\/wp-json\/wp\/v2\/posts\/14311\/revisions\/14313"}],"wp:featuredmedia":[{"embeddable":true,"href":"https:\/\/sinprofaz.org.br\/2024\/wp-json\/wp\/v2\/media\/14312"}],"wp:attachment":[{"href":"https:\/\/sinprofaz.org.br\/2024\/wp-json\/wp\/v2\/media?parent=14311"}],"wp:term":[{"taxonomy":"category","embeddable":true,"href":"https:\/\/sinprofaz.org.br\/2024\/wp-json\/wp\/v2\/categories?post=14311"},{"taxonomy":"post_tag","embeddable":true,"href":"https:\/\/sinprofaz.org.br\/2024\/wp-json\/wp\/v2\/tags?post=14311"}],"curies":[{"name":"wp","href":"https:\/\/api.w.org\/{rel}","templated":true}]}}