{"id":14309,"date":"2022-03-09T08:15:32","date_gmt":"2022-03-09T11:15:32","guid":{"rendered":"http:\/\/www.sinprofaz.org.br\/?p=14309"},"modified":"2022-03-09T08:15:32","modified_gmt":"2022-03-09T11:15:32","slug":"sinprofaz-participa-da-primeira-assembleia-geral-realizada-pelo-fonacate-em-2022","status":"publish","type":"post","link":"https:\/\/sinprofaz.org.br\/2024\/noticias\/sinprofaz-participa-da-primeira-assembleia-geral-realizada-pelo-fonacate-em-2022\/","title":{"rendered":"SINPROFAZ PARTICIPA DA PRIMEIRA ASSEMBLEIA GERAL REALIZADA PELO FONACATE EM 2022"},"content":{"rendered":"<p>O SINPROFAZ, representado pelo presidente Achilles Frias, participou ontem (8) de assembleia geral do F\u00f3rum Nacional Permanente de Carreiras T\u00edpicas de Estado &#8211; Fonacate. Entre as pautas do encontro virtual, esteve a campanha salarial dos servidores p\u00fablicos. Conforme os dirigentes sindicais presentes, a campanha seguir\u00e1 neste primeiro semestre do ano, com vistas \u00e0 remunera\u00e7\u00e3o digna e \u00e0 preserva\u00e7\u00e3o do poder de compra dos membros das carreiras representadas pelo F\u00f3rum. Sabe-se que a decis\u00e3o sobre o reajuste \u00e9 pol\u00edtica e que a recomposi\u00e7\u00e3o ser\u00e1 pauta relevante do ano eleitoral.<\/p>\n<p>A possibilidade de encontros com presidenci\u00e1veis tamb\u00e9m foi debatida ao longo da assembleia. Em um trabalho conjunto com as entidades, o Fonacate &#8211; que vem conquistando protagonismo e consolidando canais de di\u00e1logo junto ao Executivo e ao Legislativo federais &#8211; realizar\u00e1 contatos com os prov\u00e1veis candidatos. Por fim, os dirigentes sindicais abordaram a realiza\u00e7\u00e3o da 7\u00aa Confer\u00eancia Nacional das Carreiras de Estado. O evento re\u00fane parlamentares, acad\u00eamicos e outras autoridades pol\u00edticas para discutir temas de interesse do funcionalismo nacional. A Confer\u00eancia deve ocorrer ainda no primeiro semestre do ano.<\/p>\n","protected":false},"excerpt":{"rendered":"<p>A possibilidade de encontros com presidenci\u00e1veis foi debatida ao longo da assembleia geral. Em um trabalho conjunto com as entidades filiadas, o Fonacate realizar\u00e1 contatos com os prov\u00e1veis candidatos \u00e0 Presid\u00eancia da Rep\u00fablica.<\/p>\n","protected":false},"author":2,"featured_media":11173,"comment_status":"open","ping_status":"open","sticky":false,"template":"","format":"standard","meta":{"footnotes":""},"categories":[8],"tags":[32,122,146,25],"featured_image_url":"https:\/\/sinprofaz.org.br\/2024\/wp-content\/uploads\/2020\/02\/logo-fonacate.png","character_count":622,"formatted_date":"09\/03\/2022 - 08:15","contentNovo":"O SINPROFAZ, representado pelo presidente Achilles Frias, participou ontem (8) de assembleia geral do F\u00f3rum Nacional Permanente de Carreiras T\u00edpicas de Estado - Fonacate. Entre as pautas do encontro virtual, esteve a campanha salarial dos servidores p\u00fablicos. Conforme os dirigentes sindicais presentes, a campanha seguir\u00e1 neste primeiro semestre do ano, com vistas \u00e0 remunera\u00e7\u00e3o digna e \u00e0 preserva\u00e7\u00e3o do poder de compra dos membros das carreiras representadas pelo F\u00f3rum. Sabe-se que a decis\u00e3o sobre o reajuste \u00e9 pol\u00edtica e que a recomposi\u00e7\u00e3o ser\u00e1 pauta relevante do ano eleitoral.\r\n\r\nA possibilidade de encontros com presidenci\u00e1veis tamb\u00e9m foi debatida ao longo da assembleia. Em um trabalho conjunto com as entidades, o Fonacate - que vem conquistando protagonismo e consolidando canais de di\u00e1logo junto ao Executivo e ao Legislativo federais - realizar\u00e1 contatos com os prov\u00e1veis candidatos. Por fim, os dirigentes sindicais abordaram a realiza\u00e7\u00e3o da 7\u00aa Confer\u00eancia Nacional das Carreiras de Estado. O evento re\u00fane parlamentares, acad\u00eamicos e outras autoridades pol\u00edticas para discutir temas de interesse do funcionalismo nacional. A Confer\u00eancia deve ocorrer ainda no primeiro semestre do ano.","_links":{"self":[{"href":"https:\/\/sinprofaz.org.br\/2024\/wp-json\/wp\/v2\/posts\/14309"}],"collection":[{"href":"https:\/\/sinprofaz.org.br\/2024\/wp-json\/wp\/v2\/posts"}],"about":[{"href":"https:\/\/sinprofaz.org.br\/2024\/wp-json\/wp\/v2\/types\/post"}],"author":[{"embeddable":true,"href":"https:\/\/sinprofaz.org.br\/2024\/wp-json\/wp\/v2\/users\/2"}],"replies":[{"embeddable":true,"href":"https:\/\/sinprofaz.org.br\/2024\/wp-json\/wp\/v2\/comments?post=14309"}],"version-history":[{"count":1,"href":"https:\/\/sinprofaz.org.br\/2024\/wp-json\/wp\/v2\/posts\/14309\/revisions"}],"predecessor-version":[{"id":14310,"href":"https:\/\/sinprofaz.org.br\/2024\/wp-json\/wp\/v2\/posts\/14309\/revisions\/14310"}],"wp:featuredmedia":[{"embeddable":true,"href":"https:\/\/sinprofaz.org.br\/2024\/wp-json\/wp\/v2\/media\/11173"}],"wp:attachment":[{"href":"https:\/\/sinprofaz.org.br\/2024\/wp-json\/wp\/v2\/media?parent=14309"}],"wp:term":[{"taxonomy":"category","embeddable":true,"href":"https:\/\/sinprofaz.org.br\/2024\/wp-json\/wp\/v2\/categories?post=14309"},{"taxonomy":"post_tag","embeddable":true,"href":"https:\/\/sinprofaz.org.br\/2024\/wp-json\/wp\/v2\/tags?post=14309"}],"curies":[{"name":"wp","href":"https:\/\/api.w.org\/{rel}","templated":true}]}}