{"id":14301,"date":"2022-03-03T08:31:00","date_gmt":"2022-03-03T11:31:00","guid":{"rendered":"http:\/\/www.sinprofaz.org.br\/?p=14301"},"modified":"2022-03-03T09:13:32","modified_gmt":"2022-03-03T12:13:32","slug":"filiada-palestrara-em-evento-promovido-em-homenagem-ao-dia-internacional-da-mulher","status":"publish","type":"post","link":"https:\/\/sinprofaz.org.br\/2024\/noticias\/filiada-palestrara-em-evento-promovido-em-homenagem-ao-dia-internacional-da-mulher\/","title":{"rendered":"FILIADA PALESTRAR\u00c1 EM EVENTO PROMOVIDO EM HOMENAGEM AO DIA INTERNACIONAL DA MULHER"},"content":{"rendered":"<p>A PFN filiada Fernanda Cimbra Santiago foi convidada para palestrar no semin\u00e1rio <em><strong>Vozes Femininas no Direito: trajet\u00f3ria, desafios e perspectivas para o futuro<\/strong><\/em>. O evento, que tamb\u00e9m contar\u00e1 com palestra da ministra C\u00e1rmen L\u00facia, do Supremo Tribunal Federal, ser\u00e1 organizado pelo Centro de Estudos Jur\u00eddicos da Procuradoria-Geral do Estado do Rio de Janeiro e coordenado pela Comiss\u00e3o Especial para Promo\u00e7\u00e3o da Igualdade de G\u00eanero da PGE-RJ.<\/p>\n<p>O semin\u00e1rio ser\u00e1 realizado no Dia Internacional da Mulher: pr\u00f3xima ter\u00e7a-feira, <strong>8 de mar\u00e7o, das 10h \u00e0s 12h, via Zoom<\/strong>. As inscri\u00e7\u00f5es s\u00e3o gratuitas, mas as vagas s\u00e3o limitadas. Interessadas e interessados em se inscrever devem encaminhar mensagem para o e-mail <a href=\"inscricoescejur@pge.rj.gov.br\">inscricoescejur@pge.rj.gov.br<\/a>. As desembargadoras Ivone Caetano e Andr\u00e9a Pach\u00e1, do TJ-RJ, tamb\u00e9m proferir\u00e3o palestras na oportunidade do semin\u00e1rio, cuja abertura caber\u00e1 ao procurador-geral do Estado do Rio de Janeiro, Bruno Dubeux.<\/p>\n<p>\u00c0 filiada Fernanda Santiago, nosso reconhecimento pelo trabalho realizado. Sucesso no evento!<\/p>\n","protected":false},"excerpt":{"rendered":"<p>Fernanda Santiago foi convidada para palestrar no semin\u00e1rio &#8220;Vozes Femininas no Direito: trajet\u00f3ria, desafios e perspectivas para o futuro&#8221;. O evento tamb\u00e9m contar\u00e1 com palestra da ministra C\u00e1rmen L\u00facia, do Supremo Tribunal Federal.<\/p>\n","protected":false},"author":2,"featured_media":14302,"comment_status":"open","ping_status":"open","sticky":false,"template":"","format":"standard","meta":{"footnotes":""},"categories":[8],"tags":[32,29,25],"featured_image_url":"https:\/\/sinprofaz.org.br\/2024\/wp-content\/uploads\/2022\/03\/NOTA-SINPROFAZ.jpg","character_count":527,"formatted_date":"03\/03\/2022 - 08:31","contentNovo":"A PFN filiada Fernanda Cimbra Santiago foi convidada para palestrar no semin\u00e1rio <em><strong>Vozes Femininas no Direito: trajet\u00f3ria, desafios e perspectivas para o futuro<\/strong><\/em>. O evento, que tamb\u00e9m contar\u00e1 com palestra da ministra C\u00e1rmen L\u00facia, do Supremo Tribunal Federal, ser\u00e1 organizado pelo Centro de Estudos Jur\u00eddicos da Procuradoria-Geral do Estado do Rio de Janeiro e coordenado pela Comiss\u00e3o Especial para Promo\u00e7\u00e3o da Igualdade de G\u00eanero da PGE-RJ.\r\n\r\nO semin\u00e1rio ser\u00e1 realizado no Dia Internacional da Mulher: pr\u00f3xima ter\u00e7a-feira, <strong>8 de mar\u00e7o, das 10h \u00e0s 12h, via Zoom<\/strong>. As inscri\u00e7\u00f5es s\u00e3o gratuitas, mas as vagas s\u00e3o limitadas. Interessadas e interessados em se inscrever devem encaminhar mensagem para o e-mail <a href=\"inscricoescejur@pge.rj.gov.br\">inscricoescejur@pge.rj.gov.br<\/a>. As desembargadoras Ivone Caetano e Andr\u00e9a Pach\u00e1, do TJ-RJ, tamb\u00e9m proferir\u00e3o palestras na oportunidade do semin\u00e1rio, cuja abertura caber\u00e1 ao procurador-geral do Estado do Rio de Janeiro, Bruno Dubeux.\r\n\r\n\u00c0 filiada Fernanda Santiago, nosso reconhecimento pelo trabalho realizado. Sucesso no evento!","_links":{"self":[{"href":"https:\/\/sinprofaz.org.br\/2024\/wp-json\/wp\/v2\/posts\/14301"}],"collection":[{"href":"https:\/\/sinprofaz.org.br\/2024\/wp-json\/wp\/v2\/posts"}],"about":[{"href":"https:\/\/sinprofaz.org.br\/2024\/wp-json\/wp\/v2\/types\/post"}],"author":[{"embeddable":true,"href":"https:\/\/sinprofaz.org.br\/2024\/wp-json\/wp\/v2\/users\/2"}],"replies":[{"embeddable":true,"href":"https:\/\/sinprofaz.org.br\/2024\/wp-json\/wp\/v2\/comments?post=14301"}],"version-history":[{"count":2,"href":"https:\/\/sinprofaz.org.br\/2024\/wp-json\/wp\/v2\/posts\/14301\/revisions"}],"predecessor-version":[{"id":14304,"href":"https:\/\/sinprofaz.org.br\/2024\/wp-json\/wp\/v2\/posts\/14301\/revisions\/14304"}],"wp:featuredmedia":[{"embeddable":true,"href":"https:\/\/sinprofaz.org.br\/2024\/wp-json\/wp\/v2\/media\/14302"}],"wp:attachment":[{"href":"https:\/\/sinprofaz.org.br\/2024\/wp-json\/wp\/v2\/media?parent=14301"}],"wp:term":[{"taxonomy":"category","embeddable":true,"href":"https:\/\/sinprofaz.org.br\/2024\/wp-json\/wp\/v2\/categories?post=14301"},{"taxonomy":"post_tag","embeddable":true,"href":"https:\/\/sinprofaz.org.br\/2024\/wp-json\/wp\/v2\/tags?post=14301"}],"curies":[{"name":"wp","href":"https:\/\/api.w.org\/{rel}","templated":true}]}}