{"id":14266,"date":"2022-02-17T10:15:17","date_gmt":"2022-02-17T13:15:17","guid":{"rendered":"http:\/\/www.sinprofaz.org.br\/?p=14266"},"modified":"2022-02-18T14:30:29","modified_gmt":"2022-02-18T17:30:29","slug":"sinprofaz-discute-parceria-para-realizacao-do-premio-congresso-em-foco-2022","status":"publish","type":"post","link":"https:\/\/sinprofaz.org.br\/2024\/noticias\/sinprofaz-discute-parceria-para-realizacao-do-premio-congresso-em-foco-2022\/","title":{"rendered":"SINPROFAZ DISCUTE PARCERIA PARA REALIZA\u00c7\u00c3O DO PR\u00caMIO CONGRESSO EM FOCO 2022"},"content":{"rendered":"<p>O SINPROFAZ, representado pelo presidente Achilles Frias, reuniu-se na ter\u00e7a-feira (15) com Sylvio Costa, s\u00f3cio e fundador do portal Congresso em Foco. Na ocasi\u00e3o do encontro na sede do Sindicato, em Bras\u00edlia\/DF, discutiu-se a parceria para realiza\u00e7\u00e3o do Pr\u00eamio Congresso em Foco 2022.<\/p>\n<p>No segundo semestre do ano, o Pr\u00eamio Congresso em Foco ser\u00e1 entregue pela 15\u00aa vez. O projeto mobiliza internautas, jornalistas, congressistas e analistas pol\u00edticos em torno de objetivos como incentivar os cidad\u00e3os a acompanhar de perto o desempenho dos parlamentares, condecorar senadores e deputados federais de destaque do ano e refor\u00e7ar a import\u00e2ncia do Poder Legislativo para a democracia.<\/p>\n<p><strong>Sobre o Congresso em Foco<\/strong><br \/>\nVe\u00edculo especializado na cobertura jornal\u00edstica dos principais fatos pol\u00edticos no Brasil. Com 18 anos de atua\u00e7\u00e3o, o portal n\u00e3o tem vincula\u00e7\u00e3o partid\u00e1ria, mas apoia causas que considera de interesse geral, como a defesa do regime democr\u00e1tico e dos direitos humanos (em especial, dos direitos de grupos minorit\u00e1rios); a luta contra as desigualdades sociais e regionais; e o combate \u00e0 corrup\u00e7\u00e3o. Saiba mais em <a href=\"https:\/\/congressoemfoco.uol.com.br\/\">congressoemfoco.uol.com.br<\/a><\/p>\n\n\t\t<style type=\"text\/css\">\n\t\t\t#gallery-1 {\n\t\t\t\tmargin: auto;\n\t\t\t}\n\t\t\t#gallery-1 .gallery-item {\n\t\t\t\tfloat: left;\n\t\t\t\tmargin-top: 10px;\n\t\t\t\ttext-align: center;\n\t\t\t\twidth: 33%;\n\t\t\t}\n\t\t\t#gallery-1 img {\n\t\t\t\tborder: 2px solid #cfcfcf;\n\t\t\t}\n\t\t\t#gallery-1 .gallery-caption {\n\t\t\t\tmargin-left: 0;\n\t\t\t}\n\t\t\t\/* see gallery_shortcode() in wp-includes\/media.php *\/\n\t\t<\/style>\n\t\t<div id='gallery-1' class='gallery galleryid-14266 gallery-columns-3 gallery-size-thumbnail'><dl class='gallery-item'>\n\t\t\t<dt class='gallery-icon landscape'>\n\t\t\t\t<a href='https:\/\/sinprofaz.org.br\/2024\/wp-content\/uploads\/2022\/02\/reuni\u00e3o-congresso-em-foco-2.jpg'><img loading=\"lazy\" decoding=\"async\" width=\"150\" height=\"150\" src=\"https:\/\/sinprofaz.org.br\/2024\/wp-content\/uploads\/2022\/02\/reuni\u00e3o-congresso-em-foco-2-150x150.jpg\" class=\"attachment-thumbnail size-thumbnail\" alt=\"\" \/><\/a>\n\t\t\t<\/dt><\/dl>\n\t\t\t<br style='clear: both' \/>\n\t\t<\/div>\n\n","protected":false},"excerpt":{"rendered":"<p>O presidente Achilles Frias se reuniu com Sylvio Costa, s\u00f3cio e fundador do portal Congresso em Foco. Na ocasi\u00e3o do encontro na sede do Sindicato, em Bras\u00edlia\/DF, foi discutida a parceria para realiza\u00e7\u00e3o do Pr\u00eamio Congresso em Foco 2022.<\/p>\n","protected":false},"author":2,"featured_media":14267,"comment_status":"open","ping_status":"open","sticky":false,"template":"","format":"standard","meta":{"footnotes":""},"categories":[8],"tags":[73,25],"featured_image_url":"https:\/\/sinprofaz.org.br\/2024\/wp-content\/uploads\/2022\/02\/reuni\u00e3o-congresso-em-foco-1.jpg","character_count":762,"formatted_date":"17\/02\/2022 - 10:15","contentNovo":"O SINPROFAZ, representado pelo presidente Achilles Frias, reuniu-se na ter\u00e7a-feira (15) com Sylvio Costa, s\u00f3cio e fundador do portal Congresso em Foco. Na ocasi\u00e3o do encontro na sede do Sindicato, em Bras\u00edlia\/DF, discutiu-se a parceria para realiza\u00e7\u00e3o do Pr\u00eamio Congresso em Foco 2022.\r\n\r\nNo segundo semestre do ano, o Pr\u00eamio Congresso em Foco ser\u00e1 entregue pela 15\u00aa vez. O projeto mobiliza internautas, jornalistas, congressistas e analistas pol\u00edticos em torno de objetivos como incentivar os cidad\u00e3os a acompanhar de perto o desempenho dos parlamentares, condecorar senadores e deputados federais de destaque do ano e refor\u00e7ar a import\u00e2ncia do Poder Legislativo para a democracia.\r\n\r\n<strong>Sobre o Congresso em Foco<\/strong>\r\nVe\u00edculo especializado na cobertura jornal\u00edstica dos principais fatos pol\u00edticos no Brasil. Com 18 anos de atua\u00e7\u00e3o, o portal n\u00e3o tem vincula\u00e7\u00e3o partid\u00e1ria, mas apoia causas que considera de interesse geral, como a defesa do regime democr\u00e1tico e dos direitos humanos (em especial, dos direitos de grupos minorit\u00e1rios); a luta contra as desigualdades sociais e regionais; e o combate \u00e0 corrup\u00e7\u00e3o. Saiba mais em <a href=\"https:\/\/congressoemfoco.uol.com.br\/\">congressoemfoco.uol.com.br<\/a>\r\n\r\n[gallery link=\"file\" ids=\"14268\"]","_links":{"self":[{"href":"https:\/\/sinprofaz.org.br\/2024\/wp-json\/wp\/v2\/posts\/14266"}],"collection":[{"href":"https:\/\/sinprofaz.org.br\/2024\/wp-json\/wp\/v2\/posts"}],"about":[{"href":"https:\/\/sinprofaz.org.br\/2024\/wp-json\/wp\/v2\/types\/post"}],"author":[{"embeddable":true,"href":"https:\/\/sinprofaz.org.br\/2024\/wp-json\/wp\/v2\/users\/2"}],"replies":[{"embeddable":true,"href":"https:\/\/sinprofaz.org.br\/2024\/wp-json\/wp\/v2\/comments?post=14266"}],"version-history":[{"count":3,"href":"https:\/\/sinprofaz.org.br\/2024\/wp-json\/wp\/v2\/posts\/14266\/revisions"}],"predecessor-version":[{"id":14277,"href":"https:\/\/sinprofaz.org.br\/2024\/wp-json\/wp\/v2\/posts\/14266\/revisions\/14277"}],"wp:featuredmedia":[{"embeddable":true,"href":"https:\/\/sinprofaz.org.br\/2024\/wp-json\/wp\/v2\/media\/14267"}],"wp:attachment":[{"href":"https:\/\/sinprofaz.org.br\/2024\/wp-json\/wp\/v2\/media?parent=14266"}],"wp:term":[{"taxonomy":"category","embeddable":true,"href":"https:\/\/sinprofaz.org.br\/2024\/wp-json\/wp\/v2\/categories?post=14266"},{"taxonomy":"post_tag","embeddable":true,"href":"https:\/\/sinprofaz.org.br\/2024\/wp-json\/wp\/v2\/tags?post=14266"}],"curies":[{"name":"wp","href":"https:\/\/api.w.org\/{rel}","templated":true}]}}