{"id":14248,"date":"2022-02-10T12:59:19","date_gmt":"2022-02-10T15:59:19","guid":{"rendered":"http:\/\/www.sinprofaz.org.br\/?p=14248"},"modified":"2022-02-15T09:14:04","modified_gmt":"2022-02-15T12:14:04","slug":"diretoria-do-sinprofaz-prepara-pauta-da-assembleia-geral-ordinaria-2022","status":"publish","type":"post","link":"https:\/\/sinprofaz.org.br\/2024\/noticias\/diretoria-do-sinprofaz-prepara-pauta-da-assembleia-geral-ordinaria-2022\/","title":{"rendered":"DIRETORIA DO SINPROFAZ PREPARA PAUTA DA ASSEMBLEIA GERAL ORDIN\u00c1RIA 2022"},"content":{"rendered":"<p>Diretoras e Diretores do SINPROFAZ se reuniram na quarta-feira (9). Na ocasi\u00e3o do encontro realizado de modo h\u00edbrido, com parte da Diretoria em Bras\u00edlia\/DF e parte em videoconfer\u00eancia, foram discutidos assuntos pertinentes \u00e0 Carreira, como sobrecarga de trabalho, desvio de fun\u00e7\u00e3o, ass\u00e9dio moral e sa\u00fade mental. A reuni\u00e3o, no entanto, foi convocada especialmente para defini\u00e7\u00e3o da pauta e da procura\u00e7\u00e3o da AGO 2022.<\/p>\n<p>A Assembleia Geral Ordin\u00e1ria ser\u00e1 realizada no dia 26 de mar\u00e7o. Para participar, filiadas e filiados poder\u00e3o utilizar procura\u00e7\u00e3o eletr\u00f4nica ou impressa. Todas e todos receber\u00e3o a procura\u00e7\u00e3o via correios, juntamente com os demais documentos pertinentes \u00e0 AGO. Mais informa\u00e7\u00f5es sobre a Assembleia ser\u00e3o disponibilizadas no <em>site<\/em> do SINPROFAZ ao longo dos pr\u00f3ximos dias.<\/p>\n\n\t\t<style type=\"text\/css\">\n\t\t\t#gallery-1 {\n\t\t\t\tmargin: auto;\n\t\t\t}\n\t\t\t#gallery-1 .gallery-item {\n\t\t\t\tfloat: left;\n\t\t\t\tmargin-top: 10px;\n\t\t\t\ttext-align: center;\n\t\t\t\twidth: 33%;\n\t\t\t}\n\t\t\t#gallery-1 img {\n\t\t\t\tborder: 2px solid #cfcfcf;\n\t\t\t}\n\t\t\t#gallery-1 .gallery-caption {\n\t\t\t\tmargin-left: 0;\n\t\t\t}\n\t\t\t\/* see gallery_shortcode() in wp-includes\/media.php *\/\n\t\t<\/style>\n\t\t<div id='gallery-1' class='gallery galleryid-14248 gallery-columns-3 gallery-size-thumbnail'><dl class='gallery-item'>\n\t\t\t<dt class='gallery-icon landscape'>\n\t\t\t\t<a href='https:\/\/sinprofaz.org.br\/2024\/wp-content\/uploads\/2022\/02\/2.jpg'><img loading=\"lazy\" decoding=\"async\" width=\"150\" height=\"150\" src=\"https:\/\/sinprofaz.org.br\/2024\/wp-content\/uploads\/2022\/02\/2-150x150.jpg\" class=\"attachment-thumbnail size-thumbnail\" alt=\"\" \/><\/a>\n\t\t\t<\/dt><\/dl><dl class='gallery-item'>\n\t\t\t<dt class='gallery-icon landscape'>\n\t\t\t\t<a href='https:\/\/sinprofaz.org.br\/2024\/wp-content\/uploads\/2022\/02\/3.jpg'><img loading=\"lazy\" decoding=\"async\" width=\"150\" height=\"150\" src=\"https:\/\/sinprofaz.org.br\/2024\/wp-content\/uploads\/2022\/02\/3-150x150.jpg\" class=\"attachment-thumbnail size-thumbnail\" alt=\"\" \/><\/a>\n\t\t\t<\/dt><\/dl><dl class='gallery-item'>\n\t\t\t<dt class='gallery-icon landscape'>\n\t\t\t\t<a href='https:\/\/sinprofaz.org.br\/2024\/wp-content\/uploads\/2022\/02\/4.jpg'><img loading=\"lazy\" decoding=\"async\" width=\"150\" height=\"150\" src=\"https:\/\/sinprofaz.org.br\/2024\/wp-content\/uploads\/2022\/02\/4-150x150.jpg\" class=\"attachment-thumbnail size-thumbnail\" alt=\"\" \/><\/a>\n\t\t\t<\/dt><\/dl><br style=\"clear: both\" \/><dl class='gallery-item'>\n\t\t\t<dt class='gallery-icon landscape'>\n\t\t\t\t<a href='https:\/\/sinprofaz.org.br\/2024\/wp-content\/uploads\/2022\/02\/5.jpg'><img loading=\"lazy\" decoding=\"async\" width=\"150\" height=\"150\" src=\"https:\/\/sinprofaz.org.br\/2024\/wp-content\/uploads\/2022\/02\/5-150x150.jpg\" class=\"attachment-thumbnail size-thumbnail\" alt=\"\" \/><\/a>\n\t\t\t<\/dt><\/dl><dl class='gallery-item'>\n\t\t\t<dt class='gallery-icon landscape'>\n\t\t\t\t<a href='https:\/\/sinprofaz.org.br\/2024\/wp-content\/uploads\/2022\/02\/6.jpg'><img loading=\"lazy\" decoding=\"async\" width=\"150\" height=\"150\" src=\"https:\/\/sinprofaz.org.br\/2024\/wp-content\/uploads\/2022\/02\/6-150x150.jpg\" class=\"attachment-thumbnail size-thumbnail\" alt=\"\" \/><\/a>\n\t\t\t<\/dt><\/dl><dl class='gallery-item'>\n\t\t\t<dt class='gallery-icon landscape'>\n\t\t\t\t<a href='https:\/\/sinprofaz.org.br\/2024\/wp-content\/uploads\/2022\/02\/7.jpg'><img loading=\"lazy\" decoding=\"async\" width=\"150\" height=\"150\" src=\"https:\/\/sinprofaz.org.br\/2024\/wp-content\/uploads\/2022\/02\/7-150x150.jpg\" class=\"attachment-thumbnail size-thumbnail\" alt=\"\" \/><\/a>\n\t\t\t<\/dt><\/dl><br style=\"clear: both\" \/><dl class='gallery-item'>\n\t\t\t<dt class='gallery-icon landscape'>\n\t\t\t\t<a href='https:\/\/sinprofaz.org.br\/2024\/wp-content\/uploads\/2022\/02\/8.jpg'><img loading=\"lazy\" decoding=\"async\" width=\"150\" height=\"150\" src=\"https:\/\/sinprofaz.org.br\/2024\/wp-content\/uploads\/2022\/02\/8-150x150.jpg\" class=\"attachment-thumbnail size-thumbnail\" alt=\"\" \/><\/a>\n\t\t\t<\/dt><\/dl>\n\t\t\t<br style='clear: both' \/>\n\t\t<\/div>\n\n","protected":false},"excerpt":{"rendered":"<p>A AGO ser\u00e1 realizada no dia 26 de mar\u00e7o. Para participar, filiadas e filiados poder\u00e3o utilizar procura\u00e7\u00e3o eletr\u00f4nica ou impressa. Todas e todos receber\u00e3o a procura\u00e7\u00e3o via correios, juntamente com os demais documentos pertinentes \u00e0 AGO. Saiba mais!<\/p>\n","protected":false},"author":2,"featured_media":14254,"comment_status":"open","ping_status":"open","sticky":false,"template":"","format":"standard","meta":{"footnotes":""},"categories":[8],"tags":[41,27,25],"featured_image_url":"https:\/\/sinprofaz.org.br\/2024\/wp-content\/uploads\/2022\/02\/1.jpg","character_count":623,"formatted_date":"10\/02\/2022 - 12:59","contentNovo":"Diretoras e Diretores do SINPROFAZ se reuniram na quarta-feira (9). Na ocasi\u00e3o do encontro realizado de modo h\u00edbrido, com parte da Diretoria em Bras\u00edlia\/DF e parte em videoconfer\u00eancia, foram discutidos assuntos pertinentes \u00e0 Carreira, como sobrecarga de trabalho, desvio de fun\u00e7\u00e3o, ass\u00e9dio moral e sa\u00fade mental. A reuni\u00e3o, no entanto, foi convocada especialmente para defini\u00e7\u00e3o da pauta e da procura\u00e7\u00e3o da AGO 2022.\r\n\r\nA Assembleia Geral Ordin\u00e1ria ser\u00e1 realizada no dia 26 de mar\u00e7o. Para participar, filiadas e filiados poder\u00e3o utilizar procura\u00e7\u00e3o eletr\u00f4nica ou impressa. Todas e todos receber\u00e3o a procura\u00e7\u00e3o via correios, juntamente com os demais documentos pertinentes \u00e0 AGO. Mais informa\u00e7\u00f5es sobre a Assembleia ser\u00e3o disponibilizadas no <em>site<\/em> do SINPROFAZ ao longo dos pr\u00f3ximos dias.\r\n\r\n[gallery link=\"file\" ids=\"14255,14256,14252,14253,14249,14250,14251\"]","_links":{"self":[{"href":"https:\/\/sinprofaz.org.br\/2024\/wp-json\/wp\/v2\/posts\/14248"}],"collection":[{"href":"https:\/\/sinprofaz.org.br\/2024\/wp-json\/wp\/v2\/posts"}],"about":[{"href":"https:\/\/sinprofaz.org.br\/2024\/wp-json\/wp\/v2\/types\/post"}],"author":[{"embeddable":true,"href":"https:\/\/sinprofaz.org.br\/2024\/wp-json\/wp\/v2\/users\/2"}],"replies":[{"embeddable":true,"href":"https:\/\/sinprofaz.org.br\/2024\/wp-json\/wp\/v2\/comments?post=14248"}],"version-history":[{"count":5,"href":"https:\/\/sinprofaz.org.br\/2024\/wp-json\/wp\/v2\/posts\/14248\/revisions"}],"predecessor-version":[{"id":14264,"href":"https:\/\/sinprofaz.org.br\/2024\/wp-json\/wp\/v2\/posts\/14248\/revisions\/14264"}],"wp:featuredmedia":[{"embeddable":true,"href":"https:\/\/sinprofaz.org.br\/2024\/wp-json\/wp\/v2\/media\/14254"}],"wp:attachment":[{"href":"https:\/\/sinprofaz.org.br\/2024\/wp-json\/wp\/v2\/media?parent=14248"}],"wp:term":[{"taxonomy":"category","embeddable":true,"href":"https:\/\/sinprofaz.org.br\/2024\/wp-json\/wp\/v2\/categories?post=14248"},{"taxonomy":"post_tag","embeddable":true,"href":"https:\/\/sinprofaz.org.br\/2024\/wp-json\/wp\/v2\/tags?post=14248"}],"curies":[{"name":"wp","href":"https:\/\/api.w.org\/{rel}","templated":true}]}}