{"id":14222,"date":"2022-01-27T08:26:41","date_gmt":"2022-01-27T11:26:41","guid":{"rendered":"http:\/\/www.sinprofaz.org.br\/?p=14222"},"modified":"2022-01-31T09:18:19","modified_gmt":"2022-01-31T12:18:19","slug":"sinprofaz-contribui-com-sugestoes-para-provimento-da-oab-que-trata-da-advocacia-publica","status":"publish","type":"post","link":"https:\/\/sinprofaz.org.br\/2024\/noticias\/sinprofaz-contribui-com-sugestoes-para-provimento-da-oab-que-trata-da-advocacia-publica\/","title":{"rendered":"SINPROFAZ CONTRIBUI COM SUGEST\u00d5ES PARA PROVIMENTO DA OAB QUE TRATA DA ADVOCACIA P\u00daBLICA"},"content":{"rendered":"<p>O SINPROFAZ participou, na quarta-feira (26), de sess\u00e3o virtual da Comiss\u00e3o Nacional de Advocacia P\u00fablica do Conselho Federal da OAB. Na ocasi\u00e3o, o Sindicato foi representado pelos diretores Roberto Rodrigues, membro titular da Comiss\u00e3o, e Ricardo Queiroz, convidado para o debate a respeito do Provimento n\u00ba 114\/2006 do CFOAB. O referido Provimento diz respeito \u00e0 Advocacia P\u00fablica nas tr\u00eas esferas da federa\u00e7\u00e3o.<\/p>\n<p>A reuni\u00e3o contou com a presen\u00e7a de integrantes tanto da Comiss\u00e3o, quanto das entidades representativas de advogadas e advogados p\u00fablicos. Ao longo do encontro, foram feitas diversas propostas para altera\u00e7\u00e3o do Provimento. Em defesa da Carreira, os dirigentes do SINPROFAZ deram sugest\u00f5es e contribu\u00edram para a reda\u00e7\u00e3o definitiva do texto. Conclu\u00eddos os debates, a Comiss\u00e3o encaminhar\u00e1 a minuta para an\u00e1lise do Conselho Pleno do CFOAB.<\/p>\n<p><strong>Reconhecimento<\/strong><br \/>\nA sess\u00e3o virtual marcou o fim da atual gest\u00e3o da Comiss\u00e3o. Nesta oportunidade, o SINPROFAZ parabeniza o diretor Roberto Rodrigues de Oliveira pelo prof\u00edcuo trabalho realizado enquanto membro da Comiss\u00e3o Nacional de Advocacia P\u00fablica. Nos quase cinco anos em que integrou a Comiss\u00e3o, Roberto Rodrigues atuou com m\u00e1ximo empenho na defesa das prerrogativas dos advogados p\u00fablicos, com especial aten\u00e7\u00e3o \u00e0s demandas dos PFNs. Ao dedicado e probo Colega, os sinceros agradecimentos do Sindicato!<\/p>\n\n\t\t<style type=\"text\/css\">\n\t\t\t#gallery-1 {\n\t\t\t\tmargin: auto;\n\t\t\t}\n\t\t\t#gallery-1 .gallery-item {\n\t\t\t\tfloat: left;\n\t\t\t\tmargin-top: 10px;\n\t\t\t\ttext-align: center;\n\t\t\t\twidth: 33%;\n\t\t\t}\n\t\t\t#gallery-1 img {\n\t\t\t\tborder: 2px solid #cfcfcf;\n\t\t\t}\n\t\t\t#gallery-1 .gallery-caption {\n\t\t\t\tmargin-left: 0;\n\t\t\t}\n\t\t\t\/* see gallery_shortcode() in wp-includes\/media.php *\/\n\t\t<\/style>\n\t\t<div id='gallery-1' class='gallery galleryid-14222 gallery-columns-3 gallery-size-thumbnail'><dl class='gallery-item'>\n\t\t\t<dt class='gallery-icon landscape'>\n\t\t\t\t<a href='https:\/\/sinprofaz.org.br\/2024\/wp-content\/uploads\/2022\/01\/CNAP-OAB-2.jpg'><img loading=\"lazy\" decoding=\"async\" width=\"150\" height=\"150\" src=\"https:\/\/sinprofaz.org.br\/2024\/wp-content\/uploads\/2022\/01\/CNAP-OAB-2-150x150.jpg\" class=\"attachment-thumbnail size-thumbnail\" alt=\"\" \/><\/a>\n\t\t\t<\/dt><\/dl>\n\t\t\t<br style='clear: both' \/>\n\t\t<\/div>\n\n","protected":false},"excerpt":{"rendered":"<p>Em defesa da Carreira, os dirigentes sindicais contribu\u00edram para a reda\u00e7\u00e3o definitiva do texto. Conclu\u00eddos os debates, a Comiss\u00e3o Nacional de Advocacia P\u00fablica encaminhar\u00e1 a minuta para an\u00e1lise do Conselho Pleno do CFOAB. Saiba mais!<\/p>\n","protected":false},"author":2,"featured_media":14223,"comment_status":"open","ping_status":"open","sticky":false,"template":"","format":"standard","meta":{"footnotes":""},"categories":[8],"tags":[34,22,25],"featured_image_url":"https:\/\/sinprofaz.org.br\/2024\/wp-content\/uploads\/2022\/01\/CNAP-OAB-1.jpg","character_count":874,"formatted_date":"27\/01\/2022 - 08:26","contentNovo":"O SINPROFAZ participou, na quarta-feira (26), de sess\u00e3o virtual da Comiss\u00e3o Nacional de Advocacia P\u00fablica do Conselho Federal da OAB. Na ocasi\u00e3o, o Sindicato foi representado pelos diretores Roberto Rodrigues, membro titular da Comiss\u00e3o, e Ricardo Queiroz, convidado para o debate a respeito do Provimento n\u00ba 114\/2006 do CFOAB. O referido Provimento diz respeito \u00e0 Advocacia P\u00fablica nas tr\u00eas esferas da federa\u00e7\u00e3o.\r\n\r\nA reuni\u00e3o contou com a presen\u00e7a de integrantes tanto da Comiss\u00e3o, quanto das entidades representativas de advogadas e advogados p\u00fablicos. Ao longo do encontro, foram feitas diversas propostas para altera\u00e7\u00e3o do Provimento. Em defesa da Carreira, os dirigentes do SINPROFAZ deram sugest\u00f5es e contribu\u00edram para a reda\u00e7\u00e3o definitiva do texto. Conclu\u00eddos os debates, a Comiss\u00e3o encaminhar\u00e1 a minuta para an\u00e1lise do Conselho Pleno do CFOAB.\r\n\r\n<strong>Reconhecimento<\/strong>\r\nA sess\u00e3o virtual marcou o fim da atual gest\u00e3o da Comiss\u00e3o. Nesta oportunidade, o SINPROFAZ parabeniza o diretor Roberto Rodrigues de Oliveira pelo prof\u00edcuo trabalho realizado enquanto membro da Comiss\u00e3o Nacional de Advocacia P\u00fablica. Nos quase cinco anos em que integrou a Comiss\u00e3o, Roberto Rodrigues atuou com m\u00e1ximo empenho na defesa das prerrogativas dos advogados p\u00fablicos, com especial aten\u00e7\u00e3o \u00e0s demandas dos PFNs. Ao dedicado e probo Colega, os sinceros agradecimentos do Sindicato!\r\n\r\n[gallery link=\"file\" ids=\"14224\"]","_links":{"self":[{"href":"https:\/\/sinprofaz.org.br\/2024\/wp-json\/wp\/v2\/posts\/14222"}],"collection":[{"href":"https:\/\/sinprofaz.org.br\/2024\/wp-json\/wp\/v2\/posts"}],"about":[{"href":"https:\/\/sinprofaz.org.br\/2024\/wp-json\/wp\/v2\/types\/post"}],"author":[{"embeddable":true,"href":"https:\/\/sinprofaz.org.br\/2024\/wp-json\/wp\/v2\/users\/2"}],"replies":[{"embeddable":true,"href":"https:\/\/sinprofaz.org.br\/2024\/wp-json\/wp\/v2\/comments?post=14222"}],"version-history":[{"count":2,"href":"https:\/\/sinprofaz.org.br\/2024\/wp-json\/wp\/v2\/posts\/14222\/revisions"}],"predecessor-version":[{"id":14232,"href":"https:\/\/sinprofaz.org.br\/2024\/wp-json\/wp\/v2\/posts\/14222\/revisions\/14232"}],"wp:featuredmedia":[{"embeddable":true,"href":"https:\/\/sinprofaz.org.br\/2024\/wp-json\/wp\/v2\/media\/14223"}],"wp:attachment":[{"href":"https:\/\/sinprofaz.org.br\/2024\/wp-json\/wp\/v2\/media?parent=14222"}],"wp:term":[{"taxonomy":"category","embeddable":true,"href":"https:\/\/sinprofaz.org.br\/2024\/wp-json\/wp\/v2\/categories?post=14222"},{"taxonomy":"post_tag","embeddable":true,"href":"https:\/\/sinprofaz.org.br\/2024\/wp-json\/wp\/v2\/tags?post=14222"}],"curies":[{"name":"wp","href":"https:\/\/api.w.org\/{rel}","templated":true}]}}