{"id":14217,"date":"2022-01-26T08:22:34","date_gmt":"2022-01-26T11:22:34","guid":{"rendered":"http:\/\/www.sinprofaz.org.br\/?p=14217"},"modified":"2022-01-27T08:42:34","modified_gmt":"2022-01-27T11:42:34","slug":"direitos-de-filiadas-e-filiados-pautam-reuniao-juridica-em-brasilia-df","status":"publish","type":"post","link":"https:\/\/sinprofaz.org.br\/2024\/noticias\/direitos-de-filiadas-e-filiados-pautam-reuniao-juridica-em-brasilia-df\/","title":{"rendered":"DIREITOS DE FILIADAS E FILIADOS PAUTAM REUNI\u00c3O JUR\u00cdDICA EM BRAS\u00cdLIA\/DF"},"content":{"rendered":"<p>O SINPROFAZ, representado pelo diretor jur\u00eddico, Giuliano Menezes Campos, e pelo diretor S\u00e9rgio Luis de Souza Carneiro, esteve reunido na ter\u00e7a-feira (25) com Hugo Mendes Plutarco. O advogado, respons\u00e1vel pela maioria das a\u00e7\u00f5es judiciais do Sindicato, recebeu os dirigentes associativos em seu escrit\u00f3rio, em Bras\u00edlia\/DF.<\/p>\n<p>Os direitos de filiadas e filiados pautaram as discuss\u00f5es. Ao longo da reuni\u00e3o, foram rememoradas as vit\u00f3rias recentemente conquistadas e os avan\u00e7os obtidos em prol da Carreira. Dirigentes e advogado reafirmaram o compromisso de permanecerem atuando conjuntamente em benef\u00edcio das procuradoras e dos procuradores da Fazenda Nacional associados ao Sindicato.<\/p>\n\n\t\t<style type=\"text\/css\">\n\t\t\t#gallery-1 {\n\t\t\t\tmargin: auto;\n\t\t\t}\n\t\t\t#gallery-1 .gallery-item {\n\t\t\t\tfloat: left;\n\t\t\t\tmargin-top: 10px;\n\t\t\t\ttext-align: center;\n\t\t\t\twidth: 33%;\n\t\t\t}\n\t\t\t#gallery-1 img {\n\t\t\t\tborder: 2px solid #cfcfcf;\n\t\t\t}\n\t\t\t#gallery-1 .gallery-caption {\n\t\t\t\tmargin-left: 0;\n\t\t\t}\n\t\t\t\/* see gallery_shortcode() in wp-includes\/media.php *\/\n\t\t<\/style>\n\t\t<div id='gallery-1' class='gallery galleryid-14217 gallery-columns-3 gallery-size-thumbnail'><dl class='gallery-item'>\n\t\t\t<dt class='gallery-icon landscape'>\n\t\t\t\t<a href='https:\/\/sinprofaz.org.br\/2024\/wp-content\/uploads\/2022\/01\/Jur\u00eddico-2.jpg'><img loading=\"lazy\" decoding=\"async\" width=\"150\" height=\"150\" src=\"https:\/\/sinprofaz.org.br\/2024\/wp-content\/uploads\/2022\/01\/Jur\u00eddico-2-150x150.jpg\" class=\"attachment-thumbnail size-thumbnail\" alt=\"\" \/><\/a>\n\t\t\t<\/dt><\/dl>\n\t\t\t<br style='clear: both' \/>\n\t\t<\/div>\n\n","protected":false},"excerpt":{"rendered":"<p>O SINPROFAZ, representado pelo diretor jur\u00eddico, Giuliano Menezes Campos, e pelo diretor S\u00e9rgio Luis de Souza Carneiro, esteve reunido com Hugo Mendes Plutarco. O advogado, respons\u00e1vel pela maioria das a\u00e7\u00f5es judiciais do Sindicato, recebeu os dirigentes em seu escrit\u00f3rio.<\/p>\n","protected":false},"author":2,"featured_media":14218,"comment_status":"open","ping_status":"open","sticky":false,"template":"","format":"standard","meta":{"footnotes":""},"categories":[8],"tags":[32,26,25],"featured_image_url":"https:\/\/sinprofaz.org.br\/2024\/wp-content\/uploads\/2022\/01\/Jur\u00eddico-1.jpg","character_count":525,"formatted_date":"26\/01\/2022 - 08:22","contentNovo":"O SINPROFAZ, representado pelo diretor jur\u00eddico, Giuliano Menezes Campos, e pelo diretor S\u00e9rgio Luis de Souza Carneiro, esteve reunido na ter\u00e7a-feira (25) com Hugo Mendes Plutarco. O advogado, respons\u00e1vel pela maioria das a\u00e7\u00f5es judiciais do Sindicato, recebeu os dirigentes associativos em seu escrit\u00f3rio, em Bras\u00edlia\/DF.\r\n\r\nOs direitos de filiadas e filiados pautaram as discuss\u00f5es. Ao longo da reuni\u00e3o, foram rememoradas as vit\u00f3rias recentemente conquistadas e os avan\u00e7os obtidos em prol da Carreira. Dirigentes e advogado reafirmaram o compromisso de permanecerem atuando conjuntamente em benef\u00edcio das procuradoras e dos procuradores da Fazenda Nacional associados ao Sindicato.\r\n\r\n[gallery link=\"file\" ids=\"14219\"]","_links":{"self":[{"href":"https:\/\/sinprofaz.org.br\/2024\/wp-json\/wp\/v2\/posts\/14217"}],"collection":[{"href":"https:\/\/sinprofaz.org.br\/2024\/wp-json\/wp\/v2\/posts"}],"about":[{"href":"https:\/\/sinprofaz.org.br\/2024\/wp-json\/wp\/v2\/types\/post"}],"author":[{"embeddable":true,"href":"https:\/\/sinprofaz.org.br\/2024\/wp-json\/wp\/v2\/users\/2"}],"replies":[{"embeddable":true,"href":"https:\/\/sinprofaz.org.br\/2024\/wp-json\/wp\/v2\/comments?post=14217"}],"version-history":[{"count":2,"href":"https:\/\/sinprofaz.org.br\/2024\/wp-json\/wp\/v2\/posts\/14217\/revisions"}],"predecessor-version":[{"id":14226,"href":"https:\/\/sinprofaz.org.br\/2024\/wp-json\/wp\/v2\/posts\/14217\/revisions\/14226"}],"wp:featuredmedia":[{"embeddable":true,"href":"https:\/\/sinprofaz.org.br\/2024\/wp-json\/wp\/v2\/media\/14218"}],"wp:attachment":[{"href":"https:\/\/sinprofaz.org.br\/2024\/wp-json\/wp\/v2\/media?parent=14217"}],"wp:term":[{"taxonomy":"category","embeddable":true,"href":"https:\/\/sinprofaz.org.br\/2024\/wp-json\/wp\/v2\/categories?post=14217"},{"taxonomy":"post_tag","embeddable":true,"href":"https:\/\/sinprofaz.org.br\/2024\/wp-json\/wp\/v2\/tags?post=14217"}],"curies":[{"name":"wp","href":"https:\/\/api.w.org\/{rel}","templated":true}]}}