{"id":14209,"date":"2022-01-20T08:22:55","date_gmt":"2022-01-20T11:22:55","guid":{"rendered":"http:\/\/www.sinprofaz.org.br\/?p=14209"},"modified":"2022-01-20T08:22:55","modified_gmt":"2022-01-20T11:22:55","slug":"sinprofaz-sugere-mudancas-em-provimento-da-oab-que-trata-da-advocacia-publica","status":"publish","type":"post","link":"https:\/\/sinprofaz.org.br\/2024\/noticias\/sinprofaz-sugere-mudancas-em-provimento-da-oab-que-trata-da-advocacia-publica\/","title":{"rendered":"SINPROFAZ SUGERE MUDAN\u00c7AS EM PROVIMENTO DA OAB QUE TRATA DA ADVOCACIA P\u00daBLICA"},"content":{"rendered":"<p>O SINPROFAZ, representado pelos diretores Ricardo Queiroz e Roberto Rodrigues, o qual \u00e9 membro titular da Comiss\u00e3o Nacional de Advocacia P\u00fablica do Conselho Federal da OAB, participou na quarta-feira (19) do encontro virtual de um Grupo de Trabalho. O referido GT, presidido pela procuradora municipal Taisa Cintra Dosso, tem por motiva\u00e7\u00e3o a an\u00e1lise de poss\u00edveis altera\u00e7\u00f5es no <a href=\"https:\/\/www.oab.org.br\/leisnormas\/legislacao\/provimentos\/114-2006\">Provimento n\u00ba 114\/2006<\/a> do CFOAB, que disp\u00f5e sobre a Advocacia P\u00fablica.<\/p>\n<p>Durante a reuni\u00e3o, os presentes &#8211; representantes de entidades da Advocacia P\u00fablica nacional e membros do CFOAB &#8211; fizeram propostas relacionadas ao fortalecimento das prerrogativas dos advogados p\u00fablicos. Entre as sugest\u00f5es do SINPROFAZ, estiveram a previs\u00e3o do fim da puni\u00e7\u00e3o disciplinar decorrente de desempenho em tarefas meramente administrativas e a impossibilidade de avalia\u00e7\u00e3o de desempenho individual, ou de tratamento distinto pelo \u00f3rg\u00e3o de Advocacia P\u00fablica ou chefia, em fun\u00e7\u00e3o de \u00eaxito em demandas judiciais.<\/p>\n<p>Entidades e membros do CFOAB ainda debateram possibilidades como a uniformiza\u00e7\u00e3o de nomenclaturas no \u00e2mbito do Provimento, a padroniza\u00e7\u00e3o de regras de fiscaliza\u00e7\u00e3o de concursos e a previs\u00e3o de prova oral para os futuros Membros da Advocacia P\u00fablica. A minuta de texto e as considera\u00e7\u00f5es levantadas ao longo da reuni\u00e3o ser\u00e3o levadas para debate junto \u00e0 Diretoria do SINPROFAZ e \u00e0 Comiss\u00e3o Nacional de Advocacia P\u00fablica para aperfei\u00e7oamento e posterior defini\u00e7\u00e3o da proposta final de Provimento.<\/p>\n\n\t\t<style type=\"text\/css\">\n\t\t\t#gallery-1 {\n\t\t\t\tmargin: auto;\n\t\t\t}\n\t\t\t#gallery-1 .gallery-item {\n\t\t\t\tfloat: left;\n\t\t\t\tmargin-top: 10px;\n\t\t\t\ttext-align: center;\n\t\t\t\twidth: 33%;\n\t\t\t}\n\t\t\t#gallery-1 img {\n\t\t\t\tborder: 2px solid #cfcfcf;\n\t\t\t}\n\t\t\t#gallery-1 .gallery-caption {\n\t\t\t\tmargin-left: 0;\n\t\t\t}\n\t\t\t\/* see gallery_shortcode() in wp-includes\/media.php *\/\n\t\t<\/style>\n\t\t<div id='gallery-1' class='gallery galleryid-14209 gallery-columns-3 gallery-size-thumbnail'><dl class='gallery-item'>\n\t\t\t<dt class='gallery-icon landscape'>\n\t\t\t\t<a href='https:\/\/sinprofaz.org.br\/2024\/wp-content\/uploads\/2022\/01\/GT2.jpg'><img loading=\"lazy\" decoding=\"async\" width=\"150\" height=\"150\" src=\"https:\/\/sinprofaz.org.br\/2024\/wp-content\/uploads\/2022\/01\/GT2-150x150.jpg\" class=\"attachment-thumbnail size-thumbnail\" alt=\"\" \/><\/a>\n\t\t\t<\/dt><\/dl>\n\t\t\t<br style='clear: both' \/>\n\t\t<\/div>\n\n","protected":false},"excerpt":{"rendered":"<p>Os diretores Ricardo Queiroz e Roberto Rodrigues participaram de encontro virtual do Grupo de Trabalho cuja motiva\u00e7\u00e3o \u00e9 a an\u00e1lise de poss\u00edveis altera\u00e7\u00f5es no Provimento n\u00ba 114\/2006 do CFOAB, que disp\u00f5e sobre a Advocacia P\u00fablica.<\/p>\n","protected":false},"author":2,"featured_media":14210,"comment_status":"open","ping_status":"open","sticky":false,"template":"","format":"standard","meta":{"footnotes":""},"categories":[8],"tags":[34,22,25],"featured_image_url":"https:\/\/sinprofaz.org.br\/2024\/wp-content\/uploads\/2022\/01\/GT1.jpg","character_count":939,"formatted_date":"20\/01\/2022 - 08:22","contentNovo":"O SINPROFAZ, representado pelos diretores Ricardo Queiroz e Roberto Rodrigues, o qual \u00e9 membro titular da Comiss\u00e3o Nacional de Advocacia P\u00fablica do Conselho Federal da OAB, participou na quarta-feira (19) do encontro virtual de um Grupo de Trabalho. O referido GT, presidido pela procuradora municipal Taisa Cintra Dosso, tem por motiva\u00e7\u00e3o a an\u00e1lise de poss\u00edveis altera\u00e7\u00f5es no <a href=\"https:\/\/www.oab.org.br\/leisnormas\/legislacao\/provimentos\/114-2006\">Provimento n\u00ba 114\/2006<\/a> do CFOAB, que disp\u00f5e sobre a Advocacia P\u00fablica.\r\n\r\nDurante a reuni\u00e3o, os presentes - representantes de entidades da Advocacia P\u00fablica nacional e membros do CFOAB - fizeram propostas relacionadas ao fortalecimento das prerrogativas dos advogados p\u00fablicos. Entre as sugest\u00f5es do SINPROFAZ, estiveram a previs\u00e3o do fim da puni\u00e7\u00e3o disciplinar decorrente de desempenho em tarefas meramente administrativas e a impossibilidade de avalia\u00e7\u00e3o de desempenho individual, ou de tratamento distinto pelo \u00f3rg\u00e3o de Advocacia P\u00fablica ou chefia, em fun\u00e7\u00e3o de \u00eaxito em demandas judiciais.\r\n\r\nEntidades e membros do CFOAB ainda debateram possibilidades como a uniformiza\u00e7\u00e3o de nomenclaturas no \u00e2mbito do Provimento, a padroniza\u00e7\u00e3o de regras de fiscaliza\u00e7\u00e3o de concursos e a previs\u00e3o de prova oral para os futuros Membros da Advocacia P\u00fablica. A minuta de texto e as considera\u00e7\u00f5es levantadas ao longo da reuni\u00e3o ser\u00e3o levadas para debate junto \u00e0 Diretoria do SINPROFAZ e \u00e0 Comiss\u00e3o Nacional de Advocacia P\u00fablica para aperfei\u00e7oamento e posterior defini\u00e7\u00e3o da proposta final de Provimento.\r\n\r\n[gallery link=\"file\" ids=\"14211\"]","_links":{"self":[{"href":"https:\/\/sinprofaz.org.br\/2024\/wp-json\/wp\/v2\/posts\/14209"}],"collection":[{"href":"https:\/\/sinprofaz.org.br\/2024\/wp-json\/wp\/v2\/posts"}],"about":[{"href":"https:\/\/sinprofaz.org.br\/2024\/wp-json\/wp\/v2\/types\/post"}],"author":[{"embeddable":true,"href":"https:\/\/sinprofaz.org.br\/2024\/wp-json\/wp\/v2\/users\/2"}],"replies":[{"embeddable":true,"href":"https:\/\/sinprofaz.org.br\/2024\/wp-json\/wp\/v2\/comments?post=14209"}],"version-history":[{"count":1,"href":"https:\/\/sinprofaz.org.br\/2024\/wp-json\/wp\/v2\/posts\/14209\/revisions"}],"predecessor-version":[{"id":14212,"href":"https:\/\/sinprofaz.org.br\/2024\/wp-json\/wp\/v2\/posts\/14209\/revisions\/14212"}],"wp:featuredmedia":[{"embeddable":true,"href":"https:\/\/sinprofaz.org.br\/2024\/wp-json\/wp\/v2\/media\/14210"}],"wp:attachment":[{"href":"https:\/\/sinprofaz.org.br\/2024\/wp-json\/wp\/v2\/media?parent=14209"}],"wp:term":[{"taxonomy":"category","embeddable":true,"href":"https:\/\/sinprofaz.org.br\/2024\/wp-json\/wp\/v2\/categories?post=14209"},{"taxonomy":"post_tag","embeddable":true,"href":"https:\/\/sinprofaz.org.br\/2024\/wp-json\/wp\/v2\/tags?post=14209"}],"curies":[{"name":"wp","href":"https:\/\/api.w.org\/{rel}","templated":true}]}}