{"id":1418,"date":"2013-08-14T20:51:51","date_gmt":"2013-08-14T20:51:51","guid":{"rendered":""},"modified":"-0001-11-30T00:00:00","modified_gmt":"-0001-11-30T03:00:00","slug":"3-de-setembro-liderancas-da-advocacia-publica-formalizam-convite-a-parlamentares","status":"publish","type":"post","link":"https:\/\/sinprofaz.org.br\/2024\/noticias\/3-de-setembro-liderancas-da-advocacia-publica-formalizam-convite-a-parlamentares\/","title":{"rendered":"3 de setembro: Lideran\u00e7as da Advocacia P\u00fablica formalizam convite a parlamentares"},"content":{"rendered":"<p>Na visita \u00e0 C\u00e2mara e ao Senado, os dirigentes sindicais e associativos formalizaram convite a deputados e senadores para que apoiem a pauta do Movimento Nacional pela Advocacia P\u00fablica, cujo lan\u00e7amento oficial ocorrer\u00e1 no dia 3 de setembro, a partir das 13h, no Audit\u00f3rio Petr\u00f4nio Portela do Senado Federal.<\/p>\n<p>Na oportunidade, foram refor\u00e7ados os convites aos deputados F\u00e1bio Trad (PMDB\/MS), presidente da Frente Parlamentar Mista em Defesa da Advocacia P\u00fablica, Paulo Rubem Santiago (PDT\/PE), Lelo Coimbra (PMDB\/ES), Miro Teixeira (PDT\/RJ) e Jer\u00f4nimo Goergen (PP\/RS).<\/p>\n<p style=\"text-align: center;\"><img loading=\"lazy\" decoding=\"async\" style=\"margin-right: 5px;\" alt=\"\" src=\"images\/stories\/mobilizacao-liderancas-formalizam-convite-parlamentares\/004.jpg\" height=\"113\" width=\"150\" \/><img loading=\"lazy\" decoding=\"async\" style=\"margin-right: 5px;\" alt=\"\" src=\"images\/stories\/mobilizacao-liderancas-formalizam-convite-parlamentares\/010.jpg\" height=\"113\" width=\"150\" \/><img loading=\"lazy\" decoding=\"async\" style=\"margin-right: 5px;\" alt=\"\" src=\"images\/stories\/mobilizacao-liderancas-formalizam-convite-parlamentares\/035.jpg\" height=\"113\" width=\"150\" \/><img loading=\"lazy\" decoding=\"async\" alt=\"\" src=\"images\/stories\/mobilizacao-liderancas-formalizam-convite-parlamentares\/038.jpg\" height=\"113\" width=\"150\" \/><\/p>\n<p>O Movimento Nacional pela Advocacia P\u00fablica \u00e9 integrado pelas seguintes entidades: Anajur, Anape, Anauni, Anpaf, Anpm, Anpprev, Apbc, Sinprofaz e Unafe. O slogan norteador da campanha, \u201cAutonomia para defender o que \u00e9 do povo brasileiro\u201d, faz alus\u00e3o \u00e0 principal bandeira do movimento, que \u00e9 a aprova\u00e7\u00e3o da PEC 82\/2007.<\/p>\n<p>A proposi\u00e7\u00e3o atribui autonomia funcional e prerrogativas aos membros da Advocacia da Uni\u00e3o, Procuradoria da Fazenda Nacional, Procuradoria-Geral Federal e \u00e0s Procuradorias dos Estados, do Distrito Federal e dos Munic\u00edpios. J\u00e1 aprovada na Comiss\u00e3o de Constitui\u00e7\u00e3o e Justi\u00e7a na C\u00e2mara, aguarda instala\u00e7\u00e3o de comiss\u00e3o especial.<\/p>\n<p>O Movimento est\u00e1 nas redes sociais e precisa do apoio dos PFNs como multiplicadores da pauta comum da Advocacia P\u00fablica.<\/p>\n<p>Para seguir e divulgar o Movimento Nacional pela Advocacia P\u00fablica no twitter, acesse: <a href=\"https:\/\/twitter.com\/movadvpublica\" target=\"_blank\">@movadvpublica<\/a>.<\/p>\n<p>Para curtir a fanpage do Movimento no facebook, clique: <a href=\"http:\/\/www.facebook.com\/movimentoadvocaciapublica\" target=\"_blank\">www.facebook.com\/movimentoadvocaciapublica<\/a><\/p>\n","protected":false},"excerpt":{"rendered":"<p>O presidente do SINPROFAZ, Her\u00e1clio Camargo, e outros representantes da Advocacia P\u00fablica compareceram ao Congresso nesta quarta (14) para divulga\u00e7\u00e3o do Movimento Nacional pela Advocacia P\u00fablica.<\/p>\n","protected":false},"author":1,"featured_media":0,"comment_status":"closed","ping_status":"open","sticky":false,"template":"","format":"standard","meta":{"footnotes":""},"categories":[8],"tags":[],"featured_image_url":"https:\/\/dummyimage.com\/720x400","character_count":788,"formatted_date":"14\/08\/2013 - 20:51","contentNovo":"\r\n<p>Na visita \u00e0 C\u00e2mara e ao Senado, os dirigentes sindicais e associativos formalizaram convite a deputados e senadores para que apoiem a pauta do Movimento Nacional pela Advocacia P\u00fablica, cujo lan\u00e7amento oficial ocorrer\u00e1 no dia 3 de setembro, a partir das 13h, no Audit\u00f3rio Petr\u00f4nio Portela do Senado Federal.<\/p>\r\n<p>Na oportunidade, foram refor\u00e7ados os convites aos deputados F\u00e1bio Trad (PMDB\/MS), presidente da Frente Parlamentar Mista em Defesa da Advocacia P\u00fablica, Paulo Rubem Santiago (PDT\/PE), Lelo Coimbra (PMDB\/ES), Miro Teixeira (PDT\/RJ) e Jer\u00f4nimo Goergen (PP\/RS).<\/p>\r\n<p style=\"text-align: center;\"><\/p>\r\n<p>O Movimento Nacional pela Advocacia P\u00fablica \u00e9 integrado pelas seguintes entidades: Anajur, Anape, Anauni, Anpaf, Anpm, Anpprev, Apbc, Sinprofaz e Unafe. O slogan norteador da campanha, \u201cAutonomia para defender o que \u00e9 do povo brasileiro\u201d, faz alus\u00e3o \u00e0 principal bandeira do movimento, que \u00e9 a aprova\u00e7\u00e3o da PEC 82\/2007.<\/p>\r\n<p>A proposi\u00e7\u00e3o atribui autonomia funcional e prerrogativas aos membros da Advocacia da Uni\u00e3o, Procuradoria da Fazenda Nacional, Procuradoria-Geral Federal e \u00e0s Procuradorias dos Estados, do Distrito Federal e dos Munic\u00edpios. J\u00e1 aprovada na Comiss\u00e3o de Constitui\u00e7\u00e3o e Justi\u00e7a na C\u00e2mara, aguarda instala\u00e7\u00e3o de comiss\u00e3o especial.<\/p>\r\n<p>O Movimento est\u00e1 nas redes sociais e precisa do apoio dos PFNs como multiplicadores da pauta comum da Advocacia P\u00fablica.<\/p>\r\n<p>Para seguir e divulgar o Movimento Nacional pela Advocacia P\u00fablica no twitter, acesse: <a href=\"https:\/\/twitter.com\/movadvpublica\" target=\"_blank\">@movadvpublica<\/a>.<\/p>\r\n<p>Para curtir a fanpage do Movimento no facebook, clique: <a href=\"http:\/\/www.facebook.com\/movimentoadvocaciapublica\" target=\"_blank\">www.facebook.com\/movimentoadvocaciapublica<\/a><\/p>","_links":{"self":[{"href":"https:\/\/sinprofaz.org.br\/2024\/wp-json\/wp\/v2\/posts\/1418"}],"collection":[{"href":"https:\/\/sinprofaz.org.br\/2024\/wp-json\/wp\/v2\/posts"}],"about":[{"href":"https:\/\/sinprofaz.org.br\/2024\/wp-json\/wp\/v2\/types\/post"}],"author":[{"embeddable":true,"href":"https:\/\/sinprofaz.org.br\/2024\/wp-json\/wp\/v2\/users\/1"}],"replies":[{"embeddable":true,"href":"https:\/\/sinprofaz.org.br\/2024\/wp-json\/wp\/v2\/comments?post=1418"}],"version-history":[{"count":0,"href":"https:\/\/sinprofaz.org.br\/2024\/wp-json\/wp\/v2\/posts\/1418\/revisions"}],"wp:attachment":[{"href":"https:\/\/sinprofaz.org.br\/2024\/wp-json\/wp\/v2\/media?parent=1418"}],"wp:term":[{"taxonomy":"category","embeddable":true,"href":"https:\/\/sinprofaz.org.br\/2024\/wp-json\/wp\/v2\/categories?post=1418"},{"taxonomy":"post_tag","embeddable":true,"href":"https:\/\/sinprofaz.org.br\/2024\/wp-json\/wp\/v2\/tags?post=1418"}],"curies":[{"name":"wp","href":"https:\/\/api.w.org\/{rel}","templated":true}]}}