{"id":1415,"date":"2013-08-12T18:48:09","date_gmt":"2013-08-12T18:48:09","guid":{"rendered":""},"modified":"-0001-11-30T00:00:00","modified_gmt":"-0001-11-30T03:00:00","slug":"combate-a-sonegacao-plc-272013-ja-tem-relator-no-senado","status":"publish","type":"post","link":"https:\/\/sinprofaz.org.br\/2024\/noticias\/combate-a-sonegacao-plc-272013-ja-tem-relator-no-senado\/","title":{"rendered":"Combate \u00e0 sonega\u00e7\u00e3o: PLC 27\/2013 j\u00e1 tem relator no Senado"},"content":{"rendered":"<p>O PLC27\/2013,do deputado Paulo Rubem Santiago (PDT\/PE), determina que os pedidos de inscri\u00e7\u00e3o, de suspens\u00e3o e de baixa da pessoa jur\u00eddica domiciliada no exterior no Cadastro Nacional de Pessoas Jur\u00eddicas \u2013 CNPJ, bem como de altera\u00e7\u00e3o de dados cadastrais e do quadro societ\u00e1rio sejam formalizados mediante a apresenta\u00e7\u00e3o da Ficha Cadastral da Pessoa Jur\u00eddica &#8211; FCPJ e do Quadro de S\u00f3cios e Administradores &#8211; QSA.<\/p>\n<p>A proposi\u00e7\u00e3o obriga ainda a atualiza\u00e7\u00e3o das altera\u00e7\u00f5es societ\u00e1rias da pessoa jur\u00eddica domiciliada no exterior at\u00e9 30 dias ap\u00f3s a altera\u00e7\u00e3o, sob pena de tornar inapta sua inscri\u00e7\u00e3o no CNPJ. Estabelece o prazo de 180 dias para que as pessoas jur\u00eddicas domiciliadas no exterior que j\u00e1 possuam inscri\u00e7\u00e3o no CNPJ promovam sua atualiza\u00e7\u00e3o conforme os dados acima descritos.<\/p>\n<p>Ap\u00f3s a vota\u00e7\u00e3o na CRE, o projeto seguir\u00e1 para an\u00e1lise, em car\u00e1ter terminativo, da Comiss\u00e3o de Assuntos Econ\u00f4micos (CAE).<\/p>\n","protected":false},"excerpt":{"rendered":"<p>O presidente da Comiss\u00e3o de Rela\u00e7\u00f5es Exteriores e Defesa Nacional (CRE) designou o senador Francisco Dornelles (PP\/RJ) para relatar projeto que combate a sonega\u00e7\u00e3o e os para\u00edsos fiscais.<\/p>\n","protected":false},"author":1,"featured_media":0,"comment_status":"closed","ping_status":"open","sticky":false,"template":"","format":"standard","meta":{"footnotes":""},"categories":[8],"tags":[],"featured_image_url":"https:\/\/dummyimage.com\/720x400","character_count":478,"formatted_date":"12\/08\/2013 - 18:48","contentNovo":"\r\n<p>O PLC27\/2013,do deputado Paulo Rubem Santiago (PDT\/PE), determina que os pedidos de inscri\u00e7\u00e3o, de suspens\u00e3o e de baixa da pessoa jur\u00eddica domiciliada no exterior no Cadastro Nacional de Pessoas Jur\u00eddicas \u2013 CNPJ, bem como de altera\u00e7\u00e3o de dados cadastrais e do quadro societ\u00e1rio sejam formalizados mediante a apresenta\u00e7\u00e3o da Ficha Cadastral da Pessoa Jur\u00eddica - FCPJ e do Quadro de S\u00f3cios e Administradores - QSA.<\/p>\r\n<p>A proposi\u00e7\u00e3o obriga ainda a atualiza\u00e7\u00e3o das altera\u00e7\u00f5es societ\u00e1rias da pessoa jur\u00eddica domiciliada no exterior at\u00e9 30 dias ap\u00f3s a altera\u00e7\u00e3o, sob pena de tornar inapta sua inscri\u00e7\u00e3o no CNPJ. Estabelece o prazo de 180 dias para que as pessoas jur\u00eddicas domiciliadas no exterior que j\u00e1 possuam inscri\u00e7\u00e3o no CNPJ promovam sua atualiza\u00e7\u00e3o conforme os dados acima descritos.<\/p>\r\n<p>Ap\u00f3s a vota\u00e7\u00e3o na CRE, o projeto seguir\u00e1 para an\u00e1lise, em car\u00e1ter terminativo, da Comiss\u00e3o de Assuntos Econ\u00f4micos (CAE).<\/p>","_links":{"self":[{"href":"https:\/\/sinprofaz.org.br\/2024\/wp-json\/wp\/v2\/posts\/1415"}],"collection":[{"href":"https:\/\/sinprofaz.org.br\/2024\/wp-json\/wp\/v2\/posts"}],"about":[{"href":"https:\/\/sinprofaz.org.br\/2024\/wp-json\/wp\/v2\/types\/post"}],"author":[{"embeddable":true,"href":"https:\/\/sinprofaz.org.br\/2024\/wp-json\/wp\/v2\/users\/1"}],"replies":[{"embeddable":true,"href":"https:\/\/sinprofaz.org.br\/2024\/wp-json\/wp\/v2\/comments?post=1415"}],"version-history":[{"count":0,"href":"https:\/\/sinprofaz.org.br\/2024\/wp-json\/wp\/v2\/posts\/1415\/revisions"}],"wp:attachment":[{"href":"https:\/\/sinprofaz.org.br\/2024\/wp-json\/wp\/v2\/media?parent=1415"}],"wp:term":[{"taxonomy":"category","embeddable":true,"href":"https:\/\/sinprofaz.org.br\/2024\/wp-json\/wp\/v2\/categories?post=1415"},{"taxonomy":"post_tag","embeddable":true,"href":"https:\/\/sinprofaz.org.br\/2024\/wp-json\/wp\/v2\/tags?post=1415"}],"curies":[{"name":"wp","href":"https:\/\/api.w.org\/{rel}","templated":true}]}}